{"id":25851,"date":"2023-02-13T20:46:02","date_gmt":"2023-02-13T18:46:02","guid":{"rendered":"https:\/\/www.charteranddreams.com\/prepare-for-summer-2023\/"},"modified":"2024-04-26T18:04:33","modified_gmt":"2024-04-26T16:04:33","slug":"preparate-para-el-verano-2023","status":"publish","type":"post","link":"https:\/\/www.charteranddreams.com\/es\/news-and-inspiration\/preparate-para-el-verano-2023\/","title":{"rendered":"Prep\u00e1rate para el Verano\u00a02023"},"content":{"rendered":"\t\t<div data-elementor-type=\"wp-post\" data-elementor-id=\"25851\" class=\"elementor elementor-25851 elementor-6846\" data-elementor-post-type=\"post\">\n\t\t\t\t<div class=\"elementor-element elementor-element-7837aee e-con-full e-flex e-con e-parent\" data-id=\"7837aee\" data-element_type=\"container\">\n\t\t\t\t<div class=\"elementor-element elementor-element-6a02a2d elementor-widget elementor-widget-heading\" data-id=\"6a02a2d\" data-element_type=\"widget\" data-widget_type=\"heading.default\">\n\t\t\t\t\t<p class=\"elementor-heading-title elementor-size-default\">Estamos listos para ofrecerte el mejor de los servicios en las Baleares con yates de primera calidad en la temporada de 2023. Nuestros charters te llevar\u00e1n a los mejores lugares, mientras viajas rodeado de lujo sin igual. \u00a1No esperes m\u00e1s y ponte en contacto con nosotros!<\/p>\t\t\t\t<\/div>\n\t\t<div class=\"elementor-element elementor-element-5c3aa25 e-flex e-con-boxed e-con e-child\" data-id=\"5c3aa25\" data-element_type=\"container\">\n\t\t\t\t\t<div class=\"e-con-inner\">\n\t\t\t\t<div class=\"elementor-element elementor-element-6409e9a elementor-widget elementor-widget-heading\" data-id=\"6409e9a\" data-element_type=\"widget\" data-widget_type=\"heading.default\">\n\t\t\t\t\t<h2 class=\"elementor-heading-title elementor-size-default\">Ibiza te est\u00e1 llamando<\/h2>\t\t\t\t<\/div>\n\t\t\t\t<div class=\"elementor-element elementor-element-1a1ebe4 elementor-widget elementor-widget-text-editor\" data-id=\"1a1ebe4\" data-element_type=\"widget\" data-widget_type=\"text-editor.default\">\n\t\t\t\t\t\t\t\t\t<p>Ven\u00a0con tu familia o amigos a Ibiza, y p\u00e1satelo en grande a bordo de uno de nuestros exclusivos yates. Alquilar un yate es una excelente manera de conocer esta incre\u00edble isla con sus aguas cristalinas y playas de arena blanca, sus hermosas puestas de sol y su maravillosa vida nocturna. \u00a1Tendr\u00e1s acceso a lugares secretos a los que s\u00f3lo se puede llegar en yate!<\/p>\t\t\t\t\t\t\t\t<\/div>\n\t\t\t\t<div class=\"elementor-element elementor-element-942f35d elementor-widget elementor-widget-image\" data-id=\"942f35d\" data-element_type=\"widget\" data-widget_type=\"image.default\">\n\t\t\t\t\t\t\t\t\t\t\t\t\t\t\t<img decoding=\"async\" width=\"800\" height=\"533\" src=\"https:\/\/www.charteranddreams.com\/wp-content\/uploads\/2023\/02\/ibizaibiza.jpg\" class=\"attachment-large size-large wp-image-6853\" alt=\"\" srcset=\"https:\/\/www.charteranddreams.com\/wp-content\/uploads\/2023\/02\/ibizaibiza.jpg 900w, https:\/\/www.charteranddreams.com\/wp-content\/uploads\/2023\/02\/ibizaibiza-768x512.jpg 768w\" sizes=\"(max-width: 800px) 100vw, 800px\" \/>\t\t\t\t\t\t\t\t\t\t\t\t\t\t\t<\/div>\n\t\t\t\t\t<\/div>\n\t\t\t\t<\/div>\n\t\t<div class=\"elementor-element elementor-element-c03cf94 e-flex e-con-boxed e-con e-child\" data-id=\"c03cf94\" data-element_type=\"container\">\n\t\t\t\t\t<div class=\"e-con-inner\">\n\t\t\t\t<div class=\"elementor-element elementor-element-7d0ec78 elementor-widget elementor-widget-heading\" data-id=\"7d0ec78\" data-element_type=\"widget\" data-widget_type=\"heading.default\">\n\t\t\t\t\t<h2 class=\"elementor-heading-title elementor-size-default\">Enam\u00f3rate de Mallorca <\/h2>\t\t\t\t<\/div>\n\t\t\t\t<div class=\"elementor-element elementor-element-26e4333 elementor-widget elementor-widget-text-editor\" data-id=\"26e4333\" data-element_type=\"widget\" data-widget_type=\"text-editor.default\">\n\t\t\t\t\t\t\t\t\t<p>No hay forma m\u00e1s exclusiva de descubrir la isla que con nuestros lujosos yates de alquiler. Mallorca es una isla de contrastes donde encontrar\u00e1s paz y tranquilidad con algunas de las playas m\u00e1s bellas, imponentes acantilados de monta\u00f1a, pueblos pesqueros tradicionales y ciudades hist\u00f3ricas, as\u00ed como fabulosos restaurantes y una vida nocturna deslumbrante.<\/p>\t\t\t\t\t\t\t\t<\/div>\n\t\t\t\t<div class=\"elementor-element elementor-element-45006c3 elementor-widget elementor-widget-image\" data-id=\"45006c3\" data-element_type=\"widget\" data-widget_type=\"image.default\">\n\t\t\t\t\t\t\t\t\t\t\t\t\t\t\t<img decoding=\"async\" width=\"800\" height=\"533\" src=\"https:\/\/www.charteranddreams.com\/wp-content\/uploads\/2023\/02\/playasandratx-mallorca392.jpeg\" class=\"attachment-large size-large wp-image-6856\" alt=\"\" srcset=\"https:\/\/www.charteranddreams.com\/wp-content\/uploads\/2023\/02\/playasandratx-mallorca392.jpeg 900w, https:\/\/www.charteranddreams.com\/wp-content\/uploads\/2023\/02\/playasandratx-mallorca392-768x512.jpeg 768w\" sizes=\"(max-width: 800px) 100vw, 800px\" \/>\t\t\t\t\t\t\t\t\t\t\t\t\t\t\t<\/div>\n\t\t\t\t\t<\/div>\n\t\t\t\t<\/div>\n\t\t<div class=\"elementor-element elementor-element-6e5890f e-flex e-con-boxed e-con e-child\" data-id=\"6e5890f\" data-element_type=\"container\">\n\t\t\t\t\t<div class=\"e-con-inner\">\n\t\t\t\t<div class=\"elementor-element elementor-element-07508c9 elementor-widget elementor-widget-heading\" data-id=\"07508c9\" data-element_type=\"widget\" data-widget_type=\"heading.default\">\n\t\t\t\t\t<h2 class=\"elementor-heading-title elementor-size-default\">Explora Menorca desde el mar<\/h2>\t\t\t\t<\/div>\n\t\t\t\t<div class=\"elementor-element elementor-element-da260d6 elementor-widget elementor-widget-text-editor\" data-id=\"da260d6\" data-element_type=\"widget\" data-widget_type=\"text-editor.default\">\n\t\t\t\t\t\t\t\t\t<p>Menorca esconde calas tan rec\u00f3nditas que la mejor manera de llegar a ellas es llegar por mar. Las\u00a0playas del sur de Menorca\u00a0se caracterizan por su\u00a0arena blanca y fina, sus\u00a0aguas turquesas\u00a0y por estar rodeadas de pinares mediterr\u00e1neos. Descubre calas incre\u00edbles como las playas de Cala Turqueta, Cala Macarella, Cala Mitjana y\u00a0Cala Trebaluger\u00a0entre otras.<\/p>\t\t\t\t\t\t\t\t<\/div>\n\t\t\t\t<div class=\"elementor-element elementor-element-c5642a3 elementor-widget elementor-widget-image\" data-id=\"c5642a3\" data-element_type=\"widget\" data-widget_type=\"image.default\">\n\t\t\t\t\t\t\t\t\t\t\t\t\t\t\t<img decoding=\"async\" width=\"800\" height=\"533\" src=\"https:\/\/www.charteranddreams.com\/wp-content\/uploads\/2023\/02\/trabucaireyate.jpg\" class=\"attachment-large size-large wp-image-6859\" alt=\"\" srcset=\"https:\/\/www.charteranddreams.com\/wp-content\/uploads\/2023\/02\/trabucaireyate.jpg 900w, https:\/\/www.charteranddreams.com\/wp-content\/uploads\/2023\/02\/trabucaireyate-768x512.jpg 768w\" sizes=\"(max-width: 800px) 100vw, 800px\" \/>\t\t\t\t\t\t\t\t\t\t\t\t\t\t\t<\/div>\n\t\t\t\t\t<\/div>\n\t\t\t\t<\/div>\n\t\t\t\t<\/div>\n\t\t\t\t<\/div>\n\t\t","protected":false},"excerpt":{"rendered":"<p>Las islas de Ibiza, Mallorca y Menorca constituyen un destino de vacaciones de ensue\u00f1o para cualquiera que busque lo mejor de las Baleares. \u00a1Alquila un yate y prep\u00e1rate para una semana inolvidable!<\/p>\n","protected":false},"author":2,"featured_media":6850,"comment_status":"closed","ping_status":"open","sticky":false,"template":"","format":"standard","meta":{"_acf_changed":false,"_joinchat":[],"footnotes":""},"categories":[20],"tags":[],"class_list":["post-25851","post","type-post","status-publish","format-standard","has-post-thumbnail","hentry","category-news-and-inspiration"],"acf":[],"_links":{"self":[{"href":"https:\/\/www.charteranddreams.com\/es\/wp-json\/wp\/v2\/posts\/25851","targetHints":{"allow":["GET"]}}],"collection":[{"href":"https:\/\/www.charteranddreams.com\/es\/wp-json\/wp\/v2\/posts"}],"about":[{"href":"https:\/\/www.charteranddreams.com\/es\/wp-json\/wp\/v2\/types\/post"}],"author":[{"embeddable":true,"href":"https:\/\/www.charteranddreams.com\/es\/wp-json\/wp\/v2\/users\/2"}],"replies":[{"embeddable":true,"href":"https:\/\/www.charteranddreams.com\/es\/wp-json\/wp\/v2\/comments?post=25851"}],"version-history":[{"count":5,"href":"https:\/\/www.charteranddreams.com\/es\/wp-json\/wp\/v2\/posts\/25851\/revisions"}],"predecessor-version":[{"id":27584,"href":"https:\/\/www.charteranddreams.com\/es\/wp-json\/wp\/v2\/posts\/25851\/revisions\/27584"}],"wp:featuredmedia":[{"embeddable":true,"href":"https:\/\/www.charteranddreams.com\/es\/wp-json\/wp\/v2\/media\/6850"}],"wp:attachment":[{"href":"https:\/\/www.charteranddreams.com\/es\/wp-json\/wp\/v2\/media?parent=25851"}],"wp:term":[{"taxonomy":"category","embeddable":true,"href":"https:\/\/www.charteranddreams.com\/es\/wp-json\/wp\/v2\/categories?post=25851"},{"taxonomy":"post_tag","embeddable":true,"href":"https:\/\/www.charteranddreams.com\/es\/wp-json\/wp\/v2\/tags?post=25851"}],"curies":[{"name":"wp","href":"https:\/\/api.w.org\/{rel}","templated":true}]}}