{"id":25847,"date":"2023-02-20T20:38:41","date_gmt":"2023-02-20T18:38:41","guid":{"rendered":"https:\/\/www.charteranddreams.com\/hidden-ibiza-7-secret-spots-to-visit-on-a-luxury-yacht\/"},"modified":"2024-06-14T12:34:19","modified_gmt":"2024-06-14T10:34:19","slug":"hidden-ibiza-7-secret-spots-to-visit-on-a-luxury-yacht","status":"publish","type":"post","link":"https:\/\/www.charteranddreams.com\/es\/news-and-inspiration\/hidden-ibiza-7-secret-spots-to-visit-on-a-luxury-yacht\/","title":{"rendered":"7 lugares secretos de Ibiza para visitar en yate"},"content":{"rendered":"\t\t<div data-elementor-type=\"wp-post\" data-elementor-id=\"25847\" class=\"elementor elementor-25847 elementor-6820\" data-elementor-post-type=\"post\">\n\t\t\t\t<div class=\"elementor-element elementor-element-7837aee e-con-full e-flex e-con e-parent\" data-id=\"7837aee\" data-element_type=\"container\">\n\t\t\t\t<div class=\"elementor-element elementor-element-6a02a2d elementor-widget elementor-widget-heading\" data-id=\"6a02a2d\" data-element_type=\"widget\" data-widget_type=\"heading.default\">\n\t\t\t\t\t<p class=\"elementor-heading-title elementor-size-default\">Ibiza es un verdadero para\u00edso con aguas turquesas, playas impresionantes, una vibrante vida nocturna y una cultura cautivadora. Es el destino ideal para alquilar un yate. Hoy te desvelamos los lugares menos conocidos de la isla y que no te puedes perder. Ponte en contacto con nosotros y te planificaremos las mejores vacaciones que te puedes imaginar a bordo de un yate de lujo, catamar\u00e1n o velero.<\/p>\t\t\t\t<\/div>\n\t\t<div class=\"elementor-element elementor-element-5c3aa25 e-flex e-con-boxed e-con e-child\" data-id=\"5c3aa25\" data-element_type=\"container\">\n\t\t\t\t\t<div class=\"e-con-inner\">\n\t\t\t\t<div class=\"elementor-element elementor-element-6409e9a elementor-widget elementor-widget-heading\" data-id=\"6409e9a\" data-element_type=\"widget\" data-widget_type=\"heading.default\">\n\t\t\t\t\t<h2 class=\"elementor-heading-title elementor-size-default\">Cala d'Albarca, escondida entre impresionantes acantilados<\/h2>\t\t\t\t<\/div>\n\t\t\t\t<div class=\"elementor-element elementor-element-1a1ebe4 elementor-widget elementor-widget-text-editor\" data-id=\"1a1ebe4\" data-element_type=\"widget\" data-widget_type=\"text-editor.default\">\n\t\t\t\t\t\t\t\t\tCala d&#8217;Albarca es una pintoresca bah\u00eda situada en el norte virgen de la isla. En sus aguas turquesas abundan las oportunidades para practicar snorkel, mientras que el puente de roca natural de la bah\u00eda, enormemente fotog\u00e9nico, ofrece un punto ideal desde el que contemplarlo todo.\t\t\t\t\t\t\t\t<\/div>\n\t\t\t\t<div class=\"elementor-element elementor-element-942f35d elementor-widget elementor-widget-image\" data-id=\"942f35d\" data-element_type=\"widget\" data-widget_type=\"image.default\">\n\t\t\t\t\t\t\t\t\t\t\t\t\t\t\t<img decoding=\"async\" width=\"800\" height=\"533\" src=\"https:\/\/www.charteranddreams.com\/wp-content\/uploads\/2023\/02\/aubarca.jpg\" class=\"attachment-large size-large wp-image-6827\" alt=\"\" srcset=\"https:\/\/www.charteranddreams.com\/wp-content\/uploads\/2023\/02\/aubarca.jpg 900w, https:\/\/www.charteranddreams.com\/wp-content\/uploads\/2023\/02\/aubarca-768x512.jpg 768w\" sizes=\"(max-width: 800px) 100vw, 800px\" \/>\t\t\t\t\t\t\t\t\t\t\t\t\t\t\t<\/div>\n\t\t\t\t\t<\/div>\n\t\t\t\t<\/div>\n\t\t<div class=\"elementor-element elementor-element-c03cf94 e-flex e-con-boxed e-con e-child\" data-id=\"c03cf94\" data-element_type=\"container\">\n\t\t\t\t\t<div class=\"e-con-inner\">\n\t\t\t\t<div class=\"elementor-element elementor-element-7d0ec78 elementor-widget elementor-widget-heading\" data-id=\"7d0ec78\" data-element_type=\"widget\" data-widget_type=\"heading.default\">\n\t\t\t\t\t<h2 class=\"elementor-heading-title elementor-size-default\">Experimental Beach Club, una utop\u00eda secreta<\/h2>\t\t\t\t<\/div>\n\t\t\t\t<div class=\"elementor-element elementor-element-26e4333 elementor-widget elementor-widget-text-editor\" data-id=\"26e4333\" data-element_type=\"widget\" data-widget_type=\"text-editor.default\">\n\t\t\t\t\t\t\t\t\tSituado en la parte trasera de la playa de Salinas de Ibiza, Experimental Beach Ibiza es el lugar donde hay que estar en verano. Es donde las vistas, las bebidas, la m\u00fasica y la comida convergen en el punto y la hora perfectos. Con un ambiente boho-chic y un entorno relajado, este club de playa atrae tanto a la jet set hedonista como a los locales.\t\t\t\t\t\t\t\t<\/div>\n\t\t\t\t<div class=\"elementor-element elementor-element-45006c3 elementor-widget elementor-widget-image\" data-id=\"45006c3\" data-element_type=\"widget\" data-widget_type=\"image.default\">\n\t\t\t\t\t\t\t\t\t\t\t\t\t\t\t<img decoding=\"async\" width=\"800\" height=\"533\" src=\"https:\/\/www.charteranddreams.com\/wp-content\/uploads\/2023\/02\/experimental.jpeg\" class=\"attachment-large size-large wp-image-6830\" alt=\"\" srcset=\"https:\/\/www.charteranddreams.com\/wp-content\/uploads\/2023\/02\/experimental.jpeg 900w, https:\/\/www.charteranddreams.com\/wp-content\/uploads\/2023\/02\/experimental-768x512.jpeg 768w\" sizes=\"(max-width: 800px) 100vw, 800px\" \/>\t\t\t\t\t\t\t\t\t\t\t\t\t\t\t<\/div>\n\t\t\t\t\t<\/div>\n\t\t\t\t<\/div>\n\t\t<div class=\"elementor-element elementor-element-6e5890f e-flex e-con-boxed e-con e-child\" data-id=\"6e5890f\" data-element_type=\"container\">\n\t\t\t\t\t<div class=\"e-con-inner\">\n\t\t\t\t<div class=\"elementor-element elementor-element-07508c9 elementor-widget elementor-widget-heading\" data-id=\"07508c9\" data-element_type=\"widget\" data-widget_type=\"heading.default\">\n\t\t\t\t\t<h2 class=\"elementor-heading-title elementor-size-default\">Cala Xarraca, una visita imprescindible<\/h2>\t\t\t\t<\/div>\n\t\t\t\t<div class=\"elementor-element elementor-element-da260d6 elementor-widget elementor-widget-text-editor\" data-id=\"da260d6\" data-element_type=\"widget\" data-widget_type=\"text-editor.default\">\n\t\t\t\t\t\t\t\t\tSituada en el norte de Ibiza, la pintoresca Cala Xarraca es una de las calas m\u00e1s aisladas de Ibiza, con aguas cristalinas, incre\u00edbles calas y una peque\u00f1a playa; te sentir\u00e1s como si hubieras tropezado con tu propia parcela privada de Ibiza.\t\t\t\t\t\t\t\t<\/div>\n\t\t\t\t<div class=\"elementor-element elementor-element-c5642a3 elementor-widget elementor-widget-image\" data-id=\"c5642a3\" data-element_type=\"widget\" data-widget_type=\"image.default\">\n\t\t\t\t\t\t\t\t\t\t\t\t\t\t\t<img decoding=\"async\" width=\"800\" height=\"600\" src=\"https:\/\/www.charteranddreams.com\/wp-content\/uploads\/2023\/02\/es-vedra-9-scaled-1.jpg\" class=\"attachment-large size-large wp-image-6824\" alt=\"\" srcset=\"https:\/\/www.charteranddreams.com\/wp-content\/uploads\/2023\/02\/es-vedra-9-scaled-1.jpg 1024w, https:\/\/www.charteranddreams.com\/wp-content\/uploads\/2023\/02\/es-vedra-9-scaled-1-992x744.jpg 992w, https:\/\/www.charteranddreams.com\/wp-content\/uploads\/2023\/02\/es-vedra-9-scaled-1-768x576.jpg 768w\" sizes=\"(max-width: 800px) 100vw, 800px\" \/>\t\t\t\t\t\t\t\t\t\t\t\t\t\t\t<\/div>\n\t\t\t\t\t<\/div>\n\t\t\t\t<\/div>\n\t\t<div class=\"elementor-element elementor-element-1117fb2 e-flex e-con-boxed e-con e-child\" data-id=\"1117fb2\" data-element_type=\"container\">\n\t\t\t\t\t<div class=\"e-con-inner\">\n\t\t\t\t<div class=\"elementor-element elementor-element-bebe7d4 elementor-widget elementor-widget-heading\" data-id=\"bebe7d4\" data-element_type=\"widget\" data-widget_type=\"heading.default\">\n\t\t\t\t\t<h2 class=\"elementor-heading-title elementor-size-default\">Cala Benirras, espectacular puesta de sol y festival de tambores<\/h2>\t\t\t\t<\/div>\n\t\t\t\t<div class=\"elementor-element elementor-element-eb782c8 elementor-widget elementor-widget-text-editor\" data-id=\"eb782c8\" data-element_type=\"widget\" data-widget_type=\"text-editor.default\">\n\t\t\t\t\t\t\t\t\tNo hay mejor lugar para una velada relajada que Cala Benirras, una peque\u00f1a bah\u00eda al norte de Ibiza. Ver la puesta de sol en Cala Benirras ser\u00e1 acompa\u00f1ado por tamborileros de todo el mundo, que se re\u00fanen en este lugar tan especial para vivir juntos su ritual hippie de hacer m\u00fasica. Te encantar\u00e1.\t\t\t\t\t\t\t\t<\/div>\n\t\t\t\t<div class=\"elementor-element elementor-element-a40c15e elementor-widget elementor-widget-image\" data-id=\"a40c15e\" data-element_type=\"widget\" data-widget_type=\"image.default\">\n\t\t\t\t\t\t\t\t\t\t\t\t\t\t\t<img decoding=\"async\" width=\"800\" height=\"533\" src=\"https:\/\/www.charteranddreams.com\/wp-content\/uploads\/2023\/02\/sunset-in-benirras-beach-ibiza-1.jpeg\" class=\"attachment-large size-large wp-image-6833\" alt=\"\" srcset=\"https:\/\/www.charteranddreams.com\/wp-content\/uploads\/2023\/02\/sunset-in-benirras-beach-ibiza-1.jpeg 900w, https:\/\/www.charteranddreams.com\/wp-content\/uploads\/2023\/02\/sunset-in-benirras-beach-ibiza-1-768x512.jpeg 768w\" sizes=\"(max-width: 800px) 100vw, 800px\" \/>\t\t\t\t\t\t\t\t\t\t\t\t\t\t\t<\/div>\n\t\t\t\t\t<\/div>\n\t\t\t\t<\/div>\n\t\t<div class=\"elementor-element elementor-element-5babab3 e-flex e-con-boxed e-con e-child\" data-id=\"5babab3\" data-element_type=\"container\">\n\t\t\t\t\t<div class=\"e-con-inner\">\n\t\t\t\t<div class=\"elementor-element elementor-element-e460296 elementor-widget elementor-widget-heading\" data-id=\"e460296\" data-element_type=\"widget\" data-widget_type=\"heading.default\">\n\t\t\t\t\t<h2 class=\"elementor-heading-title elementor-size-default\">Port Balansat, el mejor restaurante de pescado y arroces<\/h2>\t\t\t\t<\/div>\n\t\t\t\t<div class=\"elementor-element elementor-element-447ea3f elementor-widget elementor-widget-text-editor\" data-id=\"447ea3f\" data-element_type=\"widget\" data-widget_type=\"text-editor.default\">\n\t\t\t\t\t\t\t\t\t<p>El Restaurante Port Balansat est\u00e1 situado en la playa del Puerto de San Miguel. Abierto desde 1971, este lugar emblem\u00e1tico est\u00e1 considerado como el mejor restaurante de pescado de la isla. La\u00a0terraza del restaurante es perfecta para refugiarse del sol veraniego y disfrutar de un relajado ambiente familiar o de la fresca brisa mediterr\u00e1nea para noches rom\u00e1nticas bajo las estrellas.<\/p>\t\t\t\t\t\t\t\t<\/div>\n\t\t\t\t<div class=\"elementor-element elementor-element-b13d4c2 elementor-widget elementor-widget-image\" data-id=\"b13d4c2\" data-element_type=\"widget\" data-widget_type=\"image.default\">\n\t\t\t\t\t\t\t\t\t\t\t\t\t\t\t<img decoding=\"async\" width=\"800\" height=\"533\" src=\"https:\/\/www.charteranddreams.com\/wp-content\/uploads\/2023\/02\/balansat.jpeg\" class=\"attachment-large size-large wp-image-6836\" alt=\"\" srcset=\"https:\/\/www.charteranddreams.com\/wp-content\/uploads\/2023\/02\/balansat.jpeg 900w, https:\/\/www.charteranddreams.com\/wp-content\/uploads\/2023\/02\/balansat-768x512.jpeg 768w\" sizes=\"(max-width: 800px) 100vw, 800px\" \/>\t\t\t\t\t\t\t\t\t\t\t\t\t\t\t<\/div>\n\t\t\t\t\t<\/div>\n\t\t\t\t<\/div>\n\t\t<div class=\"elementor-element elementor-element-d059ea1 e-flex e-con-boxed e-con e-child\" data-id=\"d059ea1\" data-element_type=\"container\">\n\t\t\t\t\t<div class=\"e-con-inner\">\n\t\t\t\t<div class=\"elementor-element elementor-element-95c7d58 elementor-widget elementor-widget-text-editor\" data-id=\"95c7d58\" data-element_type=\"widget\" data-widget_type=\"text-editor.default\">\n\t\t\t\t\t\t\t\t\t<p>Reconocible por sus paredes todas pintadas de azul, el Blue Bar est\u00e1 situado en un lugar magn\u00edfico, en las dunas de la Playa de Migjorn. Anta\u00f1o, el Blue Bar fue lugar de encuentro de los hippies de la isla y a\u00fan hoy cuenta con un p\u00fablico que busca un ambiente relajado e informal. Recomiendo el Alien Show al atardecer que desde hace a\u00f1os entretiene a adultos y ni\u00f1os.<\/p>\t\t\t\t\t\t\t\t<\/div>\n\t\t\t\t<div class=\"elementor-element elementor-element-64d3b2e elementor-widget elementor-widget-image\" data-id=\"64d3b2e\" data-element_type=\"widget\" data-widget_type=\"image.default\">\n\t\t\t\t\t\t\t\t\t\t\t\t\t\t\t<img decoding=\"async\" width=\"800\" height=\"533\" src=\"https:\/\/www.charteranddreams.com\/wp-content\/uploads\/2023\/02\/blue_bar__6993.jpeg\" class=\"attachment-large size-large wp-image-6839\" alt=\"\" srcset=\"https:\/\/www.charteranddreams.com\/wp-content\/uploads\/2023\/02\/blue_bar__6993.jpeg 900w, https:\/\/www.charteranddreams.com\/wp-content\/uploads\/2023\/02\/blue_bar__6993-768x512.jpeg 768w\" sizes=\"(max-width: 800px) 100vw, 800px\" \/>\t\t\t\t\t\t\t\t\t\t\t\t\t\t\t<\/div>\n\t\t\t\t\t<\/div>\n\t\t\t\t<\/div>\n\t\t<div class=\"elementor-element elementor-element-438272c e-flex e-con-boxed e-con e-child\" data-id=\"438272c\" data-element_type=\"container\">\n\t\t\t\t\t<div class=\"e-con-inner\">\n\t\t\t\t<div class=\"elementor-element elementor-element-a68c73f elementor-widget elementor-widget-heading\" data-id=\"a68c73f\" data-element_type=\"widget\" data-widget_type=\"heading.default\">\n\t\t\t\t\t<h2 class=\"elementor-heading-title elementor-size-default\">Es Cal\u00f3, el para\u00edso en Formentera<\/h2>\t\t\t\t<\/div>\n\t\t\t\t<div class=\"elementor-element elementor-element-7cc9a33 elementor-widget elementor-widget-text-editor\" data-id=\"7cc9a33\" data-element_type=\"widget\" data-widget_type=\"text-editor.default\">\n\t\t\t\t\t\t\t\t\t<p>Este rinc\u00f3n de la isla refleja la esencia \u00fanica de Formentera. Est\u00e1 situado en la costa norte,\u00a0de camino a La Mola. Sus casitas blancas, sus calas para hacer snorkel, sus playas de arena blanca y aguas cristalinas te enganchar\u00e1n desde el primer minuto.<\/p>\t\t\t\t\t\t\t\t<\/div>\n\t\t\t\t<div class=\"elementor-element elementor-element-b010c8d elementor-widget elementor-widget-image\" data-id=\"b010c8d\" data-element_type=\"widget\" data-widget_type=\"image.default\">\n\t\t\t\t\t\t\t\t\t\t\t\t\t\t\t<img decoding=\"async\" width=\"800\" height=\"533\" src=\"https:\/\/www.charteranddreams.com\/wp-content\/uploads\/2023\/02\/med_crop_escalo.jpeg\" class=\"attachment-large size-large wp-image-6842\" alt=\"\" srcset=\"https:\/\/www.charteranddreams.com\/wp-content\/uploads\/2023\/02\/med_crop_escalo.jpeg 900w, https:\/\/www.charteranddreams.com\/wp-content\/uploads\/2023\/02\/med_crop_escalo-768x512.jpeg 768w\" sizes=\"(max-width: 800px) 100vw, 800px\" \/>\t\t\t\t\t\t\t\t\t\t\t\t\t\t\t<\/div>\n\t\t\t\t<div class=\"elementor-element elementor-element-daab37f elementor-widget elementor-widget-text-editor\" data-id=\"daab37f\" data-element_type=\"widget\" data-widget_type=\"text-editor.default\">\n\t\t\t\t\t\t\t\t\t<p>\u00a1Te esperamos!<\/p>\t\t\t\t\t\t\t\t<\/div>\n\t\t\t\t\t<\/div>\n\t\t\t\t<\/div>\n\t\t\t\t<\/div>\n\t\t\t\t<\/div>\n\t\t","protected":false},"excerpt":{"rendered":"<p>Ibiza es el destino ideal para alquilar un yate: un verdadero para\u00edso con aguas turquesas, playas impresionantes, una vibrante vida nocturna y una cultura cautivadora. Hoy te desvelamos los lugares menos conocidos de la isla.<\/p>\n","protected":false},"author":2,"featured_media":6824,"comment_status":"closed","ping_status":"open","sticky":false,"template":"","format":"standard","meta":{"_acf_changed":false,"_joinchat":[],"footnotes":""},"categories":[20],"tags":[],"class_list":["post-25847","post","type-post","status-publish","format-standard","has-post-thumbnail","hentry","category-news-and-inspiration"],"acf":[],"_links":{"self":[{"href":"https:\/\/www.charteranddreams.com\/es\/wp-json\/wp\/v2\/posts\/25847","targetHints":{"allow":["GET"]}}],"collection":[{"href":"https:\/\/www.charteranddreams.com\/es\/wp-json\/wp\/v2\/posts"}],"about":[{"href":"https:\/\/www.charteranddreams.com\/es\/wp-json\/wp\/v2\/types\/post"}],"author":[{"embeddable":true,"href":"https:\/\/www.charteranddreams.com\/es\/wp-json\/wp\/v2\/users\/2"}],"replies":[{"embeddable":true,"href":"https:\/\/www.charteranddreams.com\/es\/wp-json\/wp\/v2\/comments?post=25847"}],"version-history":[{"count":5,"href":"https:\/\/www.charteranddreams.com\/es\/wp-json\/wp\/v2\/posts\/25847\/revisions"}],"predecessor-version":[{"id":27576,"href":"https:\/\/www.charteranddreams.com\/es\/wp-json\/wp\/v2\/posts\/25847\/revisions\/27576"}],"wp:featuredmedia":[{"embeddable":true,"href":"https:\/\/www.charteranddreams.com\/es\/wp-json\/wp\/v2\/media\/6824"}],"wp:attachment":[{"href":"https:\/\/www.charteranddreams.com\/es\/wp-json\/wp\/v2\/media?parent=25847"}],"wp:term":[{"taxonomy":"category","embeddable":true,"href":"https:\/\/www.charteranddreams.com\/es\/wp-json\/wp\/v2\/categories?post=25847"},{"taxonomy":"post_tag","embeddable":true,"href":"https:\/\/www.charteranddreams.com\/es\/wp-json\/wp\/v2\/tags?post=25847"}],"curies":[{"name":"wp","href":"https:\/\/api.w.org\/{rel}","templated":true}]}}