{"id":25824,"date":"2024-01-28T12:11:00","date_gmt":"2024-01-28T10:11:00","guid":{"rendered":"https:\/\/www.charteranddreams.com\/charter-a-yacht-for-the-americas-cup\/"},"modified":"2024-06-14T12:20:02","modified_gmt":"2024-06-14T10:20:02","slug":"charter-a-yacht-for-the-americas-cup","status":"publish","type":"post","link":"https:\/\/www.charteranddreams.com\/es\/news-and-inspiration\/charter-a-yacht-for-the-americas-cup\/","title":{"rendered":"Alquila un Yate para la 2024 America Cup en Barcelona"},"content":{"rendered":"\t\t<div data-elementor-type=\"wp-post\" data-elementor-id=\"25824\" class=\"elementor elementor-25824 elementor-9472\" data-elementor-post-type=\"post\">\n\t\t\t\t<div class=\"elementor-element elementor-element-7837aee e-con-full e-flex e-con e-parent\" data-id=\"7837aee\" data-element_type=\"container\">\n\t\t\t\t<div class=\"elementor-element elementor-element-6a02a2d elementor-widget elementor-widget-heading\" data-id=\"6a02a2d\" data-element_type=\"widget\" data-widget_type=\"heading.default\">\n\t\t\t\t\t<p class=\"elementor-heading-title elementor-size-default\">A\u00fan no es demasiado tarde para encontrar el yate perfecto para presenciar la America Cup en 2024 que tendr\u00e1 lugar en Barcelona. Todav\u00eda tenemos algunos yates disponibles! O bien ya tienen un amarre o \/ y tienen la capacidad para aumentar la capacidad de hasta 30 personas.<\/p>\t\t\t\t<\/div>\n\t\t\t\t<div class=\"elementor-element elementor-element-0f1a0b4 elementor-widget elementor-widget-text-editor\" data-id=\"0f1a0b4\" data-element_type=\"widget\" data-widget_type=\"text-editor.default\">\n\t\t\t\t\t\t\t\t\t\u00a1P\u00f3nte en contacto con nosotros ahora para tener la oportunidad de asistir a este acontecimiento \u00fanico en Barcelona!\t\t\t\t\t\t\t\t<\/div>\n\t\t\t\t<div class=\"elementor-element elementor-element-9e6699e elementor-widget elementor-widget-heading\" data-id=\"9e6699e\" data-element_type=\"widget\" data-widget_type=\"heading.default\">\n\t\t\t\t\t<h2 class=\"elementor-heading-title elementor-size-default\">DOLCE VITA IV |  Astondoa 102 GLX 31m<\/h2>\t\t\t\t<\/div>\n\t\t\t\t<div class=\"elementor-element elementor-element-2a341df elementor-widget elementor-widget-image\" data-id=\"2a341df\" data-element_type=\"widget\" data-widget_type=\"image.default\">\n\t\t\t\t\t\t\t\t\t\t\t\t\t\t\t<img decoding=\"async\" width=\"768\" height=\"575\" src=\"https:\/\/www.charteranddreams.com\/wp-content\/uploads\/2024\/06\/DJI_0238-scaled-1-768x575.jpg\" class=\"attachment-medium_large size-medium_large wp-image-65559\" alt=\"\" srcset=\"https:\/\/www.charteranddreams.com\/wp-content\/uploads\/2024\/06\/DJI_0238-scaled-1-768x575.jpg 768w, https:\/\/www.charteranddreams.com\/wp-content\/uploads\/2024\/06\/DJI_0238-scaled-1-992x743.jpg 992w, https:\/\/www.charteranddreams.com\/wp-content\/uploads\/2024\/06\/DJI_0238-scaled-1-1550x1161.jpg 1550w, https:\/\/www.charteranddreams.com\/wp-content\/uploads\/2024\/06\/DJI_0238-scaled-1-576x431.jpg 576w, https:\/\/www.charteranddreams.com\/wp-content\/uploads\/2024\/06\/DJI_0238-scaled-1-1536x1150.jpg 1536w, https:\/\/www.charteranddreams.com\/wp-content\/uploads\/2024\/06\/DJI_0238-scaled-1-2048x1534.jpg 2048w, https:\/\/www.charteranddreams.com\/wp-content\/uploads\/2024\/06\/DJI_0238-scaled-1-1900x1423.jpg 1900w\" sizes=\"(max-width: 768px) 100vw, 768px\" \/>\t\t\t\t\t\t\t\t\t\t\t\t\t\t\t<\/div>\n\t\t\t\t<div class=\"elementor-element elementor-element-b48677e elementor-widget elementor-widget-text-editor\" data-id=\"b48677e\" data-element_type=\"widget\" data-widget_type=\"text-editor.default\">\n\t\t\t\t\t\t\t\t\t<p>Amarre reservado en Port Vell, Barcelona: 28 SEPT to 28 OCT 2024<br \/>Construido: 2007 Refit: 2021 | Eslora: 31.00 m | Hu\u00e9spedes: 12 noches \/ 12 d\u00edas<br \/>Tripulaci\u00f3n: 5 5 | N\u00famero de camarotes: 5 | 3 Dobles, 2 Twin con literas Pullman<br \/>Tarifas: \u20ac 85.000\/semana + 21% IVA + 35% APA<\/p>\t\t\t\t\t\t\t\t<\/div>\n\t\t\t\t<div class=\"elementor-element elementor-element-07a97ba elementor-widget elementor-widget-heading\" data-id=\"07a97ba\" data-element_type=\"widget\" data-widget_type=\"heading.default\">\n\t\t\t\t\t<h2 class=\"elementor-heading-title elementor-size-default\">B4 | Astondoa 102 GLX 31m<\/h2>\t\t\t\t<\/div>\n\t\t\t\t<div class=\"elementor-element elementor-element-3a27843 elementor-widget elementor-widget-image\" data-id=\"3a27843\" data-element_type=\"widget\" data-widget_type=\"image.default\">\n\t\t\t\t\t\t\t\t\t\t\t\t\t\t\t<img decoding=\"async\" width=\"800\" height=\"533\" src=\"https:\/\/www.charteranddreams.com\/wp-content\/uploads\/2024\/06\/b4.jpg\" class=\"attachment-large size-large wp-image-65562\" alt=\"\" srcset=\"https:\/\/www.charteranddreams.com\/wp-content\/uploads\/2024\/06\/b4.jpg 900w, https:\/\/www.charteranddreams.com\/wp-content\/uploads\/2024\/06\/b4-576x384.jpg 576w, https:\/\/www.charteranddreams.com\/wp-content\/uploads\/2024\/06\/b4-768x512.jpg 768w\" sizes=\"(max-width: 800px) 100vw, 800px\" \/>\t\t\t\t\t\t\t\t\t\t\t\t\t\t\t<\/div>\n\t\t\t\t<div class=\"elementor-element elementor-element-3a0af73 elementor-widget elementor-widget-text-editor\" data-id=\"3a0af73\" data-element_type=\"widget\" data-widget_type=\"text-editor.default\">\n\t\t\t\t\t\t\t\t\t<p>Amarre reservado en Port Vell, Barcelona:\u00a023 SEPT to 28 OCT 2024<br \/>Construido: 2004 Refit: 2022 | Eslora: 31,45 m | Hu\u00e9spedes: 12 noches \/ 12 d\u00edas<br \/>Tripulaci\u00f3n: 5 | N\u00famero de camarotes: 6 (1 x Master, 2 x VIP, 2 x Twin bwith extra Pullman berths, 1 x Auxiliary cabin)<br \/>Tarifas: \u20ac 78.000<span style=\"color: var( --e-global-color-text ); font-size: var(--e-global-typography-text-font-size);\">\/semana<\/span><span style=\"color: var( --e-global-color-text ); font-size: var(--e-global-typography-text-font-size);\">\u00a0<\/span><span style=\"color: var( --e-global-color-text ); font-size: var(--e-global-typography-text-font-size);\">\u00a0+ 21% IVA + 35% APA<\/span><\/p>\t\t\t\t\t\t\t\t<\/div>\n\t\t\t\t<div class=\"elementor-element elementor-element-152892b elementor-widget elementor-widget-heading\" data-id=\"152892b\" data-element_type=\"widget\" data-widget_type=\"heading.default\">\n\t\t\t\t\t<h2 class=\"elementor-heading-title elementor-size-default\"><span style=\"font-family: var( --e-global-typography-6d85f85-font-family ), Sans-serif;font-size: var( --e-global-typography-6d85f85-font-size )\">LA MOROCHA<\/span> |  Ferretti 30m<\/h2>\t\t\t\t<\/div>\n\t\t\t\t<div class=\"elementor-element elementor-element-d0545c7 elementor-widget elementor-widget-image\" data-id=\"d0545c7\" data-element_type=\"widget\" data-widget_type=\"image.default\">\n\t\t\t\t\t\t\t\t\t\t\t\t\t\t\t<img decoding=\"async\" width=\"992\" height=\"660\" src=\"https:\/\/www.charteranddreams.com\/wp-content\/uploads\/2024\/06\/A-1-1-1-992x660.jpg\" class=\"attachment-medium size-medium wp-image-65565\" alt=\"\" srcset=\"https:\/\/www.charteranddreams.com\/wp-content\/uploads\/2024\/06\/A-1-1-1-992x660.jpg 992w, https:\/\/www.charteranddreams.com\/wp-content\/uploads\/2024\/06\/A-1-1-1-1550x1031.jpg 1550w, https:\/\/www.charteranddreams.com\/wp-content\/uploads\/2024\/06\/A-1-1-1-576x383.jpg 576w, https:\/\/www.charteranddreams.com\/wp-content\/uploads\/2024\/06\/A-1-1-1-768x511.jpg 768w, https:\/\/www.charteranddreams.com\/wp-content\/uploads\/2024\/06\/A-1-1-1-1536x1022.jpg 1536w, https:\/\/www.charteranddreams.com\/wp-content\/uploads\/2024\/06\/A-1-1-1-1900x1264.jpg 1900w, https:\/\/www.charteranddreams.com\/wp-content\/uploads\/2024\/06\/A-1-1-1.jpg 2048w\" sizes=\"(max-width: 992px) 100vw, 992px\" \/>\t\t\t\t\t\t\t\t\t\t\t\t\t\t\t<\/div>\n\t\t\t\t<div class=\"elementor-element elementor-element-70db07a elementor-widget elementor-widget-text-editor\" data-id=\"70db07a\" data-element_type=\"widget\" data-widget_type=\"text-editor.default\">\n\t\t\t\t\t\t\t\t\t<p>Amarre permanente en Marina Vela de Barcelona:\u00a01 SEPT al 31 OCT 2024<br \/>Construido: 2024 | Eslora: 30,13 m | Hu\u00e9spedes: 10 noches \/ 12 d\u00edas<br \/>N\u00famero de Tripulantes: 5 | N\u00famero de camarotes: 5 | 3 Dobles, 2 Convertibles<br \/>Tarifas: \u20ac 135.000<span style=\"color: var( --e-global-color-text ); font-size: var(--e-global-typography-text-font-size);\">\/semana<\/span><span style=\"color: var( --e-global-color-text ); font-size: var(--e-global-typography-text-font-size);\">\u00a0<\/span><span style=\"color: var( --e-global-color-text ); font-size: var(--e-global-typography-text-font-size);\">\u00a0+ 21% IVA + 35% APA<\/span><\/p>\t\t\t\t\t\t\t\t<\/div>\n\t\t\t\t<div class=\"elementor-element elementor-element-c26447b elementor-widget elementor-widget-heading\" data-id=\"c26447b\" data-element_type=\"widget\" data-widget_type=\"heading.default\">\n\t\t\t\t\t<h2 class=\"elementor-heading-title elementor-size-default\">SEMAYA | Navetta Custom Made 31m<\/h2>\t\t\t\t<\/div>\n\t\t\t\t<div class=\"elementor-element elementor-element-8483f43 elementor-widget elementor-widget-image\" data-id=\"8483f43\" data-element_type=\"widget\" data-widget_type=\"image.default\">\n\t\t\t\t\t\t\t\t\t\t\t\t\t\t\t<img decoding=\"async\" width=\"768\" height=\"432\" src=\"https:\/\/www.charteranddreams.com\/wp-content\/uploads\/2024\/06\/semaya-117-EDITADO-768x432.jpg\" class=\"attachment-medium_large size-medium_large wp-image-65568\" alt=\"\" srcset=\"https:\/\/www.charteranddreams.com\/wp-content\/uploads\/2024\/06\/semaya-117-EDITADO-768x432.jpg 768w, https:\/\/www.charteranddreams.com\/wp-content\/uploads\/2024\/06\/semaya-117-EDITADO-992x557.jpg 992w, https:\/\/www.charteranddreams.com\/wp-content\/uploads\/2024\/06\/semaya-117-EDITADO-1550x871.jpg 1550w, https:\/\/www.charteranddreams.com\/wp-content\/uploads\/2024\/06\/semaya-117-EDITADO-576x324.jpg 576w, https:\/\/www.charteranddreams.com\/wp-content\/uploads\/2024\/06\/semaya-117-EDITADO-1536x863.jpg 1536w, https:\/\/www.charteranddreams.com\/wp-content\/uploads\/2024\/06\/semaya-117-EDITADO-1900x1068.jpg 1900w, https:\/\/www.charteranddreams.com\/wp-content\/uploads\/2024\/06\/semaya-117-EDITADO.jpg 1920w\" sizes=\"(max-width: 768px) 100vw, 768px\" \/>\t\t\t\t\t\t\t\t\t\t\t\t\t\t\t<\/div>\n\t\t\t\t<div class=\"elementor-element elementor-element-eefc7dc elementor-widget elementor-widget-text-editor\" data-id=\"eefc7dc\" data-element_type=\"widget\" data-widget_type=\"text-editor.default\">\n\t\t\t\t\t\t\t\t\t<p>Amarre reservado en Marina Vela: 1 OCT al 31 OCT 2024<br \/>Construido: 1968 Refit: 2019 | Eslora: 31.00 m | Hu\u00e9spedes: 11 noches \/ 12 d\u00edas<br \/>N\u00famero de tripulantes: 4 | N\u00famero de camarotes: 5 | 4 Dobles , 1 Triple<br \/>Tarifas: \u20ac 54.000<span style=\"color: var( --e-global-color-text ); font-size: var(--e-global-typography-text-font-size);\">\/semana<\/span><span style=\"color: var( --e-global-color-text ); font-size: var(--e-global-typography-text-font-size);\">\u00a0<\/span><span style=\"color: var( --e-global-color-text ); font-size: var(--e-global-typography-text-font-size);\">\u00a0+ 21% IVA + 35% APA<\/span><\/p>\t\t\t\t\t\t\t\t<\/div>\n\t\t\t\t<\/div>\n\t\t\t\t<\/div>\n\t\t","protected":false},"excerpt":{"rendered":"<p>Barcelona, 22 Agosto &#8211; 20 Octubre 2024<\/p>\n","protected":false},"author":2,"featured_media":9476,"comment_status":"closed","ping_status":"open","sticky":false,"template":"","format":"standard","meta":{"_acf_changed":false,"_joinchat":[],"footnotes":""},"categories":[20],"tags":[],"class_list":["post-25824","post","type-post","status-publish","format-standard","has-post-thumbnail","hentry","category-news-and-inspiration"],"acf":[],"_links":{"self":[{"href":"https:\/\/www.charteranddreams.com\/es\/wp-json\/wp\/v2\/posts\/25824","targetHints":{"allow":["GET"]}}],"collection":[{"href":"https:\/\/www.charteranddreams.com\/es\/wp-json\/wp\/v2\/posts"}],"about":[{"href":"https:\/\/www.charteranddreams.com\/es\/wp-json\/wp\/v2\/types\/post"}],"author":[{"embeddable":true,"href":"https:\/\/www.charteranddreams.com\/es\/wp-json\/wp\/v2\/users\/2"}],"replies":[{"embeddable":true,"href":"https:\/\/www.charteranddreams.com\/es\/wp-json\/wp\/v2\/comments?post=25824"}],"version-history":[{"count":47,"href":"https:\/\/www.charteranddreams.com\/es\/wp-json\/wp\/v2\/posts\/25824\/revisions"}],"predecessor-version":[{"id":65582,"href":"https:\/\/www.charteranddreams.com\/es\/wp-json\/wp\/v2\/posts\/25824\/revisions\/65582"}],"wp:featuredmedia":[{"embeddable":true,"href":"https:\/\/www.charteranddreams.com\/es\/wp-json\/wp\/v2\/media\/9476"}],"wp:attachment":[{"href":"https:\/\/www.charteranddreams.com\/es\/wp-json\/wp\/v2\/media?parent=25824"}],"wp:term":[{"taxonomy":"category","embeddable":true,"href":"https:\/\/www.charteranddreams.com\/es\/wp-json\/wp\/v2\/categories?post=25824"},{"taxonomy":"post_tag","embeddable":true,"href":"https:\/\/www.charteranddreams.com\/es\/wp-json\/wp\/v2\/tags?post=25824"}],"curies":[{"name":"wp","href":"https:\/\/api.w.org\/{rel}","templated":true}]}}