{"id":106734,"date":"2025-06-06T11:01:22","date_gmt":"2025-06-06T09:01:22","guid":{"rendered":"https:\/\/www.charteranddreams.com\/news-and-inspiration\/capri-and-the-amalfi-coast-by-luxury-yacht\/"},"modified":"2025-12-24T09:23:47","modified_gmt":"2025-12-24T07:23:47","slug":"capri-and-the-amalfi-coast-by-luxury-yacht","status":"publish","type":"post","link":"https:\/\/www.charteranddreams.com\/es\/news-and-inspiration\/capri-and-the-amalfi-coast-by-luxury-yacht\/","title":{"rendered":"Capri y la Costa Amalfitana en yate de lujo"},"content":{"rendered":"\t\t<div data-elementor-type=\"wp-post\" data-elementor-id=\"106734\" class=\"elementor elementor-106734 elementor-106707\" data-elementor-post-type=\"post\">\n\t\t\t\t<div class=\"elementor-element elementor-element-1640239 e-flex e-con-boxed e-con e-parent\" data-id=\"1640239\" data-element_type=\"container\">\n\t\t\t\t\t<div class=\"e-con-inner\">\n\t\t\t\t<div class=\"elementor-element elementor-element-50e898f elementor-widget elementor-widget-text-editor\" data-id=\"50e898f\" data-element_type=\"widget\" data-widget_type=\"text-editor.default\">\n\t\t\t\t\t\t\t\t\t<h2>Descubre Capri y la Costa Amalfitana en yate de lujo: la esencia de la <em>dolce vita<\/em><\/h2><p>Hay experiencias que hay que vivir, como m\u00ednimo, una vez en la vida. <strong>Alquilar un yate de lujo<\/strong> la <strong>Costa Amalfitana<\/strong> y <strong>Capri<\/strong> es, sin duda, una de ellas. Este ic\u00f3nico tramo del sur de <a href=\"https:\/\/www.charteranddreams.com\/es\/alquiler-de-yates-en-italia\/\">Italia<\/a> \u2014reconocido por la UNESCO como Patrimonio de la Humanidad\u2014 ofrece una combinaci\u00f3n perfecta de impresionantes <strong>acantilados<\/strong>, <strong>calas<\/strong> secretas, cultura milenaria y deliciosa <strong>gastronom\u00eda<\/strong> italiana. Para quienes buscan <strong>alquilar un yate con privacidad<\/strong> en un entorno excepcional, este es un destino imprescindible para vivir un verano inolvidable.<\/p>\t\t\t\t\t\t\t\t<\/div>\n\t\t\t\t\t<\/div>\n\t\t\t\t<\/div>\n\t\t<div class=\"elementor-element elementor-element-185844e e-flex e-con-boxed e-con e-parent\" data-id=\"185844e\" data-element_type=\"container\">\n\t\t\t\t\t<div class=\"e-con-inner\">\n\t\t<div class=\"elementor-element elementor-element-e4955e3 e-con-full e-flex e-con e-child\" data-id=\"e4955e3\" data-element_type=\"container\">\n\t\t\t\t<div class=\"elementor-element elementor-element-f261a74 elementor-widget elementor-widget-text-editor\" data-id=\"f261a74\" data-element_type=\"widget\" data-widget_type=\"text-editor.default\">\n\t\t\t\t\t\t\t\t\t<h3>El refugio predilecto de viajeros legendarios<\/h3><p>La reputaci\u00f3n de Capri como destino exclusivo se remonta a m\u00e1s de dos mil a\u00f1os. El emperador <strong>Augusto<\/strong> fue el primero en rendirse a su encanto, y su sucesor, <strong>Tiberio<\/strong>, mand\u00f3 construir nada menos que 12 villas en la isla. En los a\u00f1os 50 y 60, Capri se convirti\u00f3 en capital europea del glamour: <strong>Brigitte Bardot<\/strong>, <strong>Sophia Loren<\/strong> y <strong>Jackie Kennedy<\/strong> fueron visitantes habituales.<\/p><p>Hoy, sigue atrayendo a iconos como <strong>David Gandy<\/strong> y <strong>Zendaya<\/strong>, quien protagoniz\u00f3 aqu\u00ed una campa\u00f1a de Dolce &amp; Gabbana.<\/p><p>En 2024, Capri volvi\u00f3 a situarse en el centro del mundo de la moda gracias al <strong>espectacular desfile de Jacquemus<\/strong> junto a los farallones, un momento que reafirm\u00f3 su estatus como s\u00edmbolo del lujo mediterr\u00e1neo.<\/p>\t\t\t\t\t\t\t\t<\/div>\n\t\t\t\t<\/div>\n\t\t<div class=\"elementor-element elementor-element-26f001b e-con-full e-flex e-con e-child\" data-id=\"26f001b\" data-element_type=\"container\">\n\t\t\t\t<div class=\"elementor-element elementor-element-a1da029 elementor-widget elementor-widget-image\" data-id=\"a1da029\" data-element_type=\"widget\" data-widget_type=\"image.default\">\n\t\t\t\t\t\t\t\t\t\t\t\t\t\t\t<img decoding=\"async\" width=\"800\" height=\"552\" src=\"https:\/\/www.charteranddreams.com\/wp-content\/uploads\/2025\/06\/Capri-history-gardens.jpg\" class=\"attachment-large size-large wp-image-106729\" alt=\"\" srcset=\"https:\/\/www.charteranddreams.com\/wp-content\/uploads\/2025\/06\/Capri-history-gardens.jpg 1200w, https:\/\/www.charteranddreams.com\/wp-content\/uploads\/2025\/06\/Capri-history-gardens-992x684.jpg 992w, https:\/\/www.charteranddreams.com\/wp-content\/uploads\/2025\/06\/Capri-history-gardens-576x397.jpg 576w, https:\/\/www.charteranddreams.com\/wp-content\/uploads\/2025\/06\/Capri-history-gardens-768x530.jpg 768w\" sizes=\"(max-width: 800px) 100vw, 800px\" \/>\t\t\t\t\t\t\t\t\t\t\t\t\t\t\t<\/div>\n\t\t\t\t<\/div>\n\t\t\t\t\t<\/div>\n\t\t\t\t<\/div>\n\t\t<div class=\"elementor-element elementor-element-a70ec7d e-flex e-con-boxed e-con e-parent\" data-id=\"a70ec7d\" data-element_type=\"container\">\n\t\t\t\t\t<div class=\"e-con-inner\">\n\t\t<div class=\"elementor-element elementor-element-03c9fdc e-con-full e-flex e-con e-child\" data-id=\"03c9fdc\" data-element_type=\"container\">\n\t\t\t\t<div class=\"elementor-element elementor-element-a0c3194 elementor-widget elementor-widget-image\" data-id=\"a0c3194\" data-element_type=\"widget\" data-widget_type=\"image.default\">\n\t\t\t\t\t\t\t\t\t\t\t\t\t\t\t<img decoding=\"async\" width=\"800\" height=\"552\" src=\"https:\/\/www.charteranddreams.com\/wp-content\/uploads\/2025\/06\/Amalfi-coast-restaurant.jpg\" class=\"attachment-large size-large wp-image-106726\" alt=\"\" srcset=\"https:\/\/www.charteranddreams.com\/wp-content\/uploads\/2025\/06\/Amalfi-coast-restaurant.jpg 1200w, https:\/\/www.charteranddreams.com\/wp-content\/uploads\/2025\/06\/Amalfi-coast-restaurant-992x684.jpg 992w, https:\/\/www.charteranddreams.com\/wp-content\/uploads\/2025\/06\/Amalfi-coast-restaurant-576x397.jpg 576w, https:\/\/www.charteranddreams.com\/wp-content\/uploads\/2025\/06\/Amalfi-coast-restaurant-768x530.jpg 768w\" sizes=\"(max-width: 800px) 100vw, 800px\" \/>\t\t\t\t\t\t\t\t\t\t\t\t\t\t\t<\/div>\n\t\t\t\t<\/div>\n\t\t<div class=\"elementor-element elementor-element-e2abf51 e-con-full e-flex e-con e-child\" data-id=\"e2abf51\" data-element_type=\"container\">\n\t\t\t\t<div class=\"elementor-element elementor-element-06e4848 elementor-widget elementor-widget-text-editor\" data-id=\"06e4848\" data-element_type=\"widget\" data-widget_type=\"text-editor.default\">\n\t\t\t\t\t\t\t\t\t<h3>Gastronom\u00eda mediterr\u00e1nea con alma local<\/h3><p>No has visitado Capri o la Costa Amalfitana si no has saboreado su excepcional tradici\u00f3n culinaria. Imagina degustar una <strong>pasta fresca con anchoas de Cetara<\/strong> y una copa de vino blanco local, fondeado frente a los acantilados de Positano. En tierra, prueba la famosa <strong>ensalada caprese en Da Paolino<\/strong>, bajo limoneros centenarios, o los <strong>ravioli rellenos de albahaca y gambas en Le Grottelle<\/strong>, el restaurante favorito de <strong>Michael Kors<\/strong>.<\/p><p>No dejes de probar los <strong>ndunderi de Minori<\/strong> \u2014una de las variedades de \u00f1oquis m\u00e1s antiguas de Italia\u2014 o los cl\u00e1sicos <strong>spaghetti alle vongole en La Fontelina<\/strong>, restaurante emblem\u00e1tico con vistas espectaculares al mar frecuentado por estrellas de cine y leyendas de la moda.<\/p><p>Y por supuesto, contar con un chef privado a bordo de tu yate privado har\u00e1 que puedas probar el producto m\u00e1s fresco y local de la costa.<\/p><p>\u00a1La <em>dolce vita<\/em> te espera!<\/p>\t\t\t\t\t\t\t\t<\/div>\n\t\t\t\t<\/div>\n\t\t\t\t\t<\/div>\n\t\t\t\t<\/div>\n\t\t<div class=\"elementor-element elementor-element-db269fb e-flex e-con-boxed e-con e-parent\" data-id=\"db269fb\" data-element_type=\"container\">\n\t\t\t\t\t<div class=\"e-con-inner\">\n\t\t\t\t<div class=\"elementor-element elementor-element-1a093a5 elementor-widget elementor-widget-text-editor\" data-id=\"1a093a5\" data-element_type=\"widget\" data-widget_type=\"text-editor.default\">\n\t\t\t\t\t\t\t\t\t<h3>El arte de viajar con estilo<\/h3><p><strong>Alquilar un yate en Capri o la Costa Amalfitana<\/strong> es mucho m\u00e1s que lujo: es un estilo de vida. Con una tripulaci\u00f3n dedicada, men\u00fas a medida y acceso exclusivo a rincones ocultos, un yate privado ofrece libertad, intimidad y la forma m\u00e1s exclusiva de recorrer una de las costas m\u00e1s legendarias del mundo.<\/p><p>Aqu\u00ed puedes encontrar una sugerencia de <span style=\"color: #333399\"><a style=\"color: #333399\" href=\"https:\/\/www.charteranddreams.com\/es\/destination\/amalfi-coast\/\">itinerario por la Costa Amalfitana y Capri en yate de lujo<\/a><\/span> \u2014 \u00a1no te lo pierdas!<\/p>\t\t\t\t\t\t\t\t<\/div>\n\t\t\t\t<div class=\"elementor-element elementor-element-210fe93 elementor-align-center elementor-widget elementor-widget-button\" data-id=\"210fe93\" data-element_type=\"widget\" data-widget_type=\"button.default\">\n\t\t\t\t\t\t\t\t\t\t<a class=\"elementor-button elementor-button-link elementor-size-sm\" href=\"#joinchat\">\n\t\t\t\t\t\t<span class=\"elementor-button-content-wrapper\">\n\t\t\t\t\t\t\t\t\t<span class=\"elementor-button-text\">ALQUILA TU YATE AHORA<\/span>\n\t\t\t\t\t<\/span>\n\t\t\t\t\t<\/a>\n\t\t\t\t\t\t\t\t<\/div>\n\t\t\t\t<div class=\"elementor-element elementor-element-4c275b3 elementor-widget elementor-widget-text-editor\" data-id=\"4c275b3\" data-element_type=\"widget\" data-widget_type=\"text-editor.default\">\n\t\t\t\t\t\t\t\t\t<h3 style=\"text-align: center\">Selecci\u00f3n de yates disponibles en Capri y la Costa Amalfitana<\/h3>\t\t\t\t\t\t\t\t<\/div>\n\t\t\t\t\t<\/div>\n\t\t\t\t<\/div>\n\t\t<div class=\"elementor-element elementor-element-2941dac6 e-flex e-con-boxed e-con e-parent\" data-id=\"2941dac6\" data-element_type=\"container\">\n\t\t\t\t\t<div class=\"e-con-inner\">\n\t\t<a class=\"elementor-element elementor-element-3a4c763 e-con-full e-flex e-con e-child\" data-id=\"3a4c763\" data-element_type=\"container\" data-settings=\"{&quot;background_background&quot;:&quot;classic&quot;}\" href=\"https:\/\/www.charteranddreams.com\/es\/yacht\/roma-viareggio-super-yachts-203\/\">\n\t\t\t\t<div class=\"elementor-element elementor-element-2ef48c37 elementor-widget elementor-widget-image\" data-id=\"2ef48c37\" data-element_type=\"widget\" data-widget_type=\"image.default\">\n\t\t\t\t\t\t\t\t\t\t\t\t\t\t\t<img decoding=\"async\" width=\"800\" height=\"450\" src=\"https:\/\/www.charteranddreams.com\/wp-content\/uploads\/2019\/10\/cad-roma-yate-1486-00.jpg\" class=\"attachment-large size-large wp-image-33832\" alt=\"\" srcset=\"https:\/\/www.charteranddreams.com\/wp-content\/uploads\/2019\/10\/cad-roma-yate-1486-00.jpg 1400w, https:\/\/www.charteranddreams.com\/wp-content\/uploads\/2019\/10\/cad-roma-yate-1486-00-992x558.jpg 992w, https:\/\/www.charteranddreams.com\/wp-content\/uploads\/2019\/10\/cad-roma-yate-1486-00-576x324.jpg 576w, https:\/\/www.charteranddreams.com\/wp-content\/uploads\/2019\/10\/cad-roma-yate-1486-00-768x432.jpg 768w\" sizes=\"(max-width: 800px) 100vw, 800px\" \/>\t\t\t\t\t\t\t\t\t\t\t\t\t\t\t<\/div>\n\t\t\t\t<div class=\"elementor-element elementor-element-122b058c elementor-widget elementor-widget-heading\" data-id=\"122b058c\" data-element_type=\"widget\" data-widget_type=\"heading.default\">\n\t\t\t\t\t<h2 class=\"elementor-heading-title elementor-size-default\">ROMA<\/h2>\t\t\t\t<\/div>\n\t\t\t\t<div class=\"elementor-element elementor-element-5002ccbf elementor-widget-divider--view-line elementor-widget elementor-widget-divider\" data-id=\"5002ccbf\" data-element_type=\"widget\" data-widget_type=\"divider.default\">\n\t\t\t\t\t\t\t<div class=\"elementor-divider\">\n\t\t\t<span class=\"elementor-divider-separator\">\n\t\t\t\t\t\t<\/span>\n\t\t<\/div>\n\t\t\t\t\t\t<\/div>\n\t\t\t\t<div class=\"elementor-element elementor-element-6172e0ac elementor-widget elementor-widget-text-editor\" data-id=\"6172e0ac\" data-element_type=\"widget\" data-widget_type=\"text-editor.default\">\n\t\t\t\t\t\t\t\t\t<p style=\"text-align: center\">62,00 m. |\u00a0 12 hu\u00e9spedes\u00a0 |\u00a0 6 camarotes\u00a0 |\u00a0 2010 \u00b7 2019<\/p><p style=\"text-align: center\">Tarifa a partir de\u00a0 450.000 \u20ac\/semana<\/p>\t\t\t\t\t\t\t\t<\/div>\n\t\t\t\t<\/a>\n\t\t<a class=\"elementor-element elementor-element-3c3dc62c e-con-full e-flex e-con e-child\" data-id=\"3c3dc62c\" data-element_type=\"container\" data-settings=\"{&quot;background_background&quot;:&quot;classic&quot;}\" href=\"https:\/\/www.charteranddreams.com\/es\/yacht\/alma-iii-custom\/\">\n\t\t\t\t<div class=\"elementor-element elementor-element-6d95e7f4 elementor-widget elementor-widget-image\" data-id=\"6d95e7f4\" data-element_type=\"widget\" data-widget_type=\"image.default\">\n\t\t\t\t\t\t\t\t\t\t\t\t\t\t\t<img decoding=\"async\" width=\"800\" height=\"600\" src=\"https:\/\/www.charteranddreams.com\/wp-content\/uploads\/2024\/10\/ALMA-III_36.-Profile-Aft-edited-1550x1162.jpg\" class=\"attachment-large size-large wp-image-90570\" alt=\"\" srcset=\"https:\/\/www.charteranddreams.com\/wp-content\/uploads\/2024\/10\/ALMA-III_36.-Profile-Aft-edited-1550x1162.jpg 1550w, https:\/\/www.charteranddreams.com\/wp-content\/uploads\/2024\/10\/ALMA-III_36.-Profile-Aft-edited-992x744.jpg 992w, https:\/\/www.charteranddreams.com\/wp-content\/uploads\/2024\/10\/ALMA-III_36.-Profile-Aft-edited-576x432.jpg 576w, https:\/\/www.charteranddreams.com\/wp-content\/uploads\/2024\/10\/ALMA-III_36.-Profile-Aft-edited-768x576.jpg 768w, https:\/\/www.charteranddreams.com\/wp-content\/uploads\/2024\/10\/ALMA-III_36.-Profile-Aft-edited-1536x1152.jpg 1536w, https:\/\/www.charteranddreams.com\/wp-content\/uploads\/2024\/10\/ALMA-III_36.-Profile-Aft-edited-2048x1536.jpg 2048w, https:\/\/www.charteranddreams.com\/wp-content\/uploads\/2024\/10\/ALMA-III_36.-Profile-Aft-edited-1900x1425.jpg 1900w\" sizes=\"(max-width: 800px) 100vw, 800px\" \/>\t\t\t\t\t\t\t\t\t\t\t\t\t\t\t<\/div>\n\t\t\t\t<div class=\"elementor-element elementor-element-abe4ed7 elementor-widget elementor-widget-heading\" data-id=\"abe4ed7\" data-element_type=\"widget\" data-widget_type=\"heading.default\">\n\t\t\t\t\t<h2 class=\"elementor-heading-title elementor-size-default\">ALMA III<\/h2>\t\t\t\t<\/div>\n\t\t\t\t<div class=\"elementor-element elementor-element-122a0194 elementor-widget-divider--view-line elementor-widget elementor-widget-divider\" data-id=\"122a0194\" data-element_type=\"widget\" data-widget_type=\"divider.default\">\n\t\t\t\t\t\t\t<div class=\"elementor-divider\">\n\t\t\t<span class=\"elementor-divider-separator\">\n\t\t\t\t\t\t<\/span>\n\t\t<\/div>\n\t\t\t\t\t\t<\/div>\n\t\t\t\t<div class=\"elementor-element elementor-element-a99f90e elementor-widget elementor-widget-text-editor\" data-id=\"a99f90e\" data-element_type=\"widget\" data-widget_type=\"text-editor.default\">\n\t\t\t\t\t\t\t\t\t<p style=\"text-align: center\">29,63 m. |\u00a0 10 hu\u00e9spedes\u00a0 |\u00a0 5 camarotes\u00a0 |\u00a0 2024<\/p><p style=\"text-align: center\">Tarifa a partir de 105.000 \u20ac\/semana<\/p>\t\t\t\t\t\t\t\t<\/div>\n\t\t\t\t<\/a>\n\t\t\t\t\t<\/div>\n\t\t\t\t<\/div>\n\t\t<div class=\"elementor-element elementor-element-926056d e-flex e-con-boxed e-con e-parent\" data-id=\"926056d\" data-element_type=\"container\">\n\t\t\t\t\t<div class=\"e-con-inner\">\n\t\t<a class=\"elementor-element elementor-element-ebada7e e-con-full e-flex e-con e-child\" data-id=\"ebada7e\" data-element_type=\"container\" data-settings=\"{&quot;background_background&quot;:&quot;classic&quot;}\" href=\"https:\/\/www.charteranddreams.com\/es\/yacht\/r23-rossinavi-amtec-48\/\">\n\t\t\t\t<div class=\"elementor-element elementor-element-84b177f elementor-widget elementor-widget-image\" data-id=\"84b177f\" data-element_type=\"widget\" data-widget_type=\"image.default\">\n\t\t\t\t\t\t\t\t\t\t\t\t\t\t\t<img decoding=\"async\" width=\"800\" height=\"533\" src=\"https:\/\/www.charteranddreams.com\/wp-content\/uploads\/2019\/03\/R23-26-1550x1033.jpg\" class=\"attachment-large size-large wp-image-57895\" alt=\"\" srcset=\"https:\/\/www.charteranddreams.com\/wp-content\/uploads\/2019\/03\/R23-26-1550x1033.jpg 1550w, https:\/\/www.charteranddreams.com\/wp-content\/uploads\/2019\/03\/R23-26-992x661.jpg 992w, https:\/\/www.charteranddreams.com\/wp-content\/uploads\/2019\/03\/R23-26-576x384.jpg 576w, https:\/\/www.charteranddreams.com\/wp-content\/uploads\/2019\/03\/R23-26-768x512.jpg 768w, https:\/\/www.charteranddreams.com\/wp-content\/uploads\/2019\/03\/R23-26-1536x1024.jpg 1536w, https:\/\/www.charteranddreams.com\/wp-content\/uploads\/2019\/03\/R23-26.jpg 1800w\" sizes=\"(max-width: 800px) 100vw, 800px\" \/>\t\t\t\t\t\t\t\t\t\t\t\t\t\t\t<\/div>\n\t\t\t\t<div class=\"elementor-element elementor-element-32c672b elementor-widget elementor-widget-heading\" data-id=\"32c672b\" data-element_type=\"widget\" data-widget_type=\"heading.default\">\n\t\t\t\t\t<h2 class=\"elementor-heading-title elementor-size-default\">R23<\/h2>\t\t\t\t<\/div>\n\t\t\t\t<div class=\"elementor-element elementor-element-e6a1a2a elementor-widget-divider--view-line elementor-widget elementor-widget-divider\" data-id=\"e6a1a2a\" data-element_type=\"widget\" data-widget_type=\"divider.default\">\n\t\t\t\t\t\t\t<div class=\"elementor-divider\">\n\t\t\t<span class=\"elementor-divider-separator\">\n\t\t\t\t\t\t<\/span>\n\t\t<\/div>\n\t\t\t\t\t\t<\/div>\n\t\t\t\t<div class=\"elementor-element elementor-element-11f8238 elementor-widget elementor-widget-text-editor\" data-id=\"11f8238\" data-element_type=\"widget\" data-widget_type=\"text-editor.default\">\n\t\t\t\t\t\t\t\t\t<p style=\"text-align: center\">47,39 m. |\u00a0 12 hu\u00e9spedes\u00a0 |\u00a0 6 camarotes\u00a0 |\u00a0 2022<\/p><p style=\"text-align: center\">Tarifa a partir de 150.000 \u20ac\/semana<\/p>\t\t\t\t\t\t\t\t<\/div>\n\t\t\t\t<\/a>\n\t\t<a class=\"elementor-element elementor-element-6a847b3 e-con-full e-flex e-con e-child\" data-id=\"6a847b3\" data-element_type=\"container\" data-settings=\"{&quot;background_background&quot;:&quot;classic&quot;}\" href=\"https:\/\/www.charteranddreams.com\/es\/yacht\/vittoria-ferretti-860\/\">\n\t\t\t\t<div class=\"elementor-element elementor-element-d144b75 elementor-widget elementor-widget-image\" data-id=\"d144b75\" data-element_type=\"widget\" data-widget_type=\"image.default\">\n\t\t\t\t\t\t\t\t\t\t\t\t\t\t\t<img decoding=\"async\" width=\"800\" height=\"533\" src=\"https:\/\/www.charteranddreams.com\/wp-content\/uploads\/2024\/05\/cad-vittoria-yate-1753-01.jpg\" class=\"attachment-large size-large wp-image-38086\" alt=\"\" srcset=\"https:\/\/www.charteranddreams.com\/wp-content\/uploads\/2024\/05\/cad-vittoria-yate-1753-01.jpg 1400w, https:\/\/www.charteranddreams.com\/wp-content\/uploads\/2024\/05\/cad-vittoria-yate-1753-01-992x661.jpg 992w, https:\/\/www.charteranddreams.com\/wp-content\/uploads\/2024\/05\/cad-vittoria-yate-1753-01-576x384.jpg 576w, https:\/\/www.charteranddreams.com\/wp-content\/uploads\/2024\/05\/cad-vittoria-yate-1753-01-768x512.jpg 768w\" sizes=\"(max-width: 800px) 100vw, 800px\" \/>\t\t\t\t\t\t\t\t\t\t\t\t\t\t\t<\/div>\n\t\t\t\t<div class=\"elementor-element elementor-element-95e2ba5 elementor-widget elementor-widget-heading\" data-id=\"95e2ba5\" data-element_type=\"widget\" data-widget_type=\"heading.default\">\n\t\t\t\t\t<h2 class=\"elementor-heading-title elementor-size-default\">VITTORIA<\/h2>\t\t\t\t<\/div>\n\t\t\t\t<div class=\"elementor-element elementor-element-46ebde0 elementor-widget-divider--view-line elementor-widget elementor-widget-divider\" data-id=\"46ebde0\" data-element_type=\"widget\" data-widget_type=\"divider.default\">\n\t\t\t\t\t\t\t<div class=\"elementor-divider\">\n\t\t\t<span class=\"elementor-divider-separator\">\n\t\t\t\t\t\t<\/span>\n\t\t<\/div>\n\t\t\t\t\t\t<\/div>\n\t\t\t\t<div class=\"elementor-element elementor-element-276edfe elementor-widget elementor-widget-text-editor\" data-id=\"276edfe\" data-element_type=\"widget\" data-widget_type=\"text-editor.default\">\n\t\t\t\t\t\t\t\t\t<p style=\"text-align: center\">26,95 m. |\u00a0 8 hu\u00e9spedes\u00a0 |\u00a0 4 camarotes\u00a0 |\u00a0 2022<\/p><p style=\"text-align: center\">Tarifa a partir de 69.000 \u20ac\/semana<\/p>\t\t\t\t\t\t\t\t<\/div>\n\t\t\t\t<\/a>\n\t\t\t\t\t<\/div>\n\t\t\t\t<\/div>\n\t\t<div class=\"elementor-element elementor-element-a37fbdc e-flex e-con-boxed e-con e-parent\" data-id=\"a37fbdc\" data-element_type=\"container\">\n\t\t\t\t\t<div class=\"e-con-inner\">\n\t\t\t\t<div class=\"elementor-element elementor-element-5e9d0b9 elementor-align-center elementor-widget elementor-widget-button\" data-id=\"5e9d0b9\" data-element_type=\"widget\" data-widget_type=\"button.default\">\n\t\t\t\t\t\t\t\t\t\t<a class=\"elementor-button elementor-button-link elementor-size-sm\" href=\"https:\/\/www.charteranddreams.com\/es\/yacht-charter\/?destinationID=9943\">\n\t\t\t\t\t\t<span class=\"elementor-button-content-wrapper\">\n\t\t\t\t\t\t\t\t\t<span class=\"elementor-button-text\">VER M\u00c1S YATES<\/span>\n\t\t\t\t\t<\/span>\n\t\t\t\t\t<\/a>\n\t\t\t\t\t\t\t\t<\/div>\n\t\t\t\t\t<\/div>\n\t\t\t\t<\/div>\n\t\t\t\t<\/div>\n\t\t","protected":false},"excerpt":{"rendered":"<p>Descubre Capri y la Costa Amalfitana en yate de lujo: la esencia de la dolce vita Hay experiencias que hay que vivir, como m\u00ednimo, una vez en la vida. Alquilar un yate de lujo la Costa Amalfitana y Capri es, sin duda, una de ellas. Este ic\u00f3nico tramo del sur de Italia \u2014reconocido por la [&hellip;]<\/p>\n","protected":false},"author":23,"featured_media":10042,"comment_status":"closed","ping_status":"closed","sticky":false,"template":"","format":"standard","meta":{"_acf_changed":false,"_joinchat":[],"footnotes":""},"categories":[20],"tags":[],"class_list":["post-106734","post","type-post","status-publish","format-standard","has-post-thumbnail","hentry","category-news-and-inspiration"],"acf":[],"_links":{"self":[{"href":"https:\/\/www.charteranddreams.com\/es\/wp-json\/wp\/v2\/posts\/106734","targetHints":{"allow":["GET"]}}],"collection":[{"href":"https:\/\/www.charteranddreams.com\/es\/wp-json\/wp\/v2\/posts"}],"about":[{"href":"https:\/\/www.charteranddreams.com\/es\/wp-json\/wp\/v2\/types\/post"}],"author":[{"embeddable":true,"href":"https:\/\/www.charteranddreams.com\/es\/wp-json\/wp\/v2\/users\/23"}],"replies":[{"embeddable":true,"href":"https:\/\/www.charteranddreams.com\/es\/wp-json\/wp\/v2\/comments?post=106734"}],"version-history":[{"count":7,"href":"https:\/\/www.charteranddreams.com\/es\/wp-json\/wp\/v2\/posts\/106734\/revisions"}],"predecessor-version":[{"id":112602,"href":"https:\/\/www.charteranddreams.com\/es\/wp-json\/wp\/v2\/posts\/106734\/revisions\/112602"}],"wp:featuredmedia":[{"embeddable":true,"href":"https:\/\/www.charteranddreams.com\/es\/wp-json\/wp\/v2\/media\/10042"}],"wp:attachment":[{"href":"https:\/\/www.charteranddreams.com\/es\/wp-json\/wp\/v2\/media?parent=106734"}],"wp:term":[{"taxonomy":"category","embeddable":true,"href":"https:\/\/www.charteranddreams.com\/es\/wp-json\/wp\/v2\/categories?post=106734"},{"taxonomy":"post_tag","embeddable":true,"href":"https:\/\/www.charteranddreams.com\/es\/wp-json\/wp\/v2\/tags?post=106734"}],"curies":[{"name":"wp","href":"https:\/\/api.w.org\/{rel}","templated":true}]}}