{"id":102584,"date":"2025-04-04T16:48:31","date_gmt":"2025-04-04T14:48:31","guid":{"rendered":"https:\/\/www.charteranddreams.com\/?p=102584"},"modified":"2025-08-01T10:59:17","modified_gmt":"2025-08-01T08:59:17","slug":"greeces-finest-islands-aboard-a-luxury-yacht","status":"publish","type":"post","link":"https:\/\/www.charteranddreams.com\/es\/news-and-inspiration\/greeces-finest-islands-aboard-a-luxury-yacht\/","title":{"rendered":"Las mejores islas de Grecia a bordo de un yate de lujo"},"content":{"rendered":"\t\t<div data-elementor-type=\"wp-post\" data-elementor-id=\"102584\" class=\"elementor elementor-102584 elementor-102582\" data-elementor-post-type=\"post\">\n\t\t\t\t<div class=\"elementor-element elementor-element-d25167d e-flex e-con-boxed e-con e-parent\" data-id=\"d25167d\" data-element_type=\"container\">\n\t\t\t\t\t<div class=\"e-con-inner\">\n\t\t\t\t<div class=\"elementor-element elementor-element-88d9493 elementor-widget elementor-widget-text-editor\" data-id=\"88d9493\" data-element_type=\"widget\" data-widget_type=\"text-editor.default\">\n\t\t\t\t\t\t\t\t\t<h2 style=\"text-align: center;\">Greece: Calma y placer en el mar Egeo<\/h2><p style=\"text-align: center;\">Puede que Mykonos y Santorini sean las islas m\u00e1s famosas de Grecia, pero navegar all\u00ed en julio y agosto no es la mejor idea debido al meltemi, un viento seco y fuerte que azota el mar Egeo en verano. Si buscas una\u00a0<strong>experiencia tranquila y relajada en Grecia a bordo de un yate de lujo<\/strong>, en Charter&amp;Dreams te proponemos las mejores alternativas para unas vacaciones donde la\u00a0<strong>privacidad<\/strong>\u00a0y la\u00a0<strong>exclusividad<\/strong>\u00a0est\u00e1n garantizadas.<\/p><p style=\"text-align: center;\">Desde Atenas, donde se encuentran la mayor\u00eda de las embarcaciones, puedes zarpar hacia\u00a0<strong>Corf\u00fa<\/strong>\u00a0y las\u00a0<strong>islas J\u00f3nicas\u00a0<\/strong>y dirigirte a\u00a0<strong>Paxos<\/strong>\u00a0y\u00a0<strong>Antipaxos<\/strong>, cruzando el impresionante canal de Corinto, o descubrir el encanto de las<strong>\u00a0islas Sar\u00f3nicas<\/strong>, como\u00a0<strong>Hydra<\/strong>,\u00a0<strong>Poros<\/strong>\u00a0y el pintoresco puerto de\u00a0<strong>Nafplio<\/strong>. \u00a1Navega con calma y disfruta de la aut\u00e9ntica Grecia!<\/p>\t\t\t\t\t\t\t\t<\/div>\n\t\t<div class=\"elementor-element elementor-element-9a9bd37 e-grid e-con-full e-con e-child\" data-id=\"9a9bd37\" data-element_type=\"container\">\n\t\t\t\t<div class=\"elementor-element elementor-element-b41b7c1 elementor-widget elementor-widget-image\" data-id=\"b41b7c1\" data-element_type=\"widget\" data-widget_type=\"image.default\">\n\t\t\t\t\t\t\t\t\t\t\t\t\t\t\t\t<a href=\"https:\/\/www.charteranddreams.com\/es\/destination\/ionian-island\">\n\t\t\t\t\t\t\t<img decoding=\"async\" width=\"800\" height=\"402\" src=\"https:\/\/www.charteranddreams.com\/wp-content\/uploads\/2025\/04\/Islas-griegas-1-1.png\" class=\"attachment-large size-large wp-image-102633\" alt=\"\" srcset=\"https:\/\/www.charteranddreams.com\/wp-content\/uploads\/2025\/04\/Islas-griegas-1-1.png 946w, https:\/\/www.charteranddreams.com\/wp-content\/uploads\/2025\/04\/Islas-griegas-1-1-576x289.png 576w, https:\/\/www.charteranddreams.com\/wp-content\/uploads\/2025\/04\/Islas-griegas-1-1-768x386.png 768w\" sizes=\"(max-width: 800px) 100vw, 800px\" \/>\t\t\t\t\t\t\t\t<\/a>\n\t\t\t\t\t\t\t\t\t\t\t\t\t\t\t<\/div>\n\t\t\t\t<div class=\"elementor-element elementor-element-503962f elementor-widget elementor-widget-image\" data-id=\"503962f\" data-element_type=\"widget\" data-widget_type=\"image.default\">\n\t\t\t\t\t\t\t\t\t\t\t\t\t\t\t\t<a href=\"https:\/\/www.charteranddreams.com\/es\/destination\/saronic-islands\/\">\n\t\t\t\t\t\t\t<img decoding=\"async\" width=\"800\" height=\"403\" src=\"https:\/\/www.charteranddreams.com\/wp-content\/uploads\/2025\/04\/Islas-griegas-2.png\" class=\"attachment-large size-large wp-image-102636\" alt=\"\" srcset=\"https:\/\/www.charteranddreams.com\/wp-content\/uploads\/2025\/04\/Islas-griegas-2.png 944w, https:\/\/www.charteranddreams.com\/wp-content\/uploads\/2025\/04\/Islas-griegas-2-576x290.png 576w, https:\/\/www.charteranddreams.com\/wp-content\/uploads\/2025\/04\/Islas-griegas-2-768x386.png 768w\" sizes=\"(max-width: 800px) 100vw, 800px\" \/>\t\t\t\t\t\t\t\t<\/a>\n\t\t\t\t\t\t\t\t\t\t\t\t\t\t\t<\/div>\n\t\t\t\t<\/div>\n\t\t\t\t\t<\/div>\n\t\t\t\t<\/div>\n\t\t<div class=\"elementor-element elementor-element-96ec8a0 e-flex e-con-boxed e-con e-parent\" data-id=\"96ec8a0\" data-element_type=\"container\">\n\t\t\t\t\t<div class=\"e-con-inner\">\n\t\t\t\t<div class=\"elementor-element elementor-element-1cc20f0 elementor-widget elementor-widget-spacer\" data-id=\"1cc20f0\" data-element_type=\"widget\" data-widget_type=\"spacer.default\">\n\t\t\t\t\t\t\t<div class=\"elementor-spacer\">\n\t\t\t<div class=\"elementor-spacer-inner\"><\/div>\n\t\t<\/div>\n\t\t\t\t\t\t<\/div>\n\t\t\t\t<div class=\"elementor-element elementor-element-4b56422 elementor-widget-divider--view-line elementor-widget elementor-widget-divider\" data-id=\"4b56422\" data-element_type=\"widget\" data-widget_type=\"divider.default\">\n\t\t\t\t\t\t\t<div class=\"elementor-divider\">\n\t\t\t<span class=\"elementor-divider-separator\">\n\t\t\t\t\t\t<\/span>\n\t\t<\/div>\n\t\t\t\t\t\t<\/div>\n\t\t\t\t<div class=\"elementor-element elementor-element-a9a0f5c elementor-widget elementor-widget-text-editor\" data-id=\"a9a0f5c\" data-element_type=\"widget\" data-widget_type=\"text-editor.default\">\n\t\t\t\t\t\t\t\t\t<h3 style=\"text-align: center;\">Selecci\u00f3n de yates en Grecia y la experiencia de nuestros clientes<\/h3>\t\t\t\t\t\t\t\t<\/div>\n\t\t\t\t<div class=\"elementor-element elementor-element-07d145d elementor-widget elementor-widget-text-editor\" data-id=\"07d145d\" data-element_type=\"widget\" data-widget_type=\"text-editor.default\">\n\t\t\t\t\t\t\t\t\t<h2 style=\"text-align: center;\"><a href=\"https:\/\/www.charteranddreams.com\/es\/yacht\/mariu-codecasa-164\/\" target=\"_blank\" rel=\"noopener\" data-saferedirecturl=\"https:\/\/www.google.com\/url?q=https:\/\/www.charteranddreams.com\/es\/yacht\/mariu-codecasa-164\/?utm_source%3DNewsletter%2BC%2526D%2B-%2BES%26utm_campaign%3D8184b8579e-EMAIL_CAMPAIGN_2025_03_28_IBIZA_COPY_01%26utm_medium%3Demail%26utm_term%3D0_-31981e5625-&amp;source=gmail&amp;ust=1743861022214000&amp;usg=AOvVaw1P26AEz_vXP3CZ-4ufUcmr\">MARIU<\/a><\/h2><p style=\"text-align: center;\"><span style=\"color: #808080;\"><strong>A\u00f1o\u00a0<\/strong>2003 |\u00a0<strong>Refit\u00a0<\/strong>2024 |\u00a0<strong>Eslora\u00a0<\/strong>49.90 m |\u00a0<strong>Camarotes<\/strong>\u00a06 |\u00a0<strong>Hu\u00e9spedes<\/strong> 12<\/span><\/p><p style=\"text-align: center;\">Con 49,90 metros de eslora, MARIU es un\u00a0<strong>impresionante megayate<\/strong>\u00a0construido a medida por Codecasa en 2003 y completamente remodelado en 2024. Dise\u00f1ado originalmente para el ic\u00f3nico\u00a0<strong>Giorgio Armani<\/strong>\u00a0y bautizado en honor a su madre, este yate refleja la esencia del dise\u00f1o italiano contempor\u00e1neo. Su interior, de\u00a0<strong>l\u00edneas elegantes y sofisticadas<\/strong>, combina materiales de alta gama con un estilo minimalista y vanguardista, ofreciendo una experiencia a bordo inigualable.<\/p>\t\t\t\t\t\t\t\t<\/div>\n\t\t<div class=\"elementor-element elementor-element-4e4c98a e-grid e-con-full e-con e-child\" data-id=\"4e4c98a\" data-element_type=\"container\">\n\t\t\t\t<div class=\"elementor-element elementor-element-372f713 elementor-widget elementor-widget-image\" data-id=\"372f713\" data-element_type=\"widget\" data-widget_type=\"image.default\">\n\t\t\t\t\t\t\t\t\t\t\t\t\t\t\t\t<a href=\"https:\/\/www.charteranddreams.com\/es\/yacht\/mariu-codecasa-164\/\">\n\t\t\t\t\t\t\t<img decoding=\"async\" width=\"800\" height=\"502\" src=\"https:\/\/www.charteranddreams.com\/wp-content\/uploads\/2025\/04\/Mariu-1-1550x973.jpg\" class=\"attachment-large size-large wp-image-102615\" alt=\"\" srcset=\"https:\/\/www.charteranddreams.com\/wp-content\/uploads\/2025\/04\/Mariu-1-1550x973.jpg 1550w, https:\/\/www.charteranddreams.com\/wp-content\/uploads\/2025\/04\/Mariu-1-992x623.jpg 992w, https:\/\/www.charteranddreams.com\/wp-content\/uploads\/2025\/04\/Mariu-1-576x362.jpg 576w, https:\/\/www.charteranddreams.com\/wp-content\/uploads\/2025\/04\/Mariu-1-768x482.jpg 768w, https:\/\/www.charteranddreams.com\/wp-content\/uploads\/2025\/04\/Mariu-1-1536x964.jpg 1536w, https:\/\/www.charteranddreams.com\/wp-content\/uploads\/2025\/04\/Mariu-1.jpg 1720w\" sizes=\"(max-width: 800px) 100vw, 800px\" \/>\t\t\t\t\t\t\t\t<\/a>\n\t\t\t\t\t\t\t\t\t\t\t\t\t\t\t<\/div>\n\t\t\t\t<div class=\"elementor-element elementor-element-07c20af elementor-widget elementor-widget-image\" data-id=\"07c20af\" data-element_type=\"widget\" data-widget_type=\"image.default\">\n\t\t\t\t\t\t\t\t\t\t\t\t\t\t\t\t<a href=\"https:\/\/www.charteranddreams.com\/es\/yacht\/mariu-codecasa-164\/\">\n\t\t\t\t\t\t\t<img decoding=\"async\" width=\"800\" height=\"502\" src=\"https:\/\/www.charteranddreams.com\/wp-content\/uploads\/2025\/04\/Mariu-2-1550x973.jpg\" class=\"attachment-large size-large wp-image-102612\" alt=\"\" srcset=\"https:\/\/www.charteranddreams.com\/wp-content\/uploads\/2025\/04\/Mariu-2-1550x973.jpg 1550w, https:\/\/www.charteranddreams.com\/wp-content\/uploads\/2025\/04\/Mariu-2-992x623.jpg 992w, https:\/\/www.charteranddreams.com\/wp-content\/uploads\/2025\/04\/Mariu-2-576x362.jpg 576w, https:\/\/www.charteranddreams.com\/wp-content\/uploads\/2025\/04\/Mariu-2-768x482.jpg 768w, https:\/\/www.charteranddreams.com\/wp-content\/uploads\/2025\/04\/Mariu-2-1536x964.jpg 1536w, https:\/\/www.charteranddreams.com\/wp-content\/uploads\/2025\/04\/Mariu-2.jpg 1720w\" sizes=\"(max-width: 800px) 100vw, 800px\" \/>\t\t\t\t\t\t\t\t<\/a>\n\t\t\t\t\t\t\t\t\t\t\t\t\t\t\t<\/div>\n\t\t\t\t<\/div>\n\t\t\t\t\t<\/div>\n\t\t\t\t<\/div>\n\t\t<div class=\"elementor-element elementor-element-a2a35f4 e-flex e-con-boxed e-con e-parent\" data-id=\"a2a35f4\" data-element_type=\"container\">\n\t\t\t\t\t<div class=\"e-con-inner\">\n\t\t\t\t<div class=\"elementor-element elementor-element-2a48d21 elementor-widget elementor-widget-text-editor\" data-id=\"2a48d21\" data-element_type=\"widget\" data-widget_type=\"text-editor.default\">\n\t\t\t\t\t\t\t\t\t<p class=\"m_2738929370479560298mcePastedContent\"><strong>En el libro de visitas\u2026<\/strong><\/p><p>\u201cUn yate espectacular en todos los sentidos. El dise\u00f1o es impecable y los acabados de much\u00edsimo nivel. La tripulaci\u00f3n ha sido incre\u00edble, siempre atenta y profesional. Gracias por hacer de esta semana una experiencia inolvidable. \u00a1Nos vemos el pr\u00f3ximo verano!\u201d &#8211;\u00a0<strong>J.L., Nueva York<\/strong><\/p>\t\t\t\t\t\t\t\t<\/div>\n\t\t\t\t<div class=\"elementor-element elementor-element-288ee54 elementor-widget-divider--view-line elementor-widget elementor-widget-divider\" data-id=\"288ee54\" data-element_type=\"widget\" data-widget_type=\"divider.default\">\n\t\t\t\t\t\t\t<div class=\"elementor-divider\">\n\t\t\t<span class=\"elementor-divider-separator\">\n\t\t\t\t\t\t<\/span>\n\t\t<\/div>\n\t\t\t\t\t\t<\/div>\n\t\t\t\t<div class=\"elementor-element elementor-element-44f0079 elementor-widget elementor-widget-text-editor\" data-id=\"44f0079\" data-element_type=\"widget\" data-widget_type=\"text-editor.default\">\n\t\t\t\t\t\t\t\t\t<h2 style=\"text-align: center;\"><a href=\"https:\/\/www.charteranddreams.com\/es\/yacht\/endless-summer-westport-130\/\" target=\"_blank\" rel=\"noopener\" data-saferedirecturl=\"https:\/\/www.google.com\/url?q=https:\/\/www.charteranddreams.com\/es\/yacht\/endless-summer-westport-130\/?utm_source%3DNewsletter%2BC%2526D%2B-%2BES%26utm_campaign%3D8184b8579e-EMAIL_CAMPAIGN_2025_03_28_IBIZA_COPY_01%26utm_medium%3Demail%26utm_term%3D0_-31981e5625-&amp;source=gmail&amp;ust=1743861022215000&amp;usg=AOvVaw3vvmz3SpABIkzL41ch68y2\">ENDLESS SUMMER<\/a><\/h2><p style=\"text-align: center;\"><span style=\"color: #808080;\"><strong>A\u00f1o\u00a0<\/strong>2004 |\u00a0<strong>Refit\u00a0<\/strong>2023 |\u00a0<strong>Eslora\u00a0<\/strong>39,62 m |\u00a0<strong>Camarotes<\/strong>\u00a06 |\u00a0<strong>Hu\u00e9spedes<\/strong> 12<\/span><\/p><p style=\"text-align: center;\">Con una eslora de 39 metros, ENDLESS SUMMER es un espectacular megayate\u00a0<strong>construido por los prestigiosos Westport Yachts<\/strong>\u00a0en 2004 y renovado en 2023 para mantener los m\u00e1s altos est\u00e1ndares de lujo. Su dise\u00f1o exterior, obra de Gregory Marshall, desprende elegancia atemporal, mientras que su interior combina confort y sofisticaci\u00f3n. Este yate ofrece una experiencia de charter excepcional, donde destacan sus\u00a0<strong>amplios espacios de entretenimiento<\/strong>\u00a0y su<strong>\u00a0tobog\u00e1n acu\u00e1tico<\/strong>, ideal para disfrutar del mar al m\u00e1ximo.<\/p>\t\t\t\t\t\t\t\t<\/div>\n\t\t<div class=\"elementor-element elementor-element-d34d2f7 e-grid e-con-full e-con e-child\" data-id=\"d34d2f7\" data-element_type=\"container\">\n\t\t\t\t<div class=\"elementor-element elementor-element-56bbc78 elementor-widget elementor-widget-image\" data-id=\"56bbc78\" data-element_type=\"widget\" data-widget_type=\"image.default\">\n\t\t\t\t\t\t\t\t\t\t\t\t\t\t\t\t<a href=\"https:\/\/www.charteranddreams.com\/es\/yacht\/endless-summer-westport-130\/\">\n\t\t\t\t\t\t\t<img decoding=\"async\" width=\"800\" height=\"502\" src=\"https:\/\/www.charteranddreams.com\/wp-content\/uploads\/2025\/04\/Endless-1-1550x973.jpg\" class=\"attachment-large size-large wp-image-102609\" alt=\"\" srcset=\"https:\/\/www.charteranddreams.com\/wp-content\/uploads\/2025\/04\/Endless-1-1550x973.jpg 1550w, https:\/\/www.charteranddreams.com\/wp-content\/uploads\/2025\/04\/Endless-1-992x623.jpg 992w, https:\/\/www.charteranddreams.com\/wp-content\/uploads\/2025\/04\/Endless-1-576x362.jpg 576w, https:\/\/www.charteranddreams.com\/wp-content\/uploads\/2025\/04\/Endless-1-768x482.jpg 768w, https:\/\/www.charteranddreams.com\/wp-content\/uploads\/2025\/04\/Endless-1-1536x964.jpg 1536w, https:\/\/www.charteranddreams.com\/wp-content\/uploads\/2025\/04\/Endless-1.jpg 1720w\" sizes=\"(max-width: 800px) 100vw, 800px\" \/>\t\t\t\t\t\t\t\t<\/a>\n\t\t\t\t\t\t\t\t\t\t\t\t\t\t\t<\/div>\n\t\t\t\t<div class=\"elementor-element elementor-element-21cb094 elementor-widget elementor-widget-image\" data-id=\"21cb094\" data-element_type=\"widget\" data-widget_type=\"image.default\">\n\t\t\t\t\t\t\t\t\t\t\t\t\t\t\t\t<a href=\"https:\/\/www.charteranddreams.com\/es\/yacht\/endless-summer-westport-130\/\">\n\t\t\t\t\t\t\t<img decoding=\"async\" width=\"800\" height=\"502\" src=\"https:\/\/www.charteranddreams.com\/wp-content\/uploads\/2025\/04\/Endless-2-1550x973.jpg\" class=\"attachment-large size-large wp-image-102606\" alt=\"\" srcset=\"https:\/\/www.charteranddreams.com\/wp-content\/uploads\/2025\/04\/Endless-2-1550x973.jpg 1550w, https:\/\/www.charteranddreams.com\/wp-content\/uploads\/2025\/04\/Endless-2-992x623.jpg 992w, https:\/\/www.charteranddreams.com\/wp-content\/uploads\/2025\/04\/Endless-2-576x362.jpg 576w, https:\/\/www.charteranddreams.com\/wp-content\/uploads\/2025\/04\/Endless-2-768x482.jpg 768w, https:\/\/www.charteranddreams.com\/wp-content\/uploads\/2025\/04\/Endless-2-1536x964.jpg 1536w, https:\/\/www.charteranddreams.com\/wp-content\/uploads\/2025\/04\/Endless-2.jpg 1720w\" sizes=\"(max-width: 800px) 100vw, 800px\" \/>\t\t\t\t\t\t\t\t<\/a>\n\t\t\t\t\t\t\t\t\t\t\t\t\t\t\t<\/div>\n\t\t\t\t<\/div>\n\t\t\t\t\t<\/div>\n\t\t\t\t<\/div>\n\t\t<div class=\"elementor-element elementor-element-5bf9f37 e-flex e-con-boxed e-con e-parent\" data-id=\"5bf9f37\" data-element_type=\"container\">\n\t\t\t\t\t<div class=\"e-con-inner\">\n\t\t<div class=\"elementor-element elementor-element-907a686 e-con-full e-flex e-con e-child\" data-id=\"907a686\" data-element_type=\"container\">\n\t\t\t\t<div class=\"elementor-element elementor-element-eef4284 elementor-align-center elementor-widget elementor-widget-button\" data-id=\"eef4284\" data-element_type=\"widget\" data-widget_type=\"button.default\">\n\t\t\t\t\t\t\t\t\t\t<a class=\"elementor-button elementor-button-link elementor-size-sm\" href=\"#joinchat\">\n\t\t\t\t\t\t<span class=\"elementor-button-content-wrapper\">\n\t\t\t\t\t\t\t\t\t<span class=\"elementor-button-text\">CONTACTA POR WHATSAPP<\/span>\n\t\t\t\t\t<\/span>\n\t\t\t\t\t<\/a>\n\t\t\t\t\t\t\t\t<\/div>\n\t\t\t\t<\/div>\n\t\t<div class=\"elementor-element elementor-element-644e683 e-con-full e-flex e-con e-child\" data-id=\"644e683\" data-element_type=\"container\">\n\t\t\t\t<div class=\"elementor-element elementor-element-13ffc73 elementor-align-center elementor-widget elementor-widget-button\" data-id=\"13ffc73\" data-element_type=\"widget\" data-widget_type=\"button.default\">\n\t\t\t\t\t\t\t\t\t\t<a class=\"elementor-button elementor-button-link elementor-size-sm\" href=\"https:\/\/www.charteranddreams.com\/es\/contact\/\">\n\t\t\t\t\t\t<span class=\"elementor-button-content-wrapper\">\n\t\t\t\t\t\t\t\t\t<span class=\"elementor-button-text\">CONTACTA POR EMAIL<\/span>\n\t\t\t\t\t<\/span>\n\t\t\t\t\t<\/a>\n\t\t\t\t\t\t\t\t<\/div>\n\t\t\t\t<\/div>\n\t\t\t\t\t<\/div>\n\t\t\t\t<\/div>\n\t\t<div class=\"elementor-element elementor-element-d0a5741 e-flex e-con-boxed e-con e-parent\" data-id=\"d0a5741\" data-element_type=\"container\">\n\t\t\t\t\t<div class=\"e-con-inner\">\n\t\t\t\t<div class=\"elementor-element elementor-element-772f82f elementor-widget elementor-widget-text-editor\" data-id=\"772f82f\" data-element_type=\"widget\" data-widget_type=\"text-editor.default\">\n\t\t\t\t\t\t\t\t\t<p class=\"m_2738929370479560298mcePastedContent\"><strong>En el libro de visitas\u2026<\/strong><\/p><p>\u201cHemos pasado unos d\u00edas incre\u00edbles a bordo del ENDLESS SUMMER. El yate es comod\u00edsimo, la comida espectacular y el tobog\u00e1n ha sido el favorito de todos. Gracias al capit\u00e1n y la tripulaci\u00f3n por cuidarnos tan bien. \u00a1Volveremos seguro!\u201d-\u00a0<strong>Catherine &amp; Richard W., Londres<\/strong><\/p>\t\t\t\t\t\t\t\t<\/div>\n\t\t\t\t<div class=\"elementor-element elementor-element-5d2648e elementor-widget-divider--view-line elementor-widget elementor-widget-divider\" data-id=\"5d2648e\" data-element_type=\"widget\" data-widget_type=\"divider.default\">\n\t\t\t\t\t\t\t<div class=\"elementor-divider\">\n\t\t\t<span class=\"elementor-divider-separator\">\n\t\t\t\t\t\t<\/span>\n\t\t<\/div>\n\t\t\t\t\t\t<\/div>\n\t\t\t\t<div class=\"elementor-element elementor-element-7ffb41e elementor-widget elementor-widget-text-editor\" data-id=\"7ffb41e\" data-element_type=\"widget\" data-widget_type=\"text-editor.default\">\n\t\t\t\t\t\t\t\t\t<h2 style=\"text-align: center;\"><a href=\"https:\/\/www.charteranddreams.com\/es\/yacht\/hakuna-matata-couach-3700-fly\/?utm_source=Newsletter+C%26D+-+ES&amp;utm_campaign=8184b8579e-EMAIL_CAMPAIGN_2025_03_28_IBIZA_COPY_01&amp;utm_medium=email&amp;utm_term=0_-31981e5625-\" target=\"_blank\" rel=\"noopener\" data-saferedirecturl=\"https:\/\/www.google.com\/url?q=https:\/\/www.charteranddreams.com\/es\/yacht\/hakuna-matata-couach-3700-fly\/?utm_source%3DNewsletter%2BC%2526D%2B-%2BES%26utm_campaign%3D8184b8579e-EMAIL_CAMPAIGN_2025_03_28_IBIZA_COPY_01%26utm_medium%3Demail%26utm_term%3D0_-31981e5625-&amp;source=gmail&amp;ust=1743861022215000&amp;usg=AOvVaw19k9__dw5vu5n8jBjYT9DT\">HAKUNA MATATA<\/a><\/h2><p style=\"text-align: center;\"><span style=\"color: #808080;\"><strong>A\u00f1o\u00a0<\/strong>2009 |\u00a0<strong>Refit\u00a0<\/strong>2023 |\u00a0<strong>Eslora\u00a0<\/strong>36,90 m |\u00a0<strong>Camarotes<\/strong>\u00a06 |\u00a0<strong>Hu\u00e9spedes<\/strong> 12<\/span><\/p><p style=\"text-align: center;\">El elegante yate HAKUNA MATATA, de 37 metros de eslora, fue construido por Couach en 2009 y completamente reformado en 2023 para ofrecer el m\u00e1ximo confort. Con capacidad para 12 hu\u00e9spedes en 6 lujosos camarotes, este yate combina un dise\u00f1o interior luminoso con\u00a0<strong>grandes ventanales que enmarcan vistas panor\u00e1micas al mar<\/strong>. Su impresionante sol\u00e1rium cuenta con techo retr\u00e1ctil, bar, jacuzzi y tumbonas, creando el entorno perfecto para el relax y la diversi\u00f3n. Adem\u00e1s, a bordo se encuentra\u00a0<strong>uno de los mejores chefs de Grecia, asegurando una experiencia gastron\u00f3mica inigualable<\/strong>.<\/p>\t\t\t\t\t\t\t\t<\/div>\n\t\t<div class=\"elementor-element elementor-element-f67771a e-grid e-con-full e-con e-child\" data-id=\"f67771a\" data-element_type=\"container\">\n\t\t\t\t<div class=\"elementor-element elementor-element-07d1251 elementor-widget elementor-widget-image\" data-id=\"07d1251\" data-element_type=\"widget\" data-widget_type=\"image.default\">\n\t\t\t\t\t\t\t\t\t\t\t\t\t\t\t\t<a href=\"https:\/\/www.charteranddreams.com\/es\/yacht\/hakuna-matata-couach-3700-fly\/\">\n\t\t\t\t\t\t\t<img decoding=\"async\" width=\"800\" height=\"502\" src=\"https:\/\/www.charteranddreams.com\/wp-content\/uploads\/2025\/04\/Hakuna-1-1550x973.jpg\" class=\"attachment-large size-large wp-image-102603\" alt=\"\" srcset=\"https:\/\/www.charteranddreams.com\/wp-content\/uploads\/2025\/04\/Hakuna-1-1550x973.jpg 1550w, https:\/\/www.charteranddreams.com\/wp-content\/uploads\/2025\/04\/Hakuna-1-992x623.jpg 992w, https:\/\/www.charteranddreams.com\/wp-content\/uploads\/2025\/04\/Hakuna-1-576x362.jpg 576w, https:\/\/www.charteranddreams.com\/wp-content\/uploads\/2025\/04\/Hakuna-1-768x482.jpg 768w, https:\/\/www.charteranddreams.com\/wp-content\/uploads\/2025\/04\/Hakuna-1-1536x964.jpg 1536w, https:\/\/www.charteranddreams.com\/wp-content\/uploads\/2025\/04\/Hakuna-1.jpg 1720w\" sizes=\"(max-width: 800px) 100vw, 800px\" \/>\t\t\t\t\t\t\t\t<\/a>\n\t\t\t\t\t\t\t\t\t\t\t\t\t\t\t<\/div>\n\t\t\t\t<div class=\"elementor-element elementor-element-4d74a97 elementor-widget elementor-widget-image\" data-id=\"4d74a97\" data-element_type=\"widget\" data-widget_type=\"image.default\">\n\t\t\t\t\t\t\t\t\t\t\t\t\t\t\t\t<a href=\"https:\/\/www.charteranddreams.com\/es\/yacht\/hakuna-matata-couach-3700-fly\/\">\n\t\t\t\t\t\t\t<img decoding=\"async\" width=\"800\" height=\"502\" src=\"https:\/\/www.charteranddreams.com\/wp-content\/uploads\/2025\/04\/Hakuna-2-1550x973.jpg\" class=\"attachment-large size-large wp-image-102600\" alt=\"\" srcset=\"https:\/\/www.charteranddreams.com\/wp-content\/uploads\/2025\/04\/Hakuna-2-1550x973.jpg 1550w, https:\/\/www.charteranddreams.com\/wp-content\/uploads\/2025\/04\/Hakuna-2-992x623.jpg 992w, https:\/\/www.charteranddreams.com\/wp-content\/uploads\/2025\/04\/Hakuna-2-576x362.jpg 576w, https:\/\/www.charteranddreams.com\/wp-content\/uploads\/2025\/04\/Hakuna-2-768x482.jpg 768w, https:\/\/www.charteranddreams.com\/wp-content\/uploads\/2025\/04\/Hakuna-2-1536x964.jpg 1536w, https:\/\/www.charteranddreams.com\/wp-content\/uploads\/2025\/04\/Hakuna-2.jpg 1720w\" sizes=\"(max-width: 800px) 100vw, 800px\" \/>\t\t\t\t\t\t\t\t<\/a>\n\t\t\t\t\t\t\t\t\t\t\t\t\t\t\t<\/div>\n\t\t\t\t<\/div>\n\t\t\t\t\t<\/div>\n\t\t\t\t<\/div>\n\t\t<div class=\"elementor-element elementor-element-39849de e-flex e-con-boxed e-con e-parent\" data-id=\"39849de\" data-element_type=\"container\">\n\t\t\t\t\t<div class=\"e-con-inner\">\n\t\t\t\t<div class=\"elementor-element elementor-element-bfd6a9d elementor-widget elementor-widget-text-editor\" data-id=\"bfd6a9d\" data-element_type=\"widget\" data-widget_type=\"text-editor.default\">\n\t\t\t\t\t\t\t\t\t<p class=\"m_2738929370479560298mcePastedContent\"><strong>En el libro de visitas\u2026<\/strong><\/p><p>\u201cDesde el primer momento nos sentimos como en casa, las vistas desde el sal\u00f3n son espectaculares. Pero lo mejor de todo ha sido la comida, sin duda el mejor chef que hemos tenido en un yate. Mil gracias por todo, ha sido un viaje perfecto.\u201d &#8211;\u00a0<strong>D.M., M\u00f3naco<\/strong><\/p>\t\t\t\t\t\t\t\t<\/div>\n\t\t\t\t<div class=\"elementor-element elementor-element-5779d3d elementor-widget-divider--view-line elementor-widget elementor-widget-divider\" data-id=\"5779d3d\" data-element_type=\"widget\" data-widget_type=\"divider.default\">\n\t\t\t\t\t\t\t<div class=\"elementor-divider\">\n\t\t\t<span class=\"elementor-divider-separator\">\n\t\t\t\t\t\t<\/span>\n\t\t<\/div>\n\t\t\t\t\t\t<\/div>\n\t\t\t\t<div class=\"elementor-element elementor-element-6d37940 elementor-widget elementor-widget-text-editor\" data-id=\"6d37940\" data-element_type=\"widget\" data-widget_type=\"text-editor.default\">\n\t\t\t\t\t\t\t\t\t<h2 style=\"text-align: center;\"><a href=\"https:\/\/www.charteranddreams.com\/es\/yacht\/sounion-ii-benetti\/\" target=\"_blank\" rel=\"noopener\" data-saferedirecturl=\"https:\/\/www.google.com\/url?q=https:\/\/www.charteranddreams.com\/es\/yacht\/sounion-ii-benetti\/?utm_source%3DNewsletter%2BC%2526D%2B-%2BES%26utm_campaign%3D8184b8579e-EMAIL_CAMPAIGN_2025_03_28_IBIZA_COPY_01%26utm_medium%3Demail%26utm_term%3D0_-31981e5625-&amp;source=gmail&amp;ust=1743861022216000&amp;usg=AOvVaw2PPm_4zCZuQkeab-wabLrZ\">SOUNION II<\/a><\/h2><p style=\"text-align: center;\"><span style=\"color: #808080;\"><strong>A\u00f1o\u00a0<\/strong>1969 |\u00a0<strong>A\u00f1o\u00a0<\/strong>2023 |\u00a0<strong>Eslora\u00a0<\/strong>31,62 m |\u00a0<strong>Camarotes<\/strong>\u00a04 |\u00a0<strong>Hu\u00e9spedes<\/strong> 10<\/span><\/p><p style=\"text-align: center;\"><strong>Cl\u00e1sico, elegante y con un servicio impecable<\/strong>, SOUNION II es un yate a motor de 31 metros de eslora con tres cubiertas, construido por el legendario astillero\u00a0<strong>Benetti<\/strong>\u00a0en 1969 y reformado en 2023. Su dise\u00f1o exterior mantiene la esencia atemporal de un Benetti cl\u00e1sico, mientras que su interior, obra del prestigioso dise\u00f1ador Frederic Mechiche, ha sido transformado en un\u00a0<strong>espacio moderno y lujoso<\/strong>.<\/p>\t\t\t\t\t\t\t\t<\/div>\n\t\t<div class=\"elementor-element elementor-element-d2038fd e-grid e-con-full e-con e-child\" data-id=\"d2038fd\" data-element_type=\"container\">\n\t\t\t\t<div class=\"elementor-element elementor-element-7bfc538 elementor-widget elementor-widget-image\" data-id=\"7bfc538\" data-element_type=\"widget\" data-widget_type=\"image.default\">\n\t\t\t\t\t\t\t\t\t\t\t\t\t\t\t\t<a href=\"https:\/\/www.charteranddreams.com\/es\/yacht\/sounion-ii-benetti\/\">\n\t\t\t\t\t\t\t<img decoding=\"async\" width=\"800\" height=\"502\" src=\"https:\/\/www.charteranddreams.com\/wp-content\/uploads\/2025\/04\/Sounion-1-1550x973.jpg\" class=\"attachment-large size-large wp-image-102597\" alt=\"\" srcset=\"https:\/\/www.charteranddreams.com\/wp-content\/uploads\/2025\/04\/Sounion-1-1550x973.jpg 1550w, https:\/\/www.charteranddreams.com\/wp-content\/uploads\/2025\/04\/Sounion-1-992x623.jpg 992w, https:\/\/www.charteranddreams.com\/wp-content\/uploads\/2025\/04\/Sounion-1-576x362.jpg 576w, https:\/\/www.charteranddreams.com\/wp-content\/uploads\/2025\/04\/Sounion-1-768x482.jpg 768w, https:\/\/www.charteranddreams.com\/wp-content\/uploads\/2025\/04\/Sounion-1-1536x964.jpg 1536w, https:\/\/www.charteranddreams.com\/wp-content\/uploads\/2025\/04\/Sounion-1.jpg 1720w\" sizes=\"(max-width: 800px) 100vw, 800px\" \/>\t\t\t\t\t\t\t\t<\/a>\n\t\t\t\t\t\t\t\t\t\t\t\t\t\t\t<\/div>\n\t\t\t\t<div class=\"elementor-element elementor-element-af8dee0 elementor-widget elementor-widget-image\" data-id=\"af8dee0\" data-element_type=\"widget\" data-widget_type=\"image.default\">\n\t\t\t\t\t\t\t\t\t\t\t\t\t\t\t\t<a href=\"https:\/\/www.charteranddreams.com\/es\/yacht\/sounion-ii-benetti\/\">\n\t\t\t\t\t\t\t<img decoding=\"async\" width=\"800\" height=\"502\" src=\"https:\/\/www.charteranddreams.com\/wp-content\/uploads\/2025\/04\/Sounion-2-1550x973.jpg\" class=\"attachment-large size-large wp-image-102594\" alt=\"\" srcset=\"https:\/\/www.charteranddreams.com\/wp-content\/uploads\/2025\/04\/Sounion-2-1550x973.jpg 1550w, https:\/\/www.charteranddreams.com\/wp-content\/uploads\/2025\/04\/Sounion-2-992x623.jpg 992w, https:\/\/www.charteranddreams.com\/wp-content\/uploads\/2025\/04\/Sounion-2-576x362.jpg 576w, https:\/\/www.charteranddreams.com\/wp-content\/uploads\/2025\/04\/Sounion-2-768x482.jpg 768w, https:\/\/www.charteranddreams.com\/wp-content\/uploads\/2025\/04\/Sounion-2-1536x964.jpg 1536w, https:\/\/www.charteranddreams.com\/wp-content\/uploads\/2025\/04\/Sounion-2.jpg 1720w\" sizes=\"(max-width: 800px) 100vw, 800px\" \/>\t\t\t\t\t\t\t\t<\/a>\n\t\t\t\t\t\t\t\t\t\t\t\t\t\t\t<\/div>\n\t\t\t\t<\/div>\n\t\t\t\t\t<\/div>\n\t\t\t\t<\/div>\n\t\t<div class=\"elementor-element elementor-element-84d2617 e-flex e-con-boxed e-con e-parent\" data-id=\"84d2617\" data-element_type=\"container\">\n\t\t\t\t\t<div class=\"e-con-inner\">\n\t\t\t\t<div class=\"elementor-element elementor-element-8cf1c9a elementor-widget elementor-widget-text-editor\" data-id=\"8cf1c9a\" data-element_type=\"widget\" data-widget_type=\"text-editor.default\">\n\t\t\t\t\t\t\t\t\t<p class=\"m_2738929370479560298mcePastedContent\"><strong>En el libro de visitas\u2026<\/strong><\/p><p>\u201cEste yate tiene un encanto especial. Nos ha encantado la comodidad a bordo y el servicio de 10. La tripulaci\u00f3n ha estado atenta a todo y la semana ha pasado volando. Sin duda, repetiremos.\u201d &#8211;\u00a0<strong>Alexander T., Munich<\/strong><\/p>\t\t\t\t\t\t\t\t<\/div>\n\t\t\t\t<div class=\"elementor-element elementor-element-6fb2fcf elementor-widget-divider--view-line elementor-widget elementor-widget-divider\" data-id=\"6fb2fcf\" data-element_type=\"widget\" data-widget_type=\"divider.default\">\n\t\t\t\t\t\t\t<div class=\"elementor-divider\">\n\t\t\t<span class=\"elementor-divider-separator\">\n\t\t\t\t\t\t<\/span>\n\t\t<\/div>\n\t\t\t\t\t\t<\/div>\n\t\t\t\t<div class=\"elementor-element elementor-element-e73aba1 elementor-widget elementor-widget-text-editor\" data-id=\"e73aba1\" data-element_type=\"widget\" data-widget_type=\"text-editor.default\">\n\t\t\t\t\t\t\t\t\t<h2 style=\"text-align: center;\"><a href=\"https:\/\/www.charteranddreams.com\/es\/yacht\/above-beyond-sunreef-80\/\" target=\"_blank\" rel=\"noopener\" data-saferedirecturl=\"https:\/\/www.google.com\/url?q=https:\/\/www.charteranddreams.com\/es\/yacht\/above-beyond-sunreef-80\/?utm_source%3DNewsletter%2BC%2526D%2B-%2BES%26utm_campaign%3D8184b8579e-EMAIL_CAMPAIGN_2025_03_28_IBIZA_COPY_01%26utm_medium%3Demail%26utm_term%3D0_-31981e5625-&amp;source=gmail&amp;ust=1743861022216000&amp;usg=AOvVaw0GV5vcGItHM_q9rsnWDhw_\">ABOVE &amp; BEYOND<\/a><\/h2><p style=\"text-align: center;\"><span style=\"color: #808080;\"><strong>A\u00f1o\u00a0<\/strong>2019 |\u00a0<strong>Refit\u00a0<\/strong>2023 |\u00a0<strong>Eslora\u00a0<\/strong>24.00 m |\u00a0<strong>Camarotes<\/strong>\u00a04 |\u00a0<strong>Hu\u00e9spedes<\/strong> 8<\/span><\/p><p class=\"m_2738929370479560298mcePastedContent\" style=\"text-align: center;\">El espectacular ABOVE &amp; BEYOND es un Sunreef 80, un catamar\u00e1n de lujo construido por el renombrado astillero\u00a0<strong>Sunreef Yachts<\/strong>\u00a0en 2019 y reacondicionado en 2023. Con un impresionante\u00a0<strong>espacio habitable de 340 m\u00b2<\/strong>, este yate combina a la perfecci\u00f3n elegancia, innovaci\u00f3n y confort. Su dise\u00f1o vanguardista y caracter\u00edsticas de \u00faltima generaci\u00f3n lo convierten en una opci\u00f3n inmejorable para una experiencia de navegaci\u00f3n exclusiva. A bordo, una tripulaci\u00f3n profesional de cinco miembros se encargar\u00e1 de hacer que cada momento sea simplemente sublime.<\/p>\t\t\t\t\t\t\t\t<\/div>\n\t\t<div class=\"elementor-element elementor-element-ae74ca4 e-grid e-con-full e-con e-child\" data-id=\"ae74ca4\" data-element_type=\"container\">\n\t\t\t\t<div class=\"elementor-element elementor-element-cad6e10 elementor-widget elementor-widget-image\" data-id=\"cad6e10\" data-element_type=\"widget\" data-widget_type=\"image.default\">\n\t\t\t\t\t\t\t\t\t\t\t\t\t\t\t\t<a href=\"https:\/\/www.charteranddreams.com\/es\/yacht\/above-beyond-sunreef-80\/\">\n\t\t\t\t\t\t\t<img decoding=\"async\" width=\"800\" height=\"502\" src=\"https:\/\/www.charteranddreams.com\/wp-content\/uploads\/2025\/04\/Above-1-1550x973.jpg\" class=\"attachment-large size-large wp-image-102591\" alt=\"\" srcset=\"https:\/\/www.charteranddreams.com\/wp-content\/uploads\/2025\/04\/Above-1-1550x973.jpg 1550w, https:\/\/www.charteranddreams.com\/wp-content\/uploads\/2025\/04\/Above-1-992x623.jpg 992w, https:\/\/www.charteranddreams.com\/wp-content\/uploads\/2025\/04\/Above-1-576x362.jpg 576w, https:\/\/www.charteranddreams.com\/wp-content\/uploads\/2025\/04\/Above-1-768x482.jpg 768w, https:\/\/www.charteranddreams.com\/wp-content\/uploads\/2025\/04\/Above-1-1536x964.jpg 1536w, https:\/\/www.charteranddreams.com\/wp-content\/uploads\/2025\/04\/Above-1.jpg 1720w\" sizes=\"(max-width: 800px) 100vw, 800px\" \/>\t\t\t\t\t\t\t\t<\/a>\n\t\t\t\t\t\t\t\t\t\t\t\t\t\t\t<\/div>\n\t\t\t\t<div class=\"elementor-element elementor-element-4c68f25 elementor-widget elementor-widget-image\" data-id=\"4c68f25\" data-element_type=\"widget\" data-widget_type=\"image.default\">\n\t\t\t\t\t\t\t\t\t\t\t\t\t\t\t\t<a href=\"https:\/\/www.charteranddreams.com\/es\/yacht\/above-beyond-sunreef-80\/\">\n\t\t\t\t\t\t\t<img decoding=\"async\" width=\"800\" height=\"502\" src=\"https:\/\/www.charteranddreams.com\/wp-content\/uploads\/2025\/04\/Above-2-1550x973.jpg\" class=\"attachment-large size-large wp-image-102588\" alt=\"\" srcset=\"https:\/\/www.charteranddreams.com\/wp-content\/uploads\/2025\/04\/Above-2-1550x973.jpg 1550w, https:\/\/www.charteranddreams.com\/wp-content\/uploads\/2025\/04\/Above-2-992x623.jpg 992w, https:\/\/www.charteranddreams.com\/wp-content\/uploads\/2025\/04\/Above-2-576x362.jpg 576w, https:\/\/www.charteranddreams.com\/wp-content\/uploads\/2025\/04\/Above-2-768x482.jpg 768w, https:\/\/www.charteranddreams.com\/wp-content\/uploads\/2025\/04\/Above-2-1536x964.jpg 1536w, https:\/\/www.charteranddreams.com\/wp-content\/uploads\/2025\/04\/Above-2.jpg 1720w\" sizes=\"(max-width: 800px) 100vw, 800px\" \/>\t\t\t\t\t\t\t\t<\/a>\n\t\t\t\t\t\t\t\t\t\t\t\t\t\t\t<\/div>\n\t\t\t\t<\/div>\n\t\t\t\t\t<\/div>\n\t\t\t\t<\/div>\n\t\t<div class=\"elementor-element elementor-element-fc00bf0 e-flex e-con-boxed e-con e-parent\" data-id=\"fc00bf0\" data-element_type=\"container\">\n\t\t\t\t\t<div class=\"e-con-inner\">\n\t\t\t\t<div class=\"elementor-element elementor-element-a422105 elementor-widget elementor-widget-text-editor\" data-id=\"a422105\" data-element_type=\"widget\" data-widget_type=\"text-editor.default\">\n\t\t\t\t\t\t\t\t\t<p class=\"m_2738929370479560298mcePastedContent\"><strong>En el libro de visitas\u2026<\/strong><\/p><p>\u201cHa sido una experiencia incre\u00edble, el yate es amplio, c\u00f3modo y con un equipo que nos ha hecho sentir especiales cada d\u00eda. No pod\u00edamos haber pedido m\u00e1s. Gracias por unas vacaciones inolvidables.\u201d &#8211;\u00a0<strong>Sophie &amp; Marc L., Par\u00eds<\/strong><\/p>\t\t\t\t\t\t\t\t<\/div>\n\t\t\t\t<div class=\"elementor-element elementor-element-f828535 elementor-widget elementor-widget-text-editor\" data-id=\"f828535\" data-element_type=\"widget\" data-widget_type=\"text-editor.default\">\n\t\t\t\t\t\t\t\t\t<h3 style=\"text-align: center;\">Reserva tu yate y prep\u00e1rate para un verano extraordinario<\/h3><h4 style=\"text-align: center;\">Asegura tu yate de lujo esta temporada y empieza a planear tus vacaciones so\u00f1adas.<\/h4>\t\t\t\t\t\t\t\t<\/div>\n\t\t\t\t\t<\/div>\n\t\t\t\t<\/div>\n\t\t<div class=\"elementor-element elementor-element-28194fa7 e-flex e-con-boxed e-con e-parent\" data-id=\"28194fa7\" data-element_type=\"container\">\n\t\t\t\t\t<div class=\"e-con-inner\">\n\t\t<div class=\"elementor-element elementor-element-4c1c4968 e-con-full e-flex e-con e-child\" data-id=\"4c1c4968\" data-element_type=\"container\">\n\t\t\t\t<div class=\"elementor-element elementor-element-59b46bc7 elementor-align-center elementor-widget elementor-widget-button\" data-id=\"59b46bc7\" data-element_type=\"widget\" data-widget_type=\"button.default\">\n\t\t\t\t\t\t\t\t\t\t<a class=\"elementor-button elementor-button-link elementor-size-sm\" href=\"#joinchat\">\n\t\t\t\t\t\t<span class=\"elementor-button-content-wrapper\">\n\t\t\t\t\t\t\t\t\t<span class=\"elementor-button-text\">CONTACTA POR WHATSAPP<\/span>\n\t\t\t\t\t<\/span>\n\t\t\t\t\t<\/a>\n\t\t\t\t\t\t\t\t<\/div>\n\t\t\t\t<\/div>\n\t\t<div class=\"elementor-element elementor-element-1631f241 e-con-full e-flex e-con e-child\" data-id=\"1631f241\" data-element_type=\"container\">\n\t\t\t\t<div class=\"elementor-element elementor-element-5ea4cc5a elementor-align-center elementor-widget elementor-widget-button\" data-id=\"5ea4cc5a\" data-element_type=\"widget\" data-widget_type=\"button.default\">\n\t\t\t\t\t\t\t\t\t\t<a class=\"elementor-button elementor-button-link elementor-size-sm\" href=\"https:\/\/www.charteranddreams.com\/es\/contact\/\">\n\t\t\t\t\t\t<span class=\"elementor-button-content-wrapper\">\n\t\t\t\t\t\t\t\t\t<span class=\"elementor-button-text\">CONTACTA POR EMAIL<\/span>\n\t\t\t\t\t<\/span>\n\t\t\t\t\t<\/a>\n\t\t\t\t\t\t\t\t<\/div>\n\t\t\t\t<\/div>\n\t\t\t\t\t<\/div>\n\t\t\t\t<\/div>\n\t\t\t\t<\/div>\n\t\t","protected":false},"excerpt":{"rendered":"<p>Greece: Calma y placer en el mar Egeo Puede que Mykonos y Santorini sean las islas m\u00e1s famosas de Grecia, pero navegar all\u00ed en julio y agosto no es la mejor idea debido al meltemi, un viento seco y fuerte que azota el mar Egeo en verano. Si buscas una\u00a0experiencia tranquila y relajada en Grecia [&hellip;]<\/p>\n","protected":false},"author":23,"featured_media":21473,"comment_status":"closed","ping_status":"closed","sticky":false,"template":"","format":"standard","meta":{"_acf_changed":false,"_joinchat":[],"footnotes":""},"categories":[20],"tags":[],"class_list":["post-102584","post","type-post","status-publish","format-standard","has-post-thumbnail","hentry","category-news-and-inspiration"],"acf":[],"_links":{"self":[{"href":"https:\/\/www.charteranddreams.com\/es\/wp-json\/wp\/v2\/posts\/102584","targetHints":{"allow":["GET"]}}],"collection":[{"href":"https:\/\/www.charteranddreams.com\/es\/wp-json\/wp\/v2\/posts"}],"about":[{"href":"https:\/\/www.charteranddreams.com\/es\/wp-json\/wp\/v2\/types\/post"}],"author":[{"embeddable":true,"href":"https:\/\/www.charteranddreams.com\/es\/wp-json\/wp\/v2\/users\/23"}],"replies":[{"embeddable":true,"href":"https:\/\/www.charteranddreams.com\/es\/wp-json\/wp\/v2\/comments?post=102584"}],"version-history":[{"count":9,"href":"https:\/\/www.charteranddreams.com\/es\/wp-json\/wp\/v2\/posts\/102584\/revisions"}],"predecessor-version":[{"id":108053,"href":"https:\/\/www.charteranddreams.com\/es\/wp-json\/wp\/v2\/posts\/102584\/revisions\/108053"}],"wp:featuredmedia":[{"embeddable":true,"href":"https:\/\/www.charteranddreams.com\/es\/wp-json\/wp\/v2\/media\/21473"}],"wp:attachment":[{"href":"https:\/\/www.charteranddreams.com\/es\/wp-json\/wp\/v2\/media?parent=102584"}],"wp:term":[{"taxonomy":"category","embeddable":true,"href":"https:\/\/www.charteranddreams.com\/es\/wp-json\/wp\/v2\/categories?post=102584"},{"taxonomy":"post_tag","embeddable":true,"href":"https:\/\/www.charteranddreams.com\/es\/wp-json\/wp\/v2\/tags?post=102584"}],"curies":[{"name":"wp","href":"https:\/\/api.w.org\/{rel}","templated":true}]}}