{"id":102116,"date":"2025-03-28T19:11:45","date_gmt":"2025-03-28T17:11:45","guid":{"rendered":"https:\/\/www.charteranddreams.com\/?p=102116"},"modified":"2025-08-01T11:58:27","modified_gmt":"2025-08-01T09:58:27","slug":"new-in-ibiza-5-exclusive-yachts-5-must-try-restaurants","status":"publish","type":"post","link":"https:\/\/www.charteranddreams.com\/es\/news-and-inspiration\/new-in-ibiza-5-exclusive-yachts-5-must-try-restaurants\/","title":{"rendered":"Novedades en IBIZA: 5 yates y 5 restaurantes exclusivos"},"content":{"rendered":"\t\t<div data-elementor-type=\"wp-post\" data-elementor-id=\"102116\" class=\"elementor elementor-102116 elementor-102114\" data-elementor-post-type=\"post\">\n\t\t\t\t<div class=\"elementor-element elementor-element-d25167d e-flex e-con-boxed e-con e-parent\" data-id=\"d25167d\" data-element_type=\"container\">\n\t\t\t\t\t<div class=\"e-con-inner\">\n\t\t\t\t<div class=\"elementor-element elementor-element-88d9493 elementor-widget elementor-widget-text-editor\" data-id=\"88d9493\" data-element_type=\"widget\" data-widget_type=\"text-editor.default\">\n\t\t\t\t\t\t\t\t\t<h2 style=\"text-align: center;\">Ibiza: lo \u00faltimo en lujo, yates y gastronom\u00eda<\/h2><p style=\"text-align: center;\">Esta temporada, te invitamos a descubrir\u00a0<strong>los 5 yates m\u00e1s nuevos de las Islas Baleares<\/strong>, dise\u00f1ados para quienes buscan una experiencia impecable de principio a fin. En tierra, no te pierdas\u00a0<strong>los 5 restaurantes de alta cocina m\u00e1s recientes<\/strong>\u00a0de Ibiza y Formentera, donde la privacidad y la exclusividad est\u00e1n garantizadas. \u00a1<strong>Descubre nuestra flota<\/strong>!<\/p><h4 style=\"text-align: center;\"><em>&#8211; <\/em><em>El placer de estrenar algo nuevo. El privilegio de ser el primero\u2026 En descubrir lo mejor. <\/em><em>&#8211;<\/em><\/h4><p style=\"text-align: center;\">\u00a0<\/p>\t\t\t\t\t\t\t\t<\/div>\n\t\t\t\t\t<\/div>\n\t\t\t\t<\/div>\n\t\t<div class=\"elementor-element elementor-element-f75ffc6 e-flex e-con-boxed e-con e-parent\" data-id=\"f75ffc6\" data-element_type=\"container\">\n\t\t\t\t\t<div class=\"e-con-inner\">\n\t\t<div class=\"elementor-element elementor-element-ad1f5ac e-con-full e-flex e-con e-child\" data-id=\"ad1f5ac\" data-element_type=\"container\">\n\t\t\t\t<div class=\"elementor-element elementor-element-6b37926 elementor-align-center elementor-widget elementor-widget-button\" data-id=\"6b37926\" data-element_type=\"widget\" data-widget_type=\"button.default\">\n\t\t\t\t\t\t\t\t\t\t<a class=\"elementor-button elementor-button-link elementor-size-sm\" href=\"#joinchat\">\n\t\t\t\t\t\t<span class=\"elementor-button-content-wrapper\">\n\t\t\t\t\t\t\t\t\t<span class=\"elementor-button-text\">CONTACTAR POR WHATSAPP<\/span>\n\t\t\t\t\t<\/span>\n\t\t\t\t\t<\/a>\n\t\t\t\t\t\t\t\t<\/div>\n\t\t\t\t<\/div>\n\t\t<div class=\"elementor-element elementor-element-2b6aa1d e-con-full e-flex e-con e-child\" data-id=\"2b6aa1d\" data-element_type=\"container\">\n\t\t\t\t<div class=\"elementor-element elementor-element-cec4b31 elementor-align-center elementor-widget elementor-widget-button\" data-id=\"cec4b31\" data-element_type=\"widget\" data-widget_type=\"button.default\">\n\t\t\t\t\t\t\t\t\t\t<a class=\"elementor-button elementor-button-link elementor-size-sm\" href=\"https:\/\/www.charteranddreams.com\/es\/contact\/\">\n\t\t\t\t\t\t<span class=\"elementor-button-content-wrapper\">\n\t\t\t\t\t\t\t\t\t<span class=\"elementor-button-text\">CONTACTAR POR EMAIL<\/span>\n\t\t\t\t\t<\/span>\n\t\t\t\t\t<\/a>\n\t\t\t\t\t\t\t\t<\/div>\n\t\t\t\t<\/div>\n\t\t\t\t\t<\/div>\n\t\t\t\t<\/div>\n\t\t<div class=\"elementor-element elementor-element-96ec8a0 e-flex e-con-boxed e-con e-parent\" data-id=\"96ec8a0\" data-element_type=\"container\">\n\t\t\t\t\t<div class=\"e-con-inner\">\n\t\t\t\t<div class=\"elementor-element elementor-element-4b56422 elementor-widget-divider--view-line elementor-widget elementor-widget-divider\" data-id=\"4b56422\" data-element_type=\"widget\" data-widget_type=\"divider.default\">\n\t\t\t\t\t\t\t<div class=\"elementor-divider\">\n\t\t\t<span class=\"elementor-divider-separator\">\n\t\t\t\t\t\t<\/span>\n\t\t<\/div>\n\t\t\t\t\t\t<\/div>\n\t\t\t\t<div class=\"elementor-element elementor-element-07d145d elementor-widget elementor-widget-text-editor\" data-id=\"07d145d\" data-element_type=\"widget\" data-widget_type=\"text-editor.default\">\n\t\t\t\t\t\t\t\t\t<h2 style=\"text-align: center;\"><a href=\"https:\/\/www.charteranddreams.com\/es\/yacht\/on-time-sanlorenzo\">ON TIME<\/a><\/h2><p style=\"text-align: center;\"><span style=\"color: #808080;\"><strong>A\u00f1o\u00a0<\/strong>2024 |\u00a0<strong>Eslora\u00a0<\/strong>34.16 m |\u00a0<strong>Camarotes<\/strong>\u00a05 |\u00a0<strong>Hu\u00e9spedes<\/strong> 10 | <strong>Tarifa:\u00a0<\/strong>desde 120.000 \u20ac\/semana<\/span><\/p><p>Bienvenido a bordo del lujoso yate ON TIME. Lanzado en 2024 por el prestigioso astillero italiano\u00a0<strong>Sanlorenzo<\/strong>\u00a0y con un\u00a0<strong>exquisito dise\u00f1o interior<\/strong>\u00a0de Studio Lissoni, este superyate combina a la perfecci\u00f3n elegancia, comodidad e innovaci\u00f3n.<\/p>\t\t\t\t\t\t\t\t<\/div>\n\t\t<div class=\"elementor-element elementor-element-9a9bd37 e-grid e-con-full e-con e-child\" data-id=\"9a9bd37\" data-element_type=\"container\">\n\t\t\t\t<div class=\"elementor-element elementor-element-b41b7c1 elementor-widget elementor-widget-image\" data-id=\"b41b7c1\" data-element_type=\"widget\" data-widget_type=\"image.default\">\n\t\t\t\t\t\t\t\t\t\t\t\t\t\t\t\t<a href=\"https:\/\/www.charteranddreams.com\/es\/yacht\/on-time-sanlorenzo\">\n\t\t\t\t\t\t\t<img decoding=\"async\" width=\"800\" height=\"450\" src=\"https:\/\/www.charteranddreams.com\/wp-content\/uploads\/2025\/03\/On-Time-1-1550x872.jpg\" class=\"attachment-large size-large wp-image-102119\" alt=\"\" srcset=\"https:\/\/www.charteranddreams.com\/wp-content\/uploads\/2025\/03\/On-Time-1-1550x872.jpg 1550w, https:\/\/www.charteranddreams.com\/wp-content\/uploads\/2025\/03\/On-Time-1-992x558.jpg 992w, https:\/\/www.charteranddreams.com\/wp-content\/uploads\/2025\/03\/On-Time-1-576x324.jpg 576w, https:\/\/www.charteranddreams.com\/wp-content\/uploads\/2025\/03\/On-Time-1-768x432.jpg 768w, https:\/\/www.charteranddreams.com\/wp-content\/uploads\/2025\/03\/On-Time-1-1536x864.jpg 1536w, https:\/\/www.charteranddreams.com\/wp-content\/uploads\/2025\/03\/On-Time-1-1900x1069.jpg 1900w, https:\/\/www.charteranddreams.com\/wp-content\/uploads\/2025\/03\/On-Time-1.jpg 1920w\" sizes=\"(max-width: 800px) 100vw, 800px\" \/>\t\t\t\t\t\t\t\t<\/a>\n\t\t\t\t\t\t\t\t\t\t\t\t\t\t\t<\/div>\n\t\t\t\t<div class=\"elementor-element elementor-element-503962f elementor-widget elementor-widget-image\" data-id=\"503962f\" data-element_type=\"widget\" data-widget_type=\"image.default\">\n\t\t\t\t\t\t\t\t\t\t\t\t\t\t\t\t<a href=\"https:\/\/www.charteranddreams.com\/es\/yacht\/on-time-sanlorenzo\">\n\t\t\t\t\t\t\t<img decoding=\"async\" width=\"800\" height=\"533\" src=\"https:\/\/www.charteranddreams.com\/wp-content\/uploads\/2025\/02\/M_Y-ON-TIME_107-1550x1033.jpg\" class=\"attachment-large size-large wp-image-99400\" alt=\"\" srcset=\"https:\/\/www.charteranddreams.com\/wp-content\/uploads\/2025\/02\/M_Y-ON-TIME_107-1550x1033.jpg 1550w, https:\/\/www.charteranddreams.com\/wp-content\/uploads\/2025\/02\/M_Y-ON-TIME_107-992x661.jpg 992w, https:\/\/www.charteranddreams.com\/wp-content\/uploads\/2025\/02\/M_Y-ON-TIME_107-576x384.jpg 576w, https:\/\/www.charteranddreams.com\/wp-content\/uploads\/2025\/02\/M_Y-ON-TIME_107-768x512.jpg 768w, https:\/\/www.charteranddreams.com\/wp-content\/uploads\/2025\/02\/M_Y-ON-TIME_107-1536x1024.jpg 1536w, https:\/\/www.charteranddreams.com\/wp-content\/uploads\/2025\/02\/M_Y-ON-TIME_107-2048x1365.jpg 2048w, https:\/\/www.charteranddreams.com\/wp-content\/uploads\/2025\/02\/M_Y-ON-TIME_107-1900x1267.jpg 1900w\" sizes=\"(max-width: 800px) 100vw, 800px\" \/>\t\t\t\t\t\t\t\t<\/a>\n\t\t\t\t\t\t\t\t\t\t\t\t\t\t\t<\/div>\n\t\t\t\t<\/div>\n\t\t\t\t\t<\/div>\n\t\t\t\t<\/div>\n\t\t<div class=\"elementor-element elementor-element-a2a35f4 e-flex e-con-boxed e-con e-parent\" data-id=\"a2a35f4\" data-element_type=\"container\">\n\t\t\t\t\t<div class=\"e-con-inner\">\n\t\t\t\t<div class=\"elementor-element elementor-element-288ee54 elementor-widget-divider--view-line elementor-widget elementor-widget-divider\" data-id=\"288ee54\" data-element_type=\"widget\" data-widget_type=\"divider.default\">\n\t\t\t\t\t\t\t<div class=\"elementor-divider\">\n\t\t\t<span class=\"elementor-divider-separator\">\n\t\t\t\t\t\t<\/span>\n\t\t<\/div>\n\t\t\t\t\t\t<\/div>\n\t\t\t\t<div class=\"elementor-element elementor-element-44f0079 elementor-widget elementor-widget-text-editor\" data-id=\"44f0079\" data-element_type=\"widget\" data-widget_type=\"text-editor.default\">\n\t\t\t\t\t\t\t\t\t<h2 style=\"text-align: center\"><a href=\"https:\/\/www.charteranddreams.com\/es\/yacht\/la-morocha-ferretti-1000\">LA MOROCHA<\/a><\/h2><p style=\"text-align: center\"><span style=\"color: #808080\"><strong>A\u00f1o\u00a0<\/strong>2024 |\u00a0<strong>Eslora\u00a0<\/strong>30.13 m |\u00a0<strong>Camarotes<\/strong>\u00a05 |\u00a0<strong>Hu\u00e9spedes<\/strong> 10 | <strong>Tarifa:\u00a0<\/strong>desde 110.000 \u20ac\/semana<\/span><\/p><p>El impresionante yate de lujo LA MOROCHA, construido por el astillero de renombre\u00a0<strong>Ferretti<\/strong>, es sin\u00f3nimo de est\u00e9tica, confort y exclusividad en el mar. Este yate de \u00faltima generaci\u00f3n combina un\u00a0<strong>dise\u00f1o sofisticado y tecnolog\u00eda avanzada<\/strong>, ofreciendo una experiencia de charter inigualable.<\/p>\t\t\t\t\t\t\t\t<\/div>\n\t\t<div class=\"elementor-element elementor-element-d34d2f7 e-grid e-con-full e-con e-child\" data-id=\"d34d2f7\" data-element_type=\"container\">\n\t\t\t\t<div class=\"elementor-element elementor-element-56bbc78 elementor-widget elementor-widget-image\" data-id=\"56bbc78\" data-element_type=\"widget\" data-widget_type=\"image.default\">\n\t\t\t\t\t\t\t\t\t\t\t\t\t\t\t\t<a href=\"https:\/\/www.charteranddreams.com\/es\/yacht\/la-morocha-ferretti-1000\">\n\t\t\t\t\t\t\t<img decoding=\"async\" width=\"800\" height=\"599\" src=\"https:\/\/www.charteranddreams.com\/wp-content\/uploads\/2025\/03\/La-Morocha-Yacht-Charter-1-1550x1161.jpg\" class=\"attachment-large size-large wp-image-101301\" alt=\"\" srcset=\"https:\/\/www.charteranddreams.com\/wp-content\/uploads\/2025\/03\/La-Morocha-Yacht-Charter-1-1550x1161.jpg 1550w, https:\/\/www.charteranddreams.com\/wp-content\/uploads\/2025\/03\/La-Morocha-Yacht-Charter-1-992x743.jpg 992w, https:\/\/www.charteranddreams.com\/wp-content\/uploads\/2025\/03\/La-Morocha-Yacht-Charter-1-576x431.jpg 576w, https:\/\/www.charteranddreams.com\/wp-content\/uploads\/2025\/03\/La-Morocha-Yacht-Charter-1-768x575.jpg 768w, https:\/\/www.charteranddreams.com\/wp-content\/uploads\/2025\/03\/La-Morocha-Yacht-Charter-1-1536x1150.jpg 1536w, https:\/\/www.charteranddreams.com\/wp-content\/uploads\/2025\/03\/La-Morocha-Yacht-Charter-1-1900x1423.jpg 1900w, https:\/\/www.charteranddreams.com\/wp-content\/uploads\/2025\/03\/La-Morocha-Yacht-Charter-1.jpg 1920w\" sizes=\"(max-width: 800px) 100vw, 800px\" \/>\t\t\t\t\t\t\t\t<\/a>\n\t\t\t\t\t\t\t\t\t\t\t\t\t\t\t<\/div>\n\t\t\t\t<div class=\"elementor-element elementor-element-21cb094 elementor-widget elementor-widget-image\" data-id=\"21cb094\" data-element_type=\"widget\" data-widget_type=\"image.default\">\n\t\t\t\t\t\t\t\t\t\t\t\t\t\t\t\t<a href=\"https:\/\/www.charteranddreams.com\/es\/yacht\/la-morocha-ferretti-1000\">\n\t\t\t\t\t\t\t<img decoding=\"async\" width=\"800\" height=\"599\" src=\"https:\/\/www.charteranddreams.com\/wp-content\/uploads\/2025\/03\/La-Morocha-Flybridge-1550x1161.jpg\" class=\"attachment-large size-large wp-image-101307\" alt=\"\" srcset=\"https:\/\/www.charteranddreams.com\/wp-content\/uploads\/2025\/03\/La-Morocha-Flybridge-1550x1161.jpg 1550w, https:\/\/www.charteranddreams.com\/wp-content\/uploads\/2025\/03\/La-Morocha-Flybridge-992x743.jpg 992w, https:\/\/www.charteranddreams.com\/wp-content\/uploads\/2025\/03\/La-Morocha-Flybridge-576x431.jpg 576w, https:\/\/www.charteranddreams.com\/wp-content\/uploads\/2025\/03\/La-Morocha-Flybridge-768x575.jpg 768w, https:\/\/www.charteranddreams.com\/wp-content\/uploads\/2025\/03\/La-Morocha-Flybridge-1536x1150.jpg 1536w, https:\/\/www.charteranddreams.com\/wp-content\/uploads\/2025\/03\/La-Morocha-Flybridge-1900x1423.jpg 1900w, https:\/\/www.charteranddreams.com\/wp-content\/uploads\/2025\/03\/La-Morocha-Flybridge.jpg 1920w\" sizes=\"(max-width: 800px) 100vw, 800px\" \/>\t\t\t\t\t\t\t\t<\/a>\n\t\t\t\t\t\t\t\t\t\t\t\t\t\t\t<\/div>\n\t\t\t\t<\/div>\n\t\t\t\t\t<\/div>\n\t\t\t\t<\/div>\n\t\t<div class=\"elementor-element elementor-element-d0a5741 e-flex e-con-boxed e-con e-parent\" data-id=\"d0a5741\" data-element_type=\"container\">\n\t\t\t\t\t<div class=\"e-con-inner\">\n\t\t\t\t<div class=\"elementor-element elementor-element-5d2648e elementor-widget-divider--view-line elementor-widget elementor-widget-divider\" data-id=\"5d2648e\" data-element_type=\"widget\" data-widget_type=\"divider.default\">\n\t\t\t\t\t\t\t<div class=\"elementor-divider\">\n\t\t\t<span class=\"elementor-divider-separator\">\n\t\t\t\t\t\t<\/span>\n\t\t<\/div>\n\t\t\t\t\t\t<\/div>\n\t\t\t\t<div class=\"elementor-element elementor-element-7ffb41e elementor-widget elementor-widget-text-editor\" data-id=\"7ffb41e\" data-element_type=\"widget\" data-widget_type=\"text-editor.default\">\n\t\t\t\t\t\t\t\t\t<h2 style=\"text-align: center\"><a href=\"https:\/\/www.charteranddreams.com\/en\/yacht\/barracuda-iii-argo-90\/\">BARRACUDA III<\/a><\/h2><p style=\"text-align: center\"><span style=\"color: #808080\"><strong>A\u00f1o\u00a0<\/strong>2024 |\u00a0<strong>Eslora\u00a0<\/strong>28,48 m |\u00a0<strong>Camarotes<\/strong>\u00a04 |\u00a0<strong>Hu\u00e9spedes<\/strong> 8 | <strong>Tarifa:\u00a0<\/strong>desde 75.000 \u20ac\/semana<\/span><\/p><p class=\"m_4596816014060510526mcePastedContent\">Bienvenido a bordo del BARRACUDA III, un exclusivo yate de lujo construido por el reconocido astillero\u00a0<strong>Riva<\/strong>. Este yate semidesplazante, con casco de GRP y flybridge, es un ejemplo de\u00a0<strong>estilo, comodidad y rendimiento superior<\/strong>. Perfecto para explorar las Baleares y sus rincones m\u00e1s impresionantes.<\/p>\t\t\t\t\t\t\t\t<\/div>\n\t\t<div class=\"elementor-element elementor-element-f67771a e-grid e-con-full e-con e-child\" data-id=\"f67771a\" data-element_type=\"container\">\n\t\t\t\t<div class=\"elementor-element elementor-element-07d1251 elementor-widget elementor-widget-image\" data-id=\"07d1251\" data-element_type=\"widget\" data-widget_type=\"image.default\">\n\t\t\t\t\t\t\t\t\t\t\t\t\t\t\t\t<a href=\"https:\/\/www.charteranddreams.com\/en\/yacht\/barracuda-iii-argo-90\/\">\n\t\t\t\t\t\t\t<img decoding=\"async\" width=\"800\" height=\"539\" src=\"https:\/\/www.charteranddreams.com\/wp-content\/uploads\/2024\/11\/Barracuda-III_03-1550x1044.jpg\" class=\"attachment-large size-large wp-image-94227\" alt=\"\" srcset=\"https:\/\/www.charteranddreams.com\/wp-content\/uploads\/2024\/11\/Barracuda-III_03-1550x1044.jpg 1550w, https:\/\/www.charteranddreams.com\/wp-content\/uploads\/2024\/11\/Barracuda-III_03-992x668.jpg 992w, https:\/\/www.charteranddreams.com\/wp-content\/uploads\/2024\/11\/Barracuda-III_03-576x388.jpg 576w, https:\/\/www.charteranddreams.com\/wp-content\/uploads\/2024\/11\/Barracuda-III_03-768x517.jpg 768w, https:\/\/www.charteranddreams.com\/wp-content\/uploads\/2024\/11\/Barracuda-III_03-1536x1035.jpg 1536w, https:\/\/www.charteranddreams.com\/wp-content\/uploads\/2024\/11\/Barracuda-III_03-2048x1379.jpg 2048w, https:\/\/www.charteranddreams.com\/wp-content\/uploads\/2024\/11\/Barracuda-III_03-1900x1280.jpg 1900w\" sizes=\"(max-width: 800px) 100vw, 800px\" \/>\t\t\t\t\t\t\t\t<\/a>\n\t\t\t\t\t\t\t\t\t\t\t\t\t\t\t<\/div>\n\t\t\t\t<div class=\"elementor-element elementor-element-4d74a97 elementor-widget elementor-widget-image\" data-id=\"4d74a97\" data-element_type=\"widget\" data-widget_type=\"image.default\">\n\t\t\t\t\t\t\t\t\t\t\t\t\t\t\t\t<a href=\"https:\/\/www.charteranddreams.com\/es\/yacht\/barracuda-iii-argo-90\/\">\n\t\t\t\t\t\t\t<img decoding=\"async\" width=\"800\" height=\"534\" src=\"https:\/\/www.charteranddreams.com\/wp-content\/uploads\/2024\/11\/Barracuda-III_39-1550x1034.jpg\" class=\"attachment-large size-large wp-image-94251\" alt=\"\" srcset=\"https:\/\/www.charteranddreams.com\/wp-content\/uploads\/2024\/11\/Barracuda-III_39-1550x1034.jpg 1550w, https:\/\/www.charteranddreams.com\/wp-content\/uploads\/2024\/11\/Barracuda-III_39-992x662.jpg 992w, https:\/\/www.charteranddreams.com\/wp-content\/uploads\/2024\/11\/Barracuda-III_39-576x384.jpg 576w, https:\/\/www.charteranddreams.com\/wp-content\/uploads\/2024\/11\/Barracuda-III_39-768x512.jpg 768w, https:\/\/www.charteranddreams.com\/wp-content\/uploads\/2024\/11\/Barracuda-III_39-1536x1024.jpg 1536w, https:\/\/www.charteranddreams.com\/wp-content\/uploads\/2024\/11\/Barracuda-III_39-2048x1366.jpg 2048w, https:\/\/www.charteranddreams.com\/wp-content\/uploads\/2024\/11\/Barracuda-III_39-1900x1267.jpg 1900w\" sizes=\"(max-width: 800px) 100vw, 800px\" \/>\t\t\t\t\t\t\t\t<\/a>\n\t\t\t\t\t\t\t\t\t\t\t\t\t\t\t<\/div>\n\t\t\t\t<\/div>\n\t\t\t\t\t<\/div>\n\t\t\t\t<\/div>\n\t\t<div class=\"elementor-element elementor-element-39849de e-flex e-con-boxed e-con e-parent\" data-id=\"39849de\" data-element_type=\"container\">\n\t\t\t\t\t<div class=\"e-con-inner\">\n\t\t\t\t<div class=\"elementor-element elementor-element-5779d3d elementor-widget-divider--view-line elementor-widget elementor-widget-divider\" data-id=\"5779d3d\" data-element_type=\"widget\" data-widget_type=\"divider.default\">\n\t\t\t\t\t\t\t<div class=\"elementor-divider\">\n\t\t\t<span class=\"elementor-divider-separator\">\n\t\t\t\t\t\t<\/span>\n\t\t<\/div>\n\t\t\t\t\t\t<\/div>\n\t\t\t\t<div class=\"elementor-element elementor-element-6d37940 elementor-widget elementor-widget-text-editor\" data-id=\"6d37940\" data-element_type=\"widget\" data-widget_type=\"text-editor.default\">\n\t\t\t\t\t\t\t\t\t<h2 style=\"text-align: center\">AMITATU<\/h2><p style=\"text-align: center\"><span style=\"color: #808080\"><strong>A\u00f1o\u00a0<\/strong>2024 |\u00a0<strong>Eslora\u00a0<\/strong>23.96 m |\u00a0<strong>Camarotes<\/strong>\u00a04 |\u00a0<strong>Hu\u00e9spedes<\/strong> 8 | <strong>Tarifa:\u00a0<\/strong>desde 85.000 \u20ac\/semana<\/span><\/p><p>Este espectacular catamar\u00e1n, reci\u00e9n construido por el astillero\u00a0<strong>Sunreef<\/strong>, destaca por un dise\u00f1o exterior sobrio y elegante y un interior en tonos crema. Sus amplias ventanas permiten que la luz natural invada el espacio principal, creando una\u00a0<strong>atm\u00f3sfera id\u00f3nea para la relajaci\u00f3n y la calma<\/strong>. Siente la paz del Mediterr\u00e1neo a bordo del AMITATU.<\/p>\t\t\t\t\t\t\t\t<\/div>\n\t\t<div class=\"elementor-element elementor-element-d2038fd e-grid e-con-full e-con e-child\" data-id=\"d2038fd\" data-element_type=\"container\">\n\t\t\t\t<div class=\"elementor-element elementor-element-7bfc538 elementor-widget elementor-widget-image\" data-id=\"7bfc538\" data-element_type=\"widget\" data-widget_type=\"image.default\">\n\t\t\t\t\t\t\t\t\t\t\t\t\t\t\t<img decoding=\"async\" width=\"800\" height=\"450\" src=\"https:\/\/www.charteranddreams.com\/wp-content\/uploads\/2025\/03\/Amitatu-1-1550x872.jpg\" class=\"attachment-large size-large wp-image-102123\" alt=\"\" srcset=\"https:\/\/www.charteranddreams.com\/wp-content\/uploads\/2025\/03\/Amitatu-1-1550x872.jpg 1550w, https:\/\/www.charteranddreams.com\/wp-content\/uploads\/2025\/03\/Amitatu-1-992x558.jpg 992w, https:\/\/www.charteranddreams.com\/wp-content\/uploads\/2025\/03\/Amitatu-1-576x324.jpg 576w, https:\/\/www.charteranddreams.com\/wp-content\/uploads\/2025\/03\/Amitatu-1-768x432.jpg 768w, https:\/\/www.charteranddreams.com\/wp-content\/uploads\/2025\/03\/Amitatu-1-1536x864.jpg 1536w, https:\/\/www.charteranddreams.com\/wp-content\/uploads\/2025\/03\/Amitatu-1-1900x1069.jpg 1900w, https:\/\/www.charteranddreams.com\/wp-content\/uploads\/2025\/03\/Amitatu-1.jpg 1920w\" sizes=\"(max-width: 800px) 100vw, 800px\" \/>\t\t\t\t\t\t\t\t\t\t\t\t\t\t\t<\/div>\n\t\t\t\t<div class=\"elementor-element elementor-element-af8dee0 elementor-widget elementor-widget-image\" data-id=\"af8dee0\" data-element_type=\"widget\" data-widget_type=\"image.default\">\n\t\t\t\t\t\t\t\t\t\t\t\t\t\t\t<img decoding=\"async\" width=\"800\" height=\"450\" src=\"https:\/\/www.charteranddreams.com\/wp-content\/uploads\/2025\/03\/Amitatu-2-1550x872.jpg\" class=\"attachment-large size-large wp-image-102126\" alt=\"\" srcset=\"https:\/\/www.charteranddreams.com\/wp-content\/uploads\/2025\/03\/Amitatu-2-1550x872.jpg 1550w, https:\/\/www.charteranddreams.com\/wp-content\/uploads\/2025\/03\/Amitatu-2-992x558.jpg 992w, https:\/\/www.charteranddreams.com\/wp-content\/uploads\/2025\/03\/Amitatu-2-576x324.jpg 576w, https:\/\/www.charteranddreams.com\/wp-content\/uploads\/2025\/03\/Amitatu-2-768x432.jpg 768w, https:\/\/www.charteranddreams.com\/wp-content\/uploads\/2025\/03\/Amitatu-2-1536x864.jpg 1536w, https:\/\/www.charteranddreams.com\/wp-content\/uploads\/2025\/03\/Amitatu-2-1900x1069.jpg 1900w, https:\/\/www.charteranddreams.com\/wp-content\/uploads\/2025\/03\/Amitatu-2.jpg 1920w\" sizes=\"(max-width: 800px) 100vw, 800px\" \/>\t\t\t\t\t\t\t\t\t\t\t\t\t\t\t<\/div>\n\t\t\t\t<\/div>\n\t\t\t\t\t<\/div>\n\t\t\t\t<\/div>\n\t\t<div class=\"elementor-element elementor-element-84d2617 e-flex e-con-boxed e-con e-parent\" data-id=\"84d2617\" data-element_type=\"container\">\n\t\t\t\t\t<div class=\"e-con-inner\">\n\t\t\t\t<div class=\"elementor-element elementor-element-6fb2fcf elementor-widget-divider--view-line elementor-widget elementor-widget-divider\" data-id=\"6fb2fcf\" data-element_type=\"widget\" data-widget_type=\"divider.default\">\n\t\t\t\t\t\t\t<div class=\"elementor-divider\">\n\t\t\t<span class=\"elementor-divider-separator\">\n\t\t\t\t\t\t<\/span>\n\t\t<\/div>\n\t\t\t\t\t\t<\/div>\n\t\t\t\t<div class=\"elementor-element elementor-element-e73aba1 elementor-widget elementor-widget-text-editor\" data-id=\"e73aba1\" data-element_type=\"widget\" data-widget_type=\"text-editor.default\">\n\t\t\t\t\t\t\t\t\t<h2 style=\"text-align: center\">ERA<\/h2><p style=\"text-align: center\"><span style=\"color: #808080\"><strong>A\u00f1o\u00a0<\/strong>2024 |\u00a0<strong>Eslora\u00a0<\/strong>20.50 m |\u00a0<strong>Camarotes<\/strong>\u00a04 |\u00a0<strong>Hu\u00e9spedes<\/strong> 8 | <strong>Tarifa:\u00a0<\/strong>desde 38.000 \u20ac\/semana<\/span><\/p><p>El catamar\u00e1n ERA, obra del astillero <strong>Fountaine Pajot<\/strong>, est\u00e1 dotado de amplios exteriores, perfectos para tomar el sol, relajarse en el jacuzzi o cenar bajo la luz de las estrellas. Explora Ibiza y Formentera a bordo de este catamar\u00e1n en el que la estabilidad, el entretenimiento y el lujo est\u00e1n asegurados.<\/p>\t\t\t\t\t\t\t\t<\/div>\n\t\t<div class=\"elementor-element elementor-element-ae74ca4 e-grid e-con-full e-con e-child\" data-id=\"ae74ca4\" data-element_type=\"container\">\n\t\t\t\t<div class=\"elementor-element elementor-element-cad6e10 elementor-widget elementor-widget-image\" data-id=\"cad6e10\" data-element_type=\"widget\" data-widget_type=\"image.default\">\n\t\t\t\t\t\t\t\t\t\t\t\t\t\t\t<img decoding=\"async\" width=\"800\" height=\"450\" src=\"https:\/\/www.charteranddreams.com\/wp-content\/uploads\/2025\/03\/Era-1-1550x872.jpg\" class=\"attachment-large size-large wp-image-102129\" alt=\"\" srcset=\"https:\/\/www.charteranddreams.com\/wp-content\/uploads\/2025\/03\/Era-1-1550x872.jpg 1550w, https:\/\/www.charteranddreams.com\/wp-content\/uploads\/2025\/03\/Era-1-992x558.jpg 992w, https:\/\/www.charteranddreams.com\/wp-content\/uploads\/2025\/03\/Era-1-576x324.jpg 576w, https:\/\/www.charteranddreams.com\/wp-content\/uploads\/2025\/03\/Era-1-768x432.jpg 768w, https:\/\/www.charteranddreams.com\/wp-content\/uploads\/2025\/03\/Era-1-1536x864.jpg 1536w, https:\/\/www.charteranddreams.com\/wp-content\/uploads\/2025\/03\/Era-1-1900x1069.jpg 1900w, https:\/\/www.charteranddreams.com\/wp-content\/uploads\/2025\/03\/Era-1.jpg 1920w\" sizes=\"(max-width: 800px) 100vw, 800px\" \/>\t\t\t\t\t\t\t\t\t\t\t\t\t\t\t<\/div>\n\t\t\t\t<div class=\"elementor-element elementor-element-4c68f25 elementor-widget elementor-widget-image\" data-id=\"4c68f25\" data-element_type=\"widget\" data-widget_type=\"image.default\">\n\t\t\t\t\t\t\t\t\t\t\t\t\t\t\t<img decoding=\"async\" width=\"800\" height=\"450\" src=\"https:\/\/www.charteranddreams.com\/wp-content\/uploads\/2025\/03\/Era-2-1550x872.jpg\" class=\"attachment-large size-large wp-image-102132\" alt=\"\" srcset=\"https:\/\/www.charteranddreams.com\/wp-content\/uploads\/2025\/03\/Era-2-1550x872.jpg 1550w, https:\/\/www.charteranddreams.com\/wp-content\/uploads\/2025\/03\/Era-2-992x558.jpg 992w, https:\/\/www.charteranddreams.com\/wp-content\/uploads\/2025\/03\/Era-2-576x324.jpg 576w, https:\/\/www.charteranddreams.com\/wp-content\/uploads\/2025\/03\/Era-2-768x432.jpg 768w, https:\/\/www.charteranddreams.com\/wp-content\/uploads\/2025\/03\/Era-2-1536x864.jpg 1536w, https:\/\/www.charteranddreams.com\/wp-content\/uploads\/2025\/03\/Era-2-1900x1069.jpg 1900w, https:\/\/www.charteranddreams.com\/wp-content\/uploads\/2025\/03\/Era-2.jpg 1920w\" sizes=\"(max-width: 800px) 100vw, 800px\" \/>\t\t\t\t\t\t\t\t\t\t\t\t\t\t\t<\/div>\n\t\t\t\t<\/div>\n\t\t\t\t\t<\/div>\n\t\t\t\t<\/div>\n\t\t<div class=\"elementor-element elementor-element-3814dabc e-flex e-con-boxed e-con e-parent\" data-id=\"3814dabc\" data-element_type=\"container\">\n\t\t\t\t\t<div class=\"e-con-inner\">\n\t\t<div class=\"elementor-element elementor-element-33b13026 e-con-full e-flex e-con e-child\" data-id=\"33b13026\" data-element_type=\"container\">\n\t\t\t\t<div class=\"elementor-element elementor-element-7bcdd2b elementor-align-center elementor-widget elementor-widget-button\" data-id=\"7bcdd2b\" data-element_type=\"widget\" data-widget_type=\"button.default\">\n\t\t\t\t\t\t\t\t\t\t<a class=\"elementor-button elementor-button-link elementor-size-sm\" href=\"#joinchat\">\n\t\t\t\t\t\t<span class=\"elementor-button-content-wrapper\">\n\t\t\t\t\t\t\t\t\t<span class=\"elementor-button-text\">CONTACTAR POR WHATSAPP<\/span>\n\t\t\t\t\t<\/span>\n\t\t\t\t\t<\/a>\n\t\t\t\t\t\t\t\t<\/div>\n\t\t\t\t<\/div>\n\t\t<div class=\"elementor-element elementor-element-1ba7f33 e-con-full e-flex e-con e-child\" data-id=\"1ba7f33\" data-element_type=\"container\">\n\t\t\t\t<div class=\"elementor-element elementor-element-7c38bb92 elementor-align-center elementor-widget elementor-widget-button\" data-id=\"7c38bb92\" data-element_type=\"widget\" data-widget_type=\"button.default\">\n\t\t\t\t\t\t\t\t\t\t<a class=\"elementor-button elementor-button-link elementor-size-sm\" href=\"https:\/\/www.charteranddreams.com\/es\/contact\/\">\n\t\t\t\t\t\t<span class=\"elementor-button-content-wrapper\">\n\t\t\t\t\t\t\t\t\t<span class=\"elementor-button-text\">CONTACTAR POR EMAIL<\/span>\n\t\t\t\t\t<\/span>\n\t\t\t\t\t<\/a>\n\t\t\t\t\t\t\t\t<\/div>\n\t\t\t\t<\/div>\n\t\t\t\t\t<\/div>\n\t\t\t\t<\/div>\n\t\t<div class=\"elementor-element elementor-element-fc00bf0 e-flex e-con-boxed e-con e-parent\" data-id=\"fc00bf0\" data-element_type=\"container\">\n\t\t\t\t\t<div class=\"e-con-inner\">\n\t\t\t\t<div class=\"elementor-element elementor-element-6a89cfa elementor-widget elementor-widget-heading\" data-id=\"6a89cfa\" data-element_type=\"widget\" data-widget_type=\"heading.default\">\n\t\t\t\t\t<h2 class=\"elementor-heading-title elementor-size-default\">5 nuevos restaurantes en Ibiza &amp; Formentera<\/h2>\t\t\t\t<\/div>\n\t\t\t\t\t<\/div>\n\t\t\t\t<\/div>\n\t\t<div class=\"elementor-element elementor-element-a11f5d1 e-grid e-con-boxed e-con e-parent\" data-id=\"a11f5d1\" data-element_type=\"container\" data-settings=\"{&quot;background_background&quot;:&quot;classic&quot;}\">\n\t\t\t\t\t<div class=\"e-con-inner\">\n\t\t\t\t<div class=\"elementor-element elementor-element-3ca3656 elementor-widget elementor-widget-image\" data-id=\"3ca3656\" data-element_type=\"widget\" data-widget_type=\"image.default\">\n\t\t\t\t\t\t\t\t\t\t\t\t\t\t\t<img decoding=\"async\" width=\"800\" height=\"460\" src=\"https:\/\/www.charteranddreams.com\/wp-content\/uploads\/2025\/03\/Es-fumeral.jpg\" class=\"attachment-large size-large wp-image-102147\" alt=\"\" srcset=\"https:\/\/www.charteranddreams.com\/wp-content\/uploads\/2025\/03\/Es-fumeral.jpg 1277w, https:\/\/www.charteranddreams.com\/wp-content\/uploads\/2025\/03\/Es-fumeral-992x570.jpg 992w, https:\/\/www.charteranddreams.com\/wp-content\/uploads\/2025\/03\/Es-fumeral-576x331.jpg 576w, https:\/\/www.charteranddreams.com\/wp-content\/uploads\/2025\/03\/Es-fumeral-768x441.jpg 768w\" sizes=\"(max-width: 800px) 100vw, 800px\" \/>\t\t\t\t\t\t\t\t\t\t\t\t\t\t\t<\/div>\n\t\t\t\t<div class=\"elementor-element elementor-element-1878eff elementor-widget elementor-widget-text-editor\" data-id=\"1878eff\" data-element_type=\"widget\" data-widget_type=\"text-editor.default\">\n\t\t\t\t\t\t\t\t\t<h3>Es Fumeral &#8211; Ibiza<\/h3><p>La nueva propuesta del chef de Casa Jondal, donde el fuego y el producto local se fusionan en una experiencia gastron\u00f3mica exclusiva.<\/p>\t\t\t\t\t\t\t\t<\/div>\n\t\t\t\t\t<\/div>\n\t\t\t\t<\/div>\n\t\t<div class=\"elementor-element elementor-element-32ee110 e-grid e-con-boxed e-con e-parent\" data-id=\"32ee110\" data-element_type=\"container\" data-settings=\"{&quot;background_background&quot;:&quot;classic&quot;}\">\n\t\t\t\t\t<div class=\"e-con-inner\">\n\t\t\t\t<div class=\"elementor-element elementor-element-1a286e4 elementor-widget elementor-widget-image\" data-id=\"1a286e4\" data-element_type=\"widget\" data-widget_type=\"image.default\">\n\t\t\t\t\t\t\t\t\t\t\t\t\t\t\t<img decoding=\"async\" width=\"1277\" height=\"734\" src=\"https:\/\/www.charteranddreams.com\/wp-content\/uploads\/2025\/03\/Hells-kitchen-1.jpg\" class=\"attachment-full size-full wp-image-102150\" alt=\"\" srcset=\"https:\/\/www.charteranddreams.com\/wp-content\/uploads\/2025\/03\/Hells-kitchen-1.jpg 1277w, https:\/\/www.charteranddreams.com\/wp-content\/uploads\/2025\/03\/Hells-kitchen-1-992x570.jpg 992w, https:\/\/www.charteranddreams.com\/wp-content\/uploads\/2025\/03\/Hells-kitchen-1-576x331.jpg 576w, https:\/\/www.charteranddreams.com\/wp-content\/uploads\/2025\/03\/Hells-kitchen-1-768x441.jpg 768w\" sizes=\"(max-width: 1277px) 100vw, 1277px\" \/>\t\t\t\t\t\t\t\t\t\t\t\t\t\t\t<\/div>\n\t\t\t\t<div class=\"elementor-element elementor-element-0d02457 elementor-widget elementor-widget-text-editor\" data-id=\"0d02457\" data-element_type=\"widget\" data-widget_type=\"text-editor.default\">\n\t\t\t\t\t\t\t\t\t<h3>Hell\u2019s Kitchen &#8211; Ibiza<\/h3><p>Ubicado en The Unexpected Ibiza Hotel en Playa d&#8217;en Bossa, este restaurante ofrece una cocina exquisita con un toque de espect\u00e1culo y la firma inconfundible de Gordon Ramsay.<\/p>\t\t\t\t\t\t\t\t<\/div>\n\t\t\t\t\t<\/div>\n\t\t\t\t<\/div>\n\t\t<div class=\"elementor-element elementor-element-cf84031 e-grid e-con-boxed e-con e-parent\" data-id=\"cf84031\" data-element_type=\"container\" data-settings=\"{&quot;background_background&quot;:&quot;classic&quot;}\">\n\t\t\t\t\t<div class=\"e-con-inner\">\n\t\t\t\t<div class=\"elementor-element elementor-element-555c2eb elementor-widget elementor-widget-image\" data-id=\"555c2eb\" data-element_type=\"widget\" data-widget_type=\"image.default\">\n\t\t\t\t\t\t\t\t\t\t\t\t\t\t\t<img decoding=\"async\" width=\"1277\" height=\"734\" src=\"https:\/\/www.charteranddreams.com\/wp-content\/uploads\/2025\/03\/amalur2.jpg\" class=\"attachment-full size-full wp-image-102135\" alt=\"\" srcset=\"https:\/\/www.charteranddreams.com\/wp-content\/uploads\/2025\/03\/amalur2.jpg 1277w, https:\/\/www.charteranddreams.com\/wp-content\/uploads\/2025\/03\/amalur2-992x570.jpg 992w, https:\/\/www.charteranddreams.com\/wp-content\/uploads\/2025\/03\/amalur2-576x331.jpg 576w, https:\/\/www.charteranddreams.com\/wp-content\/uploads\/2025\/03\/amalur2-768x441.jpg 768w\" sizes=\"(max-width: 1277px) 100vw, 1277px\" \/>\t\t\t\t\t\t\t\t\t\t\t\t\t\t\t<\/div>\n\t\t\t\t<div class=\"elementor-element elementor-element-d155609 elementor-widget elementor-widget-text-editor\" data-id=\"d155609\" data-element_type=\"widget\" data-widget_type=\"text-editor.default\">\n\t\t\t\t\t\t\t\t\t<h3>Amalurino &#8211; Ibiza<\/h3><p>La versi\u00f3n m\u00e1s \u00edntima y relajada de Amalur, manteniendo su excelencia culinaria con sabores refinados en un ambiente sofisticado.<\/p>\t\t\t\t\t\t\t\t<\/div>\n\t\t\t\t\t<\/div>\n\t\t\t\t<\/div>\n\t\t<div class=\"elementor-element elementor-element-8acf118 e-grid e-con-boxed e-con e-parent\" data-id=\"8acf118\" data-element_type=\"container\" data-settings=\"{&quot;background_background&quot;:&quot;classic&quot;}\">\n\t\t\t\t\t<div class=\"e-con-inner\">\n\t\t\t\t<div class=\"elementor-element elementor-element-891db13 elementor-widget elementor-widget-image\" data-id=\"891db13\" data-element_type=\"widget\" data-widget_type=\"image.default\">\n\t\t\t\t\t\t\t\t\t\t\t\t\t\t\t<img decoding=\"async\" width=\"1277\" height=\"734\" src=\"https:\/\/www.charteranddreams.com\/wp-content\/uploads\/2025\/03\/Clap-House.jpg\" class=\"attachment-full size-full wp-image-102144\" alt=\"\" srcset=\"https:\/\/www.charteranddreams.com\/wp-content\/uploads\/2025\/03\/Clap-House.jpg 1277w, https:\/\/www.charteranddreams.com\/wp-content\/uploads\/2025\/03\/Clap-House-992x570.jpg 992w, https:\/\/www.charteranddreams.com\/wp-content\/uploads\/2025\/03\/Clap-House-576x331.jpg 576w, https:\/\/www.charteranddreams.com\/wp-content\/uploads\/2025\/03\/Clap-House-768x441.jpg 768w\" sizes=\"(max-width: 1277px) 100vw, 1277px\" \/>\t\t\t\t\t\t\t\t\t\t\t\t\t\t\t<\/div>\n\t\t\t\t<div class=\"elementor-element elementor-element-ec3835d elementor-widget elementor-widget-text-editor\" data-id=\"ec3835d\" data-element_type=\"widget\" data-widget_type=\"text-editor.default\">\n\t\t\t\t\t\t\t\t\t<h3>Clap House &#8211; Ibiza<\/h3><p>Un concepto innovador que fusiona gastronom\u00eda de autor, m\u00fasica envolvente y una atm\u00f3sfera cosmopolita al m\u00e1s puro estilo ibicenco.<\/p>\t\t\t\t\t\t\t\t<\/div>\n\t\t\t\t\t<\/div>\n\t\t\t\t<\/div>\n\t\t<div class=\"elementor-element elementor-element-297bf40 e-grid e-con-boxed e-con e-parent\" data-id=\"297bf40\" data-element_type=\"container\" data-settings=\"{&quot;background_background&quot;:&quot;classic&quot;}\">\n\t\t\t\t\t<div class=\"e-con-inner\">\n\t\t\t\t<div class=\"elementor-element elementor-element-a52a93d elementor-widget elementor-widget-image\" data-id=\"a52a93d\" data-element_type=\"widget\" data-widget_type=\"image.default\">\n\t\t\t\t\t\t\t\t\t\t\t\t\t\t\t<img decoding=\"async\" width=\"1277\" height=\"734\" src=\"https:\/\/www.charteranddreams.com\/wp-content\/uploads\/2025\/03\/cala-duo.jpg\" class=\"attachment-full size-full wp-image-102138\" alt=\"\" srcset=\"https:\/\/www.charteranddreams.com\/wp-content\/uploads\/2025\/03\/cala-duo.jpg 1277w, https:\/\/www.charteranddreams.com\/wp-content\/uploads\/2025\/03\/cala-duo-992x570.jpg 992w, https:\/\/www.charteranddreams.com\/wp-content\/uploads\/2025\/03\/cala-duo-576x331.jpg 576w, https:\/\/www.charteranddreams.com\/wp-content\/uploads\/2025\/03\/cala-duo-768x441.jpg 768w\" sizes=\"(max-width: 1277px) 100vw, 1277px\" \/>\t\t\t\t\t\t\t\t\t\t\t\t\t\t\t<\/div>\n\t\t\t\t<div class=\"elementor-element elementor-element-8061fc1 elementor-widget elementor-widget-text-editor\" data-id=\"8061fc1\" data-element_type=\"widget\" data-widget_type=\"text-editor.default\">\n\t\t\t\t\t\t\t\t\t<h3>Cala Duo &#8211; Formentera<\/h3><p>Un rinc\u00f3n exclusivo en Formentera que combina cocina mediterr\u00e1nea de alto nivel con vistas id\u00edlicas al mar.<\/p>\t\t\t\t\t\t\t\t<\/div>\n\t\t\t\t\t<\/div>\n\t\t\t\t<\/div>\n\t\t\t\t<\/div>\n\t\t","protected":false},"excerpt":{"rendered":"<p>Ibiza: lo \u00faltimo en lujo, yates y gastronom\u00eda Esta temporada, te invitamos a descubrir\u00a0los 5 yates m\u00e1s nuevos de las Islas Baleares, dise\u00f1ados para quienes buscan una experiencia impecable de principio a fin. En tierra, no te pierdas\u00a0los 5 restaurantes de alta cocina m\u00e1s recientes\u00a0de Ibiza y Formentera, donde la privacidad y la exclusividad est\u00e1n [&hellip;]<\/p>\n","protected":false},"author":23,"featured_media":102119,"comment_status":"closed","ping_status":"closed","sticky":false,"template":"","format":"standard","meta":{"_acf_changed":false,"_joinchat":[],"footnotes":""},"categories":[20],"tags":[],"class_list":["post-102116","post","type-post","status-publish","format-standard","has-post-thumbnail","hentry","category-news-and-inspiration"],"acf":[],"_links":{"self":[{"href":"https:\/\/www.charteranddreams.com\/es\/wp-json\/wp\/v2\/posts\/102116","targetHints":{"allow":["GET"]}}],"collection":[{"href":"https:\/\/www.charteranddreams.com\/es\/wp-json\/wp\/v2\/posts"}],"about":[{"href":"https:\/\/www.charteranddreams.com\/es\/wp-json\/wp\/v2\/types\/post"}],"author":[{"embeddable":true,"href":"https:\/\/www.charteranddreams.com\/es\/wp-json\/wp\/v2\/users\/23"}],"replies":[{"embeddable":true,"href":"https:\/\/www.charteranddreams.com\/es\/wp-json\/wp\/v2\/comments?post=102116"}],"version-history":[{"count":15,"href":"https:\/\/www.charteranddreams.com\/es\/wp-json\/wp\/v2\/posts\/102116\/revisions"}],"predecessor-version":[{"id":108071,"href":"https:\/\/www.charteranddreams.com\/es\/wp-json\/wp\/v2\/posts\/102116\/revisions\/108071"}],"wp:featuredmedia":[{"embeddable":true,"href":"https:\/\/www.charteranddreams.com\/es\/wp-json\/wp\/v2\/media\/102119"}],"wp:attachment":[{"href":"https:\/\/www.charteranddreams.com\/es\/wp-json\/wp\/v2\/media?parent=102116"}],"wp:term":[{"taxonomy":"category","embeddable":true,"href":"https:\/\/www.charteranddreams.com\/es\/wp-json\/wp\/v2\/categories?post=102116"},{"taxonomy":"post_tag","embeddable":true,"href":"https:\/\/www.charteranddreams.com\/es\/wp-json\/wp\/v2\/tags?post=102116"}],"curies":[{"name":"wp","href":"https:\/\/api.w.org\/{rel}","templated":true}]}}