{"id":101929,"date":"2025-03-21T18:01:37","date_gmt":"2025-03-21T16:01:37","guid":{"rendered":"https:\/\/www.charteranddreams.com\/news-and-inspiration\/chartering-a-yacht-in-ibiza-essential-tips-for-2025\/"},"modified":"2025-09-25T15:46:49","modified_gmt":"2025-09-25T13:46:49","slug":"chartering-a-yacht-in-ibiza-essential-tips-for-2025","status":"publish","type":"post","link":"https:\/\/www.charteranddreams.com\/es\/news-and-inspiration\/chartering-a-yacht-in-ibiza-essential-tips-for-2025\/","title":{"rendered":"Alquilar un Yate en Ibiza: Consejos Clave para 2025"},"content":{"rendered":"\t\t<div data-elementor-type=\"wp-post\" data-elementor-id=\"101929\" class=\"elementor elementor-101929 elementor-101879\" data-elementor-post-type=\"post\">\n\t\t\t\t<div class=\"elementor-element elementor-element-b49069e e-flex e-con-boxed e-con e-parent\" data-id=\"b49069e\" data-element_type=\"container\">\n\t\t\t\t\t<div class=\"e-con-inner\">\n\t\t\t\t<div class=\"elementor-element elementor-element-8ff02d1 elementor-widget elementor-widget-heading\" data-id=\"8ff02d1\" data-element_type=\"widget\" data-widget_type=\"heading.default\">\n\t\t\t\t\t<h2 class=\"elementor-heading-title elementor-size-default\">Todo lo que necesitas saber para alquilar un yate de lujo en Ibiza y Formentera<\/h2>\t\t\t\t<\/div>\n\t\t\t\t<div class=\"elementor-element elementor-element-d920d11 elementor-widget elementor-widget-heading\" data-id=\"d920d11\" data-element_type=\"widget\" data-widget_type=\"heading.default\">\n\t\t\t\t\t<h4 class=\"elementor-heading-title elementor-size-default\">Consejos para que tus vacaciones en yate en Ibiza sean todo un \u00e9xito<\/h4>\t\t\t\t<\/div>\n\t\t\t\t<div class=\"elementor-element elementor-element-0058153 elementor-widget elementor-widget-text-editor\" data-id=\"0058153\" data-element_type=\"widget\" data-widget_type=\"text-editor.default\">\n\t\t\t\t\t\t\t\t\t<p><strong>Alquilar un yate en Ibiza<\/strong> es una de las mejores formas de explorar la isla desde una perspectiva \u00fanica. Sus calas escondidas, aguas turquesas y vibrante vida nocturna convierten esta experiencia en algo verdaderamente especial. Sin embargo, para garantizar un charter sin contratiempos, es importante tener en cuenta algunos aspectos clave antes de realizar la reserva. A continuaci\u00f3n, te damos los mejores consejos para que tu experiencia a bordo sea perfecta.<\/p>\t\t\t\t\t\t\t\t<\/div>\n\t\t\t\t\t<\/div>\n\t\t\t\t<\/div>\n\t\t<div class=\"elementor-element elementor-element-bb9b222 e-flex e-con-boxed e-con e-parent\" data-id=\"bb9b222\" data-element_type=\"container\">\n\t\t\t\t\t<div class=\"e-con-inner\">\n\t\t\t\t<div class=\"elementor-element elementor-element-aa1d43f elementor-widget elementor-widget-heading\" data-id=\"aa1d43f\" data-element_type=\"widget\" data-widget_type=\"heading.default\">\n\t\t\t\t\t<h2 class=\"elementor-heading-title elementor-size-default\">Consejos para alquilar un yate en Ibiza en 2025<\/h2>\t\t\t\t<\/div>\n\t\t\t\t<div class=\"elementor-element elementor-element-e94ef7f elementor-widget elementor-widget-heading\" data-id=\"e94ef7f\" data-element_type=\"widget\" data-widget_type=\"heading.default\">\n\t\t\t\t\t<h4 class=\"elementor-heading-title elementor-size-default\">1. Define tu experiencia ideal<\/h4>\t\t\t\t<\/div>\n\t\t\t\t<div class=\"elementor-element elementor-element-219b38a elementor-widget elementor-widget-text-editor\" data-id=\"219b38a\" data-element_type=\"widget\" data-widget_type=\"text-editor.default\">\n\t\t\t\t\t\t\t\t\t<p>Antes de reservar un yate en Ibiza, piensa qu\u00e9 tipo de experiencia est\u00e1s buscando. \u00bfEst\u00e1s planeando una fiesta a bordo de un yate de lujo? \u00bfUna escapada de relax con tu familia o pareja? \u00bfUna aventura explorando calas escondidas en Formentera? Hay yates para todo tipo de planes, desde los superyates m\u00e1s lujosos hasta\u00a0<a href=\"https:\/\/www.charteranddreams.com\/es\/sailing-yachts\/\">veleros<\/a> y <a href=\"https:\/\/www.charteranddreams.com\/es\/catamaran\/\">catamaranes<\/a>.<\/p>\t\t\t\t\t\t\t\t<\/div>\n\t\t\t\t<div class=\"elementor-element elementor-element-e1e2d6e elementor-widget elementor-widget-spacer\" data-id=\"e1e2d6e\" data-element_type=\"widget\" data-widget_type=\"spacer.default\">\n\t\t\t\t\t\t\t<div class=\"elementor-spacer\">\n\t\t\t<div class=\"elementor-spacer-inner\"><\/div>\n\t\t<\/div>\n\t\t\t\t\t\t<\/div>\n\t\t\t\t<div class=\"elementor-element elementor-element-3c12971 elementor-widget elementor-widget-heading\" data-id=\"3c12971\" data-element_type=\"widget\" data-widget_type=\"heading.default\">\n\t\t\t\t\t<h4 class=\"elementor-heading-title elementor-size-default\">2. Elige el tipo de barco m\u00e1s id\u00f3neo para ti<\/h4>\t\t\t\t<\/div>\n\t\t<div class=\"elementor-element elementor-element-de295eb e-grid e-con-full e-con e-child\" data-id=\"de295eb\" data-element_type=\"container\">\n\t\t\t\t<div class=\"elementor-element elementor-element-cea6743 elementor-widget elementor-widget-text-editor\" data-id=\"cea6743\" data-element_type=\"widget\" data-widget_type=\"text-editor.default\">\n\t\t\t\t\t\t\t\t\t<h4 style=\"text-align: center\"><a href=\"https:\/\/www.charteranddreams.com\/es\/yacht-charter\/?destinationID=6411&amp;yachtType=21\"><span style=\"color: #ffffff\"><strong>Yates<\/strong><\/span><\/a><\/h4>\n<p style=\"text-align: center\"><span style=\"color: #ffffff\">Perfecto para desplazamientos r\u00e1pidos, por ejemplo entre Ibiza y Formentera.<\/span><\/p>\t\t\t\t\t\t\t\t<\/div>\n\t\t\t\t<div class=\"elementor-element elementor-element-e20d8d0 elementor-widget elementor-widget-text-editor\" data-id=\"e20d8d0\" data-element_type=\"widget\" data-widget_type=\"text-editor.default\">\n\t\t\t\t\t\t\t\t\t<h4 style=\"text-align: center\"><a href=\"https:\/\/www.charteranddreams.com\/es\/yacht-charter\/?destinationID=6411&amp;yachtType=24\"><span style=\"color: #ffffff\"><strong>Catamaranes<\/strong><\/span><\/a><\/h4>\n<p style=\"text-align: center\"><span style=\"color: #ffffff\">Ideal si buscas una experiencia de navegaci\u00f3n muy estable.<\/span><\/p>\t\t\t\t\t\t\t\t<\/div>\n\t\t\t\t<div class=\"elementor-element elementor-element-c48b812 elementor-widget elementor-widget-text-editor\" data-id=\"c48b812\" data-element_type=\"widget\" data-widget_type=\"text-editor.default\">\n\t\t\t\t\t\t\t\t\t<h4 style=\"text-align: center\"><a href=\"https:\/\/www.charteranddreams.com\/es\/yacht-charter\/?destinationID=6411&amp;yachtType=22\"><span style=\"color: #ffffff\"><strong>Veleros<\/strong><\/span><\/a><\/h4>\n<p style=\"text-align: center\"><span style=\"color: #ffffff\">Una de las opciones m\u00e1s aut\u00e9nticas para los amantes de la navegaci\u00f3n con vela.<\/span><\/p>\t\t\t\t\t\t\t\t<\/div>\n\t\t\t\t<\/div>\n\t\t\t\t<div class=\"elementor-element elementor-element-4d8bd98 elementor-widget elementor-widget-spacer\" data-id=\"4d8bd98\" data-element_type=\"widget\" data-widget_type=\"spacer.default\">\n\t\t\t\t\t\t\t<div class=\"elementor-spacer\">\n\t\t\t<div class=\"elementor-spacer-inner\"><\/div>\n\t\t<\/div>\n\t\t\t\t\t\t<\/div>\n\t\t\t\t<div class=\"elementor-element elementor-element-b52b9f0 elementor-widget elementor-widget-heading\" data-id=\"b52b9f0\" data-element_type=\"widget\" data-widget_type=\"heading.default\">\n\t\t\t\t\t<h4 class=\"elementor-heading-title elementor-size-default\">3. Reserva con antelaci\u00f3n<\/h4>\t\t\t\t<\/div>\n\t\t\t\t<div class=\"elementor-element elementor-element-b6b7fcb elementor-widget elementor-widget-text-editor\" data-id=\"b6b7fcb\" data-element_type=\"widget\" data-widget_type=\"text-editor.default\">\n\t\t\t\t\t\t\t\t\t<p>Ibiza es uno de los destinos m\u00e1s solicitados en verano, y la demanda de yates es muy alta, especialmente en julio y agosto. Si quieres asegurarte de conseguir el yate ideal para tu grupo y presupuesto, <strong>lo mejor es reservar con varios meses de antelaci\u00f3n<\/strong>. Adem\u00e1s, las reservas anticipadas suelen beneficiarse de mejores tarifas y una mayor disponibilidad de embarcaciones.<\/p>\t\t\t\t\t\t\t\t<\/div>\n\t\t\t\t<div class=\"elementor-element elementor-element-55f590a elementor-widget elementor-widget-button\" data-id=\"55f590a\" data-element_type=\"widget\" data-widget_type=\"button.default\">\n\t\t\t\t\t\t\t\t\t\t<a class=\"elementor-button elementor-button-link elementor-size-sm\" href=\"https:\/\/www.charteranddreams.com\/es\/yacht-charter\/?destinationID=6411\">\n\t\t\t\t\t\t<span class=\"elementor-button-content-wrapper\">\n\t\t\t\t\t\t\t\t\t<span class=\"elementor-button-text\">ENCUENTRA TU YATE IDEAL EN IBIZA<\/span>\n\t\t\t\t\t<\/span>\n\t\t\t\t\t<\/a>\n\t\t\t\t\t\t\t\t<\/div>\n\t\t\t\t<div class=\"elementor-element elementor-element-8cee2ee elementor-widget elementor-widget-spacer\" data-id=\"8cee2ee\" data-element_type=\"widget\" data-widget_type=\"spacer.default\">\n\t\t\t\t\t\t\t<div class=\"elementor-spacer\">\n\t\t\t<div class=\"elementor-spacer-inner\"><\/div>\n\t\t<\/div>\n\t\t\t\t\t\t<\/div>\n\t\t\t\t<div class=\"elementor-element elementor-element-319debd elementor-widget elementor-widget-heading\" data-id=\"319debd\" data-element_type=\"widget\" data-widget_type=\"heading.default\">\n\t\t\t\t\t<h4 class=\"elementor-heading-title elementor-size-default\">4. Elige una empresa fiable para alquilar tu yate<\/h4>\t\t\t\t<\/div>\n\t\t\t\t<div class=\"elementor-element elementor-element-81249b1 elementor-widget elementor-widget-text-editor\" data-id=\"81249b1\" data-element_type=\"widget\" data-widget_type=\"text-editor.default\">\n\t\t\t\t\t\t\t\t\t<p>A la hora de alquilar un yate en Ibiza debes asegurarte de hacerlo con los mejores profesionales. En Charter&amp;Dreams, tenemos una oficina dedicada en Ibiza y un equipo experto en la zona. Esto nos permite:<\/p><ul><li><strong>Recomendar <\/strong>la embarcaci\u00f3n m\u00e1s adecuada para tus necesidades.<\/li><li><strong>Garantizar<\/strong> los itinerarios m\u00e1s interesantes y el acceso exclusivo a los mejores puntos de inter\u00e9s.<\/li><li><strong>Conectar <\/strong>con los mejores capitanes y tripulaci\u00f3n para garantizar un servicio de primera clase.\u00a0<\/li><li><strong>Resolver<\/strong> r\u00e1pidamente cualquier contratiempo para que solo te quede disfrutar y relajarte.\u00a0<\/li><\/ul>\t\t\t\t\t\t\t\t<\/div>\n\t\t\t\t\t<\/div>\n\t\t\t\t<\/div>\n\t\t<div class=\"elementor-element elementor-element-d1b346d e-flex e-con-boxed e-con e-parent\" data-id=\"d1b346d\" data-element_type=\"container\">\n\t\t\t\t\t<div class=\"e-con-inner\">\n\t\t<div class=\"elementor-element elementor-element-7453b4c e-con-full e-flex e-con e-child\" data-id=\"7453b4c\" data-element_type=\"container\">\n\t\t\t\t<div class=\"elementor-element elementor-element-80ea0a4 elementor-align-center elementor-widget elementor-widget-button\" data-id=\"80ea0a4\" data-element_type=\"widget\" data-widget_type=\"button.default\">\n\t\t\t\t\t\t\t\t\t\t<a class=\"elementor-button elementor-button-link elementor-size-sm\" href=\"#joinchat\">\n\t\t\t\t\t\t<span class=\"elementor-button-content-wrapper\">\n\t\t\t\t\t\t\t\t\t<span class=\"elementor-button-text\">CONTACTA POR WHATSAPP<\/span>\n\t\t\t\t\t<\/span>\n\t\t\t\t\t<\/a>\n\t\t\t\t\t\t\t\t<\/div>\n\t\t\t\t<\/div>\n\t\t<div class=\"elementor-element elementor-element-cd31b87 e-con-full e-flex e-con e-child\" data-id=\"cd31b87\" data-element_type=\"container\">\n\t\t\t\t<div class=\"elementor-element elementor-element-5158cc3 elementor-align-center elementor-widget elementor-widget-button\" data-id=\"5158cc3\" data-element_type=\"widget\" data-widget_type=\"button.default\">\n\t\t\t\t\t\t\t\t\t\t<a class=\"elementor-button elementor-button-link elementor-size-sm\" href=\"https:\/\/www.charteranddreams.com\/es\/contact\/\">\n\t\t\t\t\t\t<span class=\"elementor-button-content-wrapper\">\n\t\t\t\t\t\t\t\t\t<span class=\"elementor-button-text\">CONTACTA POR EMAIL<\/span>\n\t\t\t\t\t<\/span>\n\t\t\t\t\t<\/a>\n\t\t\t\t\t\t\t\t<\/div>\n\t\t\t\t<\/div>\n\t\t\t\t\t<\/div>\n\t\t\t\t<\/div>\n\t\t<div class=\"elementor-element elementor-element-ff8b84c e-flex e-con-boxed e-con e-parent\" data-id=\"ff8b84c\" data-element_type=\"container\">\n\t\t\t\t\t<div class=\"e-con-inner\">\n\t\t\t\t<div class=\"elementor-element elementor-element-d823050 elementor-widget elementor-widget-heading\" data-id=\"d823050\" data-element_type=\"widget\" data-widget_type=\"heading.default\">\n\t\t\t\t\t<h4 class=\"elementor-heading-title elementor-size-default\">5. Crea un itinerario perfecto para ti<\/h4>\t\t\t\t<\/div>\n\t\t\t\t<div class=\"elementor-element elementor-element-3ee0cb5 elementor-widget elementor-widget-text-editor\" data-id=\"3ee0cb5\" data-element_type=\"widget\" data-widget_type=\"text-editor.default\">\n\t\t\t\t\t\t\t\t\t<p>Un itinerario bien planificado marcar\u00e1 la diferencia. Nosotros te ayudamos a crearlo para asegurar que visitas los puntos m\u00e1s interesantes de la isla. Algunas rutas populares incluyen:<\/p>\t\t\t\t\t\t\t\t<\/div>\n\t\t\t\t<div class=\"elementor-element elementor-element-2ba0f05 gallery-spacing-custom elementor-widget elementor-widget-image-gallery\" data-id=\"2ba0f05\" data-element_type=\"widget\" data-widget_type=\"image-gallery.default\">\n\t\t\t\t\t\t\t<div class=\"elementor-image-gallery\">\n\t\t\t<div id='gallery-1' class='gallery galleryid-101929 gallery-columns-2 gallery-size-full'><figure class='gallery-item'>\n\t\t\t<div class='gallery-icon landscape'>\n\t\t\t\t<img width=\"1500\" height=\"1125\" src=\"https:\/\/www.charteranddreams.com\/wp-content\/uploads\/2025\/03\/Cala-Conta-Ibiza.jpg\" class=\"attachment-full size-full\" alt=\"\" aria-describedby=\"gallery-1-101899\" decoding=\"async\" fetchpriority=\"high\" srcset=\"https:\/\/www.charteranddreams.com\/wp-content\/uploads\/2025\/03\/Cala-Conta-Ibiza.jpg 1500w, https:\/\/www.charteranddreams.com\/wp-content\/uploads\/2025\/03\/Cala-Conta-Ibiza-992x744.jpg 992w, https:\/\/www.charteranddreams.com\/wp-content\/uploads\/2025\/03\/Cala-Conta-Ibiza-576x432.jpg 576w, https:\/\/www.charteranddreams.com\/wp-content\/uploads\/2025\/03\/Cala-Conta-Ibiza-768x576.jpg 768w\" sizes=\"(max-width: 1500px) 100vw, 1500px\" \/>\n\t\t\t<\/div>\n\t\t\t\t<figcaption class='wp-caption-text gallery-caption' id='gallery-1-101899'>\n\t\t\t\tCala Conta &#8211; Ibiza\n\t\t\t\t<\/figcaption><\/figure><figure class='gallery-item'>\n\t\t\t<div class='gallery-icon landscape'>\n\t\t\t\t<img width=\"1500\" height=\"1125\" src=\"https:\/\/www.charteranddreams.com\/wp-content\/uploads\/2025\/03\/Blue-Marlin-Ibiza.jpg\" class=\"attachment-full size-full\" alt=\"VIP tables and sun loungers at blue marlin, Ibiza.\" aria-describedby=\"gallery-1-101896\" decoding=\"async\" srcset=\"https:\/\/www.charteranddreams.com\/wp-content\/uploads\/2025\/03\/Blue-Marlin-Ibiza.jpg 1500w, https:\/\/www.charteranddreams.com\/wp-content\/uploads\/2025\/03\/Blue-Marlin-Ibiza-992x744.jpg 992w, https:\/\/www.charteranddreams.com\/wp-content\/uploads\/2025\/03\/Blue-Marlin-Ibiza-576x432.jpg 576w, https:\/\/www.charteranddreams.com\/wp-content\/uploads\/2025\/03\/Blue-Marlin-Ibiza-768x576.jpg 768w\" sizes=\"(max-width: 1500px) 100vw, 1500px\" \/>\n\t\t\t<\/div>\n\t\t\t\t<figcaption class='wp-caption-text gallery-caption' id='gallery-1-101896'>\n\t\t\t\tBlue Marlin &#8211; Ibiza\n\t\t\t\t<\/figcaption><\/figure><figure class='gallery-item'>\n\t\t\t<div class='gallery-icon landscape'>\n\t\t\t\t<img width=\"1500\" height=\"1125\" src=\"https:\/\/www.charteranddreams.com\/wp-content\/uploads\/2025\/03\/Es-Vedra-Ibiza.jpg\" class=\"attachment-full size-full\" alt=\"Es Vedra - Ibiza\" aria-describedby=\"gallery-1-101902\" decoding=\"async\" srcset=\"https:\/\/www.charteranddreams.com\/wp-content\/uploads\/2025\/03\/Es-Vedra-Ibiza.jpg 1500w, https:\/\/www.charteranddreams.com\/wp-content\/uploads\/2025\/03\/Es-Vedra-Ibiza-992x744.jpg 992w, https:\/\/www.charteranddreams.com\/wp-content\/uploads\/2025\/03\/Es-Vedra-Ibiza-576x432.jpg 576w, https:\/\/www.charteranddreams.com\/wp-content\/uploads\/2025\/03\/Es-Vedra-Ibiza-768x576.jpg 768w\" sizes=\"(max-width: 1500px) 100vw, 1500px\" \/>\n\t\t\t<\/div>\n\t\t\t\t<figcaption class='wp-caption-text gallery-caption' id='gallery-1-101902'>\n\t\t\t\tEs Vedr\u00e0 &#8211; Ibiza\n\t\t\t\t<\/figcaption><\/figure><figure class='gallery-item'>\n\t\t\t<div class='gallery-icon landscape'>\n\t\t\t\t<img width=\"1500\" height=\"1125\" src=\"https:\/\/www.charteranddreams.com\/wp-content\/uploads\/2025\/03\/Ses-Illetes-Formentera.jpg\" class=\"attachment-full size-full\" alt=\"\" aria-describedby=\"gallery-1-101905\" decoding=\"async\" srcset=\"https:\/\/www.charteranddreams.com\/wp-content\/uploads\/2025\/03\/Ses-Illetes-Formentera.jpg 1500w, https:\/\/www.charteranddreams.com\/wp-content\/uploads\/2025\/03\/Ses-Illetes-Formentera-992x744.jpg 992w, https:\/\/www.charteranddreams.com\/wp-content\/uploads\/2025\/03\/Ses-Illetes-Formentera-576x432.jpg 576w, https:\/\/www.charteranddreams.com\/wp-content\/uploads\/2025\/03\/Ses-Illetes-Formentera-768x576.jpg 768w\" sizes=\"(max-width: 1500px) 100vw, 1500px\" \/>\n\t\t\t<\/div>\n\t\t\t\t<figcaption class='wp-caption-text gallery-caption' id='gallery-1-101905'>\n\t\t\t\tSes Illetes &#8211; Formentera\n\t\t\t\t<\/figcaption><\/figure>\n\t\t<\/div>\n\t\t<\/div>\n\t\t\t\t\t\t<\/div>\n\t\t\t\t\t<\/div>\n\t\t\t\t<\/div>\n\t\t<div class=\"elementor-element elementor-element-3aaa4813 e-flex e-con-boxed e-con e-parent\" data-id=\"3aaa4813\" data-element_type=\"container\">\n\t\t\t\t\t<div class=\"e-con-inner\">\n\t\t<div class=\"elementor-element elementor-element-2a63d3a2 e-con-full e-flex e-con e-child\" data-id=\"2a63d3a2\" data-element_type=\"container\">\n\t\t\t\t<div class=\"elementor-element elementor-element-33cd558f elementor-align-center elementor-widget elementor-widget-button\" data-id=\"33cd558f\" data-element_type=\"widget\" data-widget_type=\"button.default\">\n\t\t\t\t\t\t\t\t\t\t<a class=\"elementor-button elementor-button-link elementor-size-sm\" href=\"#joinchat\">\n\t\t\t\t\t\t<span class=\"elementor-button-content-wrapper\">\n\t\t\t\t\t\t\t\t\t<span class=\"elementor-button-text\">CONTACTA POR WHATSAPP<\/span>\n\t\t\t\t\t<\/span>\n\t\t\t\t\t<\/a>\n\t\t\t\t\t\t\t\t<\/div>\n\t\t\t\t<\/div>\n\t\t<div class=\"elementor-element elementor-element-52d64771 e-con-full e-flex e-con e-child\" data-id=\"52d64771\" data-element_type=\"container\">\n\t\t\t\t<div class=\"elementor-element elementor-element-41fd9d53 elementor-align-center elementor-widget elementor-widget-button\" data-id=\"41fd9d53\" data-element_type=\"widget\" data-widget_type=\"button.default\">\n\t\t\t\t\t\t\t\t\t\t<a class=\"elementor-button elementor-button-link elementor-size-sm\" href=\"https:\/\/www.charteranddreams.com\/es\/contact\/\">\n\t\t\t\t\t\t<span class=\"elementor-button-content-wrapper\">\n\t\t\t\t\t\t\t\t\t<span class=\"elementor-button-text\">CONTACTA POR EMAIL<\/span>\n\t\t\t\t\t<\/span>\n\t\t\t\t\t<\/a>\n\t\t\t\t\t\t\t\t<\/div>\n\t\t\t\t<\/div>\n\t\t\t\t\t<\/div>\n\t\t\t\t<\/div>\n\t\t<div class=\"elementor-element elementor-element-7bda3d1 e-flex e-con-boxed e-con e-parent\" data-id=\"7bda3d1\" data-element_type=\"container\">\n\t\t\t\t\t<div class=\"e-con-inner\">\n\t\t\t\t<div class=\"elementor-element elementor-element-40e7398 elementor-widget elementor-widget-heading\" data-id=\"40e7398\" data-element_type=\"widget\" data-widget_type=\"heading.default\">\n\t\t\t\t\t<h4 class=\"elementor-heading-title elementor-size-default\">Yates disponibles en Ibiza y formentera - Verano 2025<\/h4>\t\t\t\t<\/div>\n\t\t\t\t<div class=\"elementor-element elementor-element-b15aaf1 elementor-widget elementor-widget-text-editor\" data-id=\"b15aaf1\" data-element_type=\"widget\" data-widget_type=\"text-editor.default\">\n\t\t\t\t\t\t\t\t\t<p>Si est\u00e1s planeando un charter en Ibiza este verano, ahora es el momento perfecto para hacer tu reserva. \u00a1Empieza a planear tus vacaciones so\u00f1adas a bordo de un yate de lujo!<\/p>\t\t\t\t\t\t\t\t<\/div>\n\t\t\t\t<div class=\"elementor-element elementor-element-af05c5d elementor-align-center elementor-widget elementor-widget-button\" data-id=\"af05c5d\" data-element_type=\"widget\" data-widget_type=\"button.default\">\n\t\t\t\t\t\t\t\t\t\t<a class=\"elementor-button elementor-button-link elementor-size-sm\" href=\"https:\/\/www.charteranddreams.com\/es\/yacht-charter\/?destinationID=6411\">\n\t\t\t\t\t\t<span class=\"elementor-button-content-wrapper\">\n\t\t\t\t\t\t\t\t\t<span class=\"elementor-button-text\">YATES DE ALQUILER EN IBIZA Y FORMENTERA<\/span>\n\t\t\t\t\t<\/span>\n\t\t\t\t\t<\/a>\n\t\t\t\t\t\t\t\t<\/div>\n\t\t\t\t<div class=\"elementor-element elementor-element-66f7d79 elementor-widget elementor-widget-spacer\" data-id=\"66f7d79\" data-element_type=\"widget\" data-widget_type=\"spacer.default\">\n\t\t\t\t\t\t\t<div class=\"elementor-spacer\">\n\t\t\t<div class=\"elementor-spacer-inner\"><\/div>\n\t\t<\/div>\n\t\t\t\t\t\t<\/div>\n\t\t\t\t\t<\/div>\n\t\t\t\t<\/div>\n\t\t\t\t<\/div>\n\t\t","protected":false},"excerpt":{"rendered":"<p>Todo lo que necesitas saber para alquilar un yate de lujo en Ibiza y Formentera Consejos para que tus vacaciones en yate en Ibiza sean todo un \u00e9xito Alquilar un yate en Ibiza es una de las mejores formas de explorar la isla desde una perspectiva \u00fanica. Sus calas escondidas, aguas turquesas y vibrante vida [&hellip;]<\/p>\n","protected":false},"author":23,"featured_media":10370,"comment_status":"closed","ping_status":"closed","sticky":false,"template":"","format":"standard","meta":{"_acf_changed":false,"_joinchat":[],"footnotes":""},"categories":[20],"tags":[],"class_list":["post-101929","post","type-post","status-publish","format-standard","has-post-thumbnail","hentry","category-news-and-inspiration"],"acf":[],"_links":{"self":[{"href":"https:\/\/www.charteranddreams.com\/es\/wp-json\/wp\/v2\/posts\/101929","targetHints":{"allow":["GET"]}}],"collection":[{"href":"https:\/\/www.charteranddreams.com\/es\/wp-json\/wp\/v2\/posts"}],"about":[{"href":"https:\/\/www.charteranddreams.com\/es\/wp-json\/wp\/v2\/types\/post"}],"author":[{"embeddable":true,"href":"https:\/\/www.charteranddreams.com\/es\/wp-json\/wp\/v2\/users\/23"}],"replies":[{"embeddable":true,"href":"https:\/\/www.charteranddreams.com\/es\/wp-json\/wp\/v2\/comments?post=101929"}],"version-history":[{"count":14,"href":"https:\/\/www.charteranddreams.com\/es\/wp-json\/wp\/v2\/posts\/101929\/revisions"}],"predecessor-version":[{"id":109351,"href":"https:\/\/www.charteranddreams.com\/es\/wp-json\/wp\/v2\/posts\/101929\/revisions\/109351"}],"wp:featuredmedia":[{"embeddable":true,"href":"https:\/\/www.charteranddreams.com\/es\/wp-json\/wp\/v2\/media\/10370"}],"wp:attachment":[{"href":"https:\/\/www.charteranddreams.com\/es\/wp-json\/wp\/v2\/media?parent=101929"}],"wp:term":[{"taxonomy":"category","embeddable":true,"href":"https:\/\/www.charteranddreams.com\/es\/wp-json\/wp\/v2\/categories?post=101929"},{"taxonomy":"post_tag","embeddable":true,"href":"https:\/\/www.charteranddreams.com\/es\/wp-json\/wp\/v2\/tags?post=101929"}],"curies":[{"name":"wp","href":"https:\/\/api.w.org\/{rel}","templated":true}]}}