{"id":100797,"date":"2025-03-04T12:17:39","date_gmt":"2025-03-04T10:17:39","guid":{"rendered":"https:\/\/www.charteranddreams.com\/news-and-inspiration\/semaya-a-timeless-luxury-yacht-for-charter-in-the-balearics\/"},"modified":"2025-03-04T13:24:54","modified_gmt":"2025-03-04T11:24:54","slug":"semaya-a-timeless-luxury-yacht-for-charter-in-the-balearics","status":"publish","type":"post","link":"https:\/\/www.charteranddreams.com\/es\/news-and-inspiration\/semaya-a-timeless-luxury-yacht-for-charter-in-the-balearics\/","title":{"rendered":"SEMAYA: Un yate de lujo atemporal para alquilar en Baleares"},"content":{"rendered":"\t\t<div data-elementor-type=\"wp-post\" data-elementor-id=\"100797\" class=\"elementor elementor-100797 elementor-100740\" data-elementor-post-type=\"post\">\n\t\t\t\t<div class=\"elementor-element elementor-element-27b9404 e-flex e-con-boxed e-con e-parent\" data-id=\"27b9404\" data-element_type=\"container\">\n\t\t\t\t\t<div class=\"e-con-inner\">\n\t\t\t\t<div class=\"elementor-element elementor-element-d898de5 elementor-widget elementor-widget-heading\" data-id=\"d898de5\" data-element_type=\"widget\" data-widget_type=\"heading.default\">\n\t\t\t\t\t<h2 class=\"elementor-heading-title elementor-size-default\"><a href=\"https:\/\/www.charteranddreams.com\/es\/yacht\/semaya-navetta-31\/\">Bienvenidos a SEMAYA<\/a><\/h2>\t\t\t\t<\/div>\n\t\t\t\t<div class=\"elementor-element elementor-element-7cc4a94 elementor-widget elementor-widget-text-editor\" data-id=\"7cc4a94\" data-element_type=\"widget\" data-widget_type=\"text-editor.default\">\n\t\t\t\t\t\t\t\t\t<h4>Un yate de lujo atemporal para alquilar en Baleares<\/h4><h4><em>Una oportunidad \u00fanica para unas vacaciones de ensue\u00f1o<\/em><\/h4>\t\t\t\t\t\t\t\t<\/div>\n\t\t\t\t<div class=\"elementor-element elementor-element-4cdf5f6 elementor-widget elementor-widget-text-editor\" data-id=\"4cdf5f6\" data-element_type=\"widget\" data-widget_type=\"text-editor.default\">\n\t\t\t\t\t\t\t\t\t<p>\u00bfBuscas el yate perfecto en las Baleares? SEMAYA es un superyate cl\u00e1sico de 1968 que combina a la perfecci\u00f3n la <strong>elegancia atemporal<\/strong> con el l<strong>ujo moderno<\/strong>, ofreciendo una experiencia de alquiler sin igual en las Baleares.<\/p><p>Con base en Port Adriano (Mallorca), tiene una ubicaci\u00f3n ideal a solo 65 millas n\u00e1uticas de Ibiza y 100 de Menorca, lo que hace que viajar de isla en isla sea muy sencillo.<\/p>\t\t\t\t\t\t\t\t<\/div>\n\t\t\t\t\t<\/div>\n\t\t\t\t<\/div>\n\t\t<div class=\"elementor-element elementor-element-be41e2a e-flex e-con-boxed e-con e-parent\" data-id=\"be41e2a\" data-element_type=\"container\">\n\t\t\t\t\t<div class=\"e-con-inner\">\n\t\t\t\t<div class=\"elementor-element elementor-element-aedbe04 elementor-align-center elementor-widget elementor-widget-button\" data-id=\"aedbe04\" data-element_type=\"widget\" data-widget_type=\"button.default\">\n\t\t\t\t\t\t\t\t\t\t<a class=\"elementor-button elementor-button-link elementor-size-sm\" href=\"https:\/\/www.charteranddreams.com\/es\/yacht\/semaya-navetta-31\/\">\n\t\t\t\t\t\t<span class=\"elementor-button-content-wrapper\">\n\t\t\t\t\t\t\t\t\t<span class=\"elementor-button-text\">detalles<\/span>\n\t\t\t\t\t<\/span>\n\t\t\t\t\t<\/a>\n\t\t\t\t\t\t\t\t<\/div>\n\t\t\t\t<div class=\"elementor-element elementor-element-2540d9a elementor-widget-divider--view-line elementor-widget elementor-widget-divider\" data-id=\"2540d9a\" data-element_type=\"widget\" data-widget_type=\"divider.default\">\n\t\t\t\t\t\t\t<div class=\"elementor-divider\">\n\t\t\t<span class=\"elementor-divider-separator\">\n\t\t\t\t\t\t<\/span>\n\t\t<\/div>\n\t\t\t\t\t\t<\/div>\n\t\t\t\t\t<\/div>\n\t\t\t\t<\/div>\n\t\t<div class=\"elementor-element elementor-element-c3aeb3f e-flex e-con-boxed e-con e-parent\" data-id=\"c3aeb3f\" data-element_type=\"container\">\n\t\t\t\t\t<div class=\"e-con-inner\">\n\t\t\t\t<div class=\"elementor-element elementor-element-2158598 elementor-widget elementor-widget-spacer\" data-id=\"2158598\" data-element_type=\"widget\" data-widget_type=\"spacer.default\">\n\t\t\t\t\t\t\t<div class=\"elementor-spacer\">\n\t\t\t<div class=\"elementor-spacer-inner\"><\/div>\n\t\t<\/div>\n\t\t\t\t\t\t<\/div>\n\t\t\t\t\t<\/div>\n\t\t\t\t<\/div>\n\t\t<div class=\"elementor-element elementor-element-66f4bfc e-flex e-con-boxed e-con e-parent\" data-id=\"66f4bfc\" data-element_type=\"container\">\n\t\t\t\t\t<div class=\"e-con-inner\">\n\t\t<div class=\"elementor-element elementor-element-9917745 e-con-full e-flex e-con e-child\" data-id=\"9917745\" data-element_type=\"container\">\n\t\t\t\t<div class=\"elementor-element elementor-element-e6b37e3 elementor-widget elementor-widget-text-editor\" data-id=\"e6b37e3\" data-element_type=\"widget\" data-widget_type=\"text-editor.default\">\n\t\t\t\t\t\t\t\t\t<h2>Conoce a Josep, el capit\u00e1n<\/h2><h4><em>39 a\u00f1os de experiencia en el mar<\/em><\/h4>\t\t\t\t\t\t\t\t<\/div>\n\t\t\t\t<div class=\"elementor-element elementor-element-472a3ac elementor-widget elementor-widget-text-editor\" data-id=\"472a3ac\" data-element_type=\"widget\" data-widget_type=\"text-editor.default\">\n\t\t\t\t\t\t\t\t\t<p>Con casi <strong>cuatro d\u00e9cadas de experiencia en el mar<\/strong>, el capit\u00e1n Josep ha navegado por diversas aguas, dominando diferentes sistemas de propulsi\u00f3n y dedicando los \u00faltimos ocho a\u00f1os al elegante SEMAYA.<\/p><p>En esta entrevista, comparte su pasi\u00f3n por la navegaci\u00f3n, su viaje a bordo de esta embarcaci\u00f3n atemporal y lo que hace que alquilar SEMAYA en Mallorca sea <strong>una experiencia verdaderamente \u00fanica<\/strong>.<\/p>\t\t\t\t\t\t\t\t<\/div>\n\t\t\t\t<\/div>\n\t\t<div class=\"elementor-element elementor-element-e2196e3 e-con-full e-flex e-con e-child\" data-id=\"e2196e3\" data-element_type=\"container\">\n\t\t\t\t<div class=\"elementor-element elementor-element-88fea2b elementor-widget elementor-widget-image\" data-id=\"88fea2b\" data-element_type=\"widget\" data-widget_type=\"image.default\">\n\t\t\t\t\t\t\t\t\t\t\t\t\t\t\t\t<a href=\"https:\/\/www.charteranddreams.com\/es\/yacht\/semaya-navetta-31\/\">\n\t\t\t\t\t\t\t<img decoding=\"async\" width=\"800\" height=\"450\" src=\"https:\/\/www.charteranddreams.com\/wp-content\/uploads\/2025\/03\/Semaya-68-news2-1550x871.jpg\" class=\"attachment-large size-large wp-image-100759\" alt=\"\" srcset=\"https:\/\/www.charteranddreams.com\/wp-content\/uploads\/2025\/03\/Semaya-68-news2-1550x871.jpg 1550w, https:\/\/www.charteranddreams.com\/wp-content\/uploads\/2025\/03\/Semaya-68-news2-992x557.jpg 992w, https:\/\/www.charteranddreams.com\/wp-content\/uploads\/2025\/03\/Semaya-68-news2-576x324.jpg 576w, https:\/\/www.charteranddreams.com\/wp-content\/uploads\/2025\/03\/Semaya-68-news2-768x432.jpg 768w, https:\/\/www.charteranddreams.com\/wp-content\/uploads\/2025\/03\/Semaya-68-news2-1536x863.jpg 1536w, https:\/\/www.charteranddreams.com\/wp-content\/uploads\/2025\/03\/Semaya-68-news2.jpg 1639w\" sizes=\"(max-width: 800px) 100vw, 800px\" \/>\t\t\t\t\t\t\t\t<\/a>\n\t\t\t\t\t\t\t\t\t\t\t\t\t\t\t<\/div>\n\t\t\t\t<\/div>\n\t\t\t\t\t<\/div>\n\t\t\t\t<\/div>\n\t\t<div class=\"elementor-element elementor-element-4ac0155 e-flex e-con-boxed e-con e-parent\" data-id=\"4ac0155\" data-element_type=\"container\">\n\t\t\t\t\t<div class=\"e-con-inner\">\n\t\t\t\t<div class=\"elementor-element elementor-element-1a4f7d1 elementor-widget elementor-widget-spacer\" data-id=\"1a4f7d1\" data-element_type=\"widget\" data-widget_type=\"spacer.default\">\n\t\t\t\t\t\t\t<div class=\"elementor-spacer\">\n\t\t\t<div class=\"elementor-spacer-inner\"><\/div>\n\t\t<\/div>\n\t\t\t\t\t\t<\/div>\n\t\t\t\t<div class=\"elementor-element elementor-element-4771b1b elementor-widget elementor-widget-text-editor\" data-id=\"4771b1b\" data-element_type=\"widget\" data-widget_type=\"text-editor.default\">\n\t\t\t\t\t\t\t\t\t<p><strong>Charter&amp;Dreams:<\/strong> Bienvenido, Capit\u00e1n. Es un placer tener la oportunidad de conocer m\u00e1s sobre usted y el SEMAYA. Para empezar, \u00bfpodr\u00eda contarnos cu\u00e1nto tiempo lleva navegando y cu\u00e1ndo comenz\u00f3 su andadura con este yate?<\/p><p><strong>Capit\u00e1n:<\/strong> Llevo 39 a\u00f1os navegando, 9 de ellos dedicados a la pesca artesanal y 30 a\u00f1os en el mundo de la n\u00e1utica, trabajando con diferentes sistemas de propulsi\u00f3n, incluyendo h\u00e9lices convencionales, motores de superficie y jets Kamewa. Llevo trabajando en el SEMAYA desde abril de 2016.<\/p>\t\t\t\t\t\t\t\t<\/div>\n\t\t\t\t<div class=\"elementor-element elementor-element-4ef4c36 elementor-widget-divider--view-line elementor-widget elementor-widget-divider\" data-id=\"4ef4c36\" data-element_type=\"widget\" data-widget_type=\"divider.default\">\n\t\t\t\t\t\t\t<div class=\"elementor-divider\">\n\t\t\t<span class=\"elementor-divider-separator\">\n\t\t\t\t\t\t<\/span>\n\t\t<\/div>\n\t\t\t\t\t\t<\/div>\n\t\t\t\t<div class=\"elementor-element elementor-element-7563bf5 elementor-widget elementor-widget-text-editor\" data-id=\"7563bf5\" data-element_type=\"widget\" data-widget_type=\"text-editor.default\">\n\t\t\t\t\t\t\t\t\t<p><strong>Charter&amp;Dreams:<\/strong> \u00bfQu\u00e9 nos puede decir sobre el SEMAYA? \u00bfQu\u00e9 lo hace especial?<\/p><p><strong>Capit\u00e1n:<\/strong> El SEMAYA es especial por su <strong>est\u00e9tica \u00fanica<\/strong>: fue construido en 1968 y tiene un dise\u00f1o singular. Cuenta con una gran terraza para tomar el sol, camarotes espaciosos y c\u00f3modos, un generoso sal\u00f3n y dos comedores al aire libre donde los hu\u00e9spedes pueden disfrutar de sus comidas. Adem\u00e1s, hay una gran selecci\u00f3n de Tenders &amp; Toys para el entretenimiento de todos.<\/p>\t\t\t\t\t\t\t\t<\/div>\n\t\t\t\t\t<\/div>\n\t\t\t\t<\/div>\n\t\t<div class=\"elementor-element elementor-element-60fbbdc e-grid e-con-boxed e-con e-parent\" data-id=\"60fbbdc\" data-element_type=\"container\">\n\t\t\t\t\t<div class=\"e-con-inner\">\n\t\t\t\t<div class=\"elementor-element elementor-element-7d9fe00 elementor-widget elementor-widget-image\" data-id=\"7d9fe00\" data-element_type=\"widget\" data-widget_type=\"image.default\">\n\t\t\t\t\t\t\t\t\t\t\t\t\t\t\t<img decoding=\"async\" width=\"800\" height=\"450\" src=\"https:\/\/www.charteranddreams.com\/wp-content\/uploads\/2025\/03\/Semaya-99-news2-1550x871.jpg\" class=\"attachment-large size-large wp-image-100750\" alt=\"\" srcset=\"https:\/\/www.charteranddreams.com\/wp-content\/uploads\/2025\/03\/Semaya-99-news2-1550x871.jpg 1550w, https:\/\/www.charteranddreams.com\/wp-content\/uploads\/2025\/03\/Semaya-99-news2-992x557.jpg 992w, https:\/\/www.charteranddreams.com\/wp-content\/uploads\/2025\/03\/Semaya-99-news2-576x324.jpg 576w, https:\/\/www.charteranddreams.com\/wp-content\/uploads\/2025\/03\/Semaya-99-news2-768x432.jpg 768w, https:\/\/www.charteranddreams.com\/wp-content\/uploads\/2025\/03\/Semaya-99-news2-1536x863.jpg 1536w, https:\/\/www.charteranddreams.com\/wp-content\/uploads\/2025\/03\/Semaya-99-news2.jpg 1639w\" sizes=\"(max-width: 800px) 100vw, 800px\" \/>\t\t\t\t\t\t\t\t\t\t\t\t\t\t\t<\/div>\n\t\t\t\t<div class=\"elementor-element elementor-element-a234818 elementor-widget elementor-widget-image\" data-id=\"a234818\" data-element_type=\"widget\" data-widget_type=\"image.default\">\n\t\t\t\t\t\t\t\t\t\t\t\t\t\t\t<img decoding=\"async\" width=\"800\" height=\"450\" src=\"https:\/\/www.charteranddreams.com\/wp-content\/uploads\/2025\/03\/Semaya-3-news2-1550x871.jpg\" class=\"attachment-large size-large wp-image-100753\" alt=\"\" srcset=\"https:\/\/www.charteranddreams.com\/wp-content\/uploads\/2025\/03\/Semaya-3-news2-1550x871.jpg 1550w, https:\/\/www.charteranddreams.com\/wp-content\/uploads\/2025\/03\/Semaya-3-news2-992x557.jpg 992w, https:\/\/www.charteranddreams.com\/wp-content\/uploads\/2025\/03\/Semaya-3-news2-576x324.jpg 576w, https:\/\/www.charteranddreams.com\/wp-content\/uploads\/2025\/03\/Semaya-3-news2-768x432.jpg 768w, https:\/\/www.charteranddreams.com\/wp-content\/uploads\/2025\/03\/Semaya-3-news2-1536x863.jpg 1536w, https:\/\/www.charteranddreams.com\/wp-content\/uploads\/2025\/03\/Semaya-3-news2.jpg 1639w\" sizes=\"(max-width: 800px) 100vw, 800px\" \/>\t\t\t\t\t\t\t\t\t\t\t\t\t\t\t<\/div>\n\t\t\t\t<div class=\"elementor-element elementor-element-2bb1e35 elementor-widget elementor-widget-image\" data-id=\"2bb1e35\" data-element_type=\"widget\" data-widget_type=\"image.default\">\n\t\t\t\t\t\t\t\t\t\t\t\t\t\t\t<img decoding=\"async\" width=\"800\" height=\"450\" src=\"https:\/\/www.charteranddreams.com\/wp-content\/uploads\/2025\/03\/Semaya-75-news2-1550x871.jpg\" class=\"attachment-large size-large wp-image-100756\" alt=\"\" srcset=\"https:\/\/www.charteranddreams.com\/wp-content\/uploads\/2025\/03\/Semaya-75-news2-1550x871.jpg 1550w, https:\/\/www.charteranddreams.com\/wp-content\/uploads\/2025\/03\/Semaya-75-news2-992x557.jpg 992w, https:\/\/www.charteranddreams.com\/wp-content\/uploads\/2025\/03\/Semaya-75-news2-576x324.jpg 576w, https:\/\/www.charteranddreams.com\/wp-content\/uploads\/2025\/03\/Semaya-75-news2-768x432.jpg 768w, https:\/\/www.charteranddreams.com\/wp-content\/uploads\/2025\/03\/Semaya-75-news2-1536x863.jpg 1536w, https:\/\/www.charteranddreams.com\/wp-content\/uploads\/2025\/03\/Semaya-75-news2.jpg 1639w\" sizes=\"(max-width: 800px) 100vw, 800px\" \/>\t\t\t\t\t\t\t\t\t\t\t\t\t\t\t<\/div>\n\t\t\t\t\t<\/div>\n\t\t\t\t<\/div>\n\t\t<div class=\"elementor-element elementor-element-25c4cee e-flex e-con-boxed e-con e-parent\" data-id=\"25c4cee\" data-element_type=\"container\">\n\t\t\t\t\t<div class=\"e-con-inner\">\n\t\t\t\t<div class=\"elementor-element elementor-element-8f1d803 elementor-widget elementor-widget-spacer\" data-id=\"8f1d803\" data-element_type=\"widget\" data-widget_type=\"spacer.default\">\n\t\t\t\t\t\t\t<div class=\"elementor-spacer\">\n\t\t\t<div class=\"elementor-spacer-inner\"><\/div>\n\t\t<\/div>\n\t\t\t\t\t\t<\/div>\n\t\t\t\t<div class=\"elementor-element elementor-element-594e4ce elementor-widget elementor-widget-text-editor\" data-id=\"594e4ce\" data-element_type=\"widget\" data-widget_type=\"text-editor.default\">\n\t\t\t\t\t\t\t\t\t<p><strong>Charter&amp;Dreams:<\/strong> Adem\u00e1s de navegar, sabemos que es un pescador experimentado. \u00bfQu\u00e9 tipo de <strong>experiencias de pesca<\/strong> pueden disfrutar los pasajeros a bordo del SEMAYA?<\/p><p><strong>Capit\u00e1n:<\/strong> Como mencion\u00e9 anteriormente, pas\u00e9 9 a\u00f1os trabajando en la industria pesquera. En el SEMAYA, dependiendo del lugar de anclaje, los hu\u00e9spedes pueden probar la <strong>pesca de fondo<\/strong> (<em>volant\u00edn<\/em>), y mientras navegamos entre las islas, tambi\u00e9n podemos hacer <strong>trolling<\/strong> (<em>curric\u00e1n<\/em>).<\/p>\t\t\t\t\t\t\t\t<\/div>\n\t\t\t\t<div class=\"elementor-element elementor-element-475db72 elementor-widget-divider--view-line elementor-widget elementor-widget-divider\" data-id=\"475db72\" data-element_type=\"widget\" data-widget_type=\"divider.default\">\n\t\t\t\t\t\t\t<div class=\"elementor-divider\">\n\t\t\t<span class=\"elementor-divider-separator\">\n\t\t\t\t\t\t<\/span>\n\t\t<\/div>\n\t\t\t\t\t\t<\/div>\n\t\t\t\t<div class=\"elementor-element elementor-element-26b2cbb elementor-widget elementor-widget-text-editor\" data-id=\"26b2cbb\" data-element_type=\"widget\" data-widget_type=\"text-editor.default\">\n\t\t\t\t\t\t\t\t\t<p><strong>Charter&amp;Dreams:<\/strong> Eso suena como una experiencia inolvidable. Por \u00faltimo, \u00bfqu\u00e9 le dir\u00eda a alguien que est\u00e9 considerando un viaje a bordo del SEMAYA?<\/p><p><strong>Capit\u00e1n:\u00a0<\/strong>\u00a1No lo dude! Crear\u00e1 recuerdos inolvidables durante su estancia en el SEMAYA.<\/p>\t\t\t\t\t\t\t\t<\/div>\n\t\t\t\t<div class=\"elementor-element elementor-element-bceca1a elementor-align-center elementor-widget elementor-widget-button\" data-id=\"bceca1a\" data-element_type=\"widget\" data-widget_type=\"button.default\">\n\t\t\t\t\t\t\t\t\t\t<a class=\"elementor-button elementor-button-link elementor-size-sm\" href=\"https:\/\/api.whatsapp.com\/send?phone=34650606460\">\n\t\t\t\t\t\t<span class=\"elementor-button-content-wrapper\">\n\t\t\t\t\t\t\t\t\t<span class=\"elementor-button-text\">Reserva el semaya ahora<\/span>\n\t\t\t\t\t<\/span>\n\t\t\t\t\t<\/a>\n\t\t\t\t\t\t\t\t<\/div>\n\t\t\t\t\t<\/div>\n\t\t\t\t<\/div>\n\t\t<div class=\"elementor-element elementor-element-d0d78a2 e-flex e-con-boxed e-con e-parent\" data-id=\"d0d78a2\" data-element_type=\"container\">\n\t\t\t\t\t<div class=\"e-con-inner\">\n\t\t\t\t<div class=\"elementor-element elementor-element-5117117 elementor-widget elementor-widget-spacer\" data-id=\"5117117\" data-element_type=\"widget\" data-widget_type=\"spacer.default\">\n\t\t\t\t\t\t\t<div class=\"elementor-spacer\">\n\t\t\t<div class=\"elementor-spacer-inner\"><\/div>\n\t\t<\/div>\n\t\t\t\t\t\t<\/div>\n\t\t\t\t<div class=\"elementor-element elementor-element-4ad62ec elementor-widget elementor-widget-image\" data-id=\"4ad62ec\" data-element_type=\"widget\" data-widget_type=\"image.default\">\n\t\t\t\t\t\t\t\t\t\t\t\t\t\t\t\t<a href=\"https:\/\/www.charteranddreams.com\/es\/yacht\/semaya-navetta-31\/\">\n\t\t\t\t\t\t\t<img decoding=\"async\" width=\"800\" height=\"450\" src=\"https:\/\/www.charteranddreams.com\/wp-content\/uploads\/2025\/03\/Semaya-94-news2-1550x871.jpg\" class=\"attachment-large size-large wp-image-100762\" alt=\"\" srcset=\"https:\/\/www.charteranddreams.com\/wp-content\/uploads\/2025\/03\/Semaya-94-news2-1550x871.jpg 1550w, https:\/\/www.charteranddreams.com\/wp-content\/uploads\/2025\/03\/Semaya-94-news2-992x557.jpg 992w, https:\/\/www.charteranddreams.com\/wp-content\/uploads\/2025\/03\/Semaya-94-news2-576x324.jpg 576w, https:\/\/www.charteranddreams.com\/wp-content\/uploads\/2025\/03\/Semaya-94-news2-768x432.jpg 768w, https:\/\/www.charteranddreams.com\/wp-content\/uploads\/2025\/03\/Semaya-94-news2-1536x863.jpg 1536w, https:\/\/www.charteranddreams.com\/wp-content\/uploads\/2025\/03\/Semaya-94-news2.jpg 1639w\" sizes=\"(max-width: 800px) 100vw, 800px\" \/>\t\t\t\t\t\t\t\t<\/a>\n\t\t\t\t\t\t\t\t\t\t\t\t\t\t\t<\/div>\n\t\t\t\t\t<\/div>\n\t\t\t\t<\/div>\n\t\t<div class=\"elementor-element elementor-element-38e23d6 e-flex e-con-boxed e-con e-parent\" data-id=\"38e23d6\" data-element_type=\"container\">\n\t\t\t\t\t<div class=\"e-con-inner\">\n\t\t\t\t<div class=\"elementor-element elementor-element-188fcd6 elementor-widget elementor-widget-spacer\" data-id=\"188fcd6\" data-element_type=\"widget\" data-widget_type=\"spacer.default\">\n\t\t\t\t\t\t\t<div class=\"elementor-spacer\">\n\t\t\t<div class=\"elementor-spacer-inner\"><\/div>\n\t\t<\/div>\n\t\t\t\t\t\t<\/div>\n\t\t\t\t<div class=\"elementor-element elementor-element-70d3d12 elementor-widget elementor-widget-text-editor\" data-id=\"70d3d12\" data-element_type=\"widget\" data-widget_type=\"text-editor.default\">\n\t\t\t\t\t\t\t\t\t<h2>Alojamiento de lujo<\/h2><h4><em>&amp; m\u00e1xima comodidad<\/em><\/h4>\t\t\t\t\t\t\t\t<\/div>\n\t\t\t\t\t<\/div>\n\t\t\t\t<\/div>\n\t\t<div class=\"elementor-element elementor-element-7a53b37 e-flex e-con-boxed e-con e-parent\" data-id=\"7a53b37\" data-element_type=\"container\">\n\t\t\t\t\t<div class=\"e-con-inner\">\n\t\t\t\t<div class=\"elementor-element elementor-element-2640828 elementor-widget elementor-widget-text-editor\" data-id=\"2640828\" data-element_type=\"widget\" data-widget_type=\"text-editor.default\">\n\t\t\t\t\t\t\t\t\t<p>Con <strong>cinco camarotes con ba\u00f1o privado<\/strong>, SEMAYA puede alojar hasta 12 hu\u00e9spedes durante la noche. Cuatro camarotes dobles, cada uno con una cama tama\u00f1o king, garantizan que cada hu\u00e9sped experimente el mismo lujo; uno incluso cuenta con vistas panor\u00e1micas al mar de 180\u00ba. Un camarote triple con tres generosas camas individuales agrega flexibilidad para familias o grupos.<\/p><p>La cubierta principal cuenta con un espacioso sal\u00f3n, una cocina renovada y un \u00e1rea para la tripulaci\u00f3n que garantiza la m\u00e1xima privacidad para los hu\u00e9spedes.<\/p><p>Despu\u00e9s de una <strong>remodelaci\u00f3n en 2024<\/strong>, SEMAYA ahora cuenta con nueva pintura en el casco y la superestructura, cubiertas de teca reci\u00e9n colocadas y un comedor interior redise\u00f1ado, lo que mejora tanto la elegancia como la comodidad para una experiencia de alquiler inolvidable.<\/p>\t\t\t\t\t\t\t\t<\/div>\n\t\t\t\t\t<\/div>\n\t\t\t\t<\/div>\n\t\t<div class=\"elementor-element elementor-element-1433a2a e-flex e-con-boxed e-con e-parent\" data-id=\"1433a2a\" data-element_type=\"container\">\n\t\t\t\t\t<div class=\"e-con-inner\">\n\t\t\t\t<div class=\"elementor-element elementor-element-68a9778 elementor-widget elementor-widget-text-editor\" data-id=\"68a9778\" data-element_type=\"widget\" data-widget_type=\"text-editor.default\">\n\t\t\t\t\t\t\t\t\t<h3><em>Gracias a su casco de acero, SEMAYA ofrece una estabilidad excepcional en el fondeo y una velocidad de crucero suave de 9 nudos con un bajo consumo de combustible (120L\/hora).<\/em><\/h3>\t\t\t\t\t\t\t\t<\/div>\n\t\t\t\t<div class=\"elementor-element elementor-element-b66ba24 elementor-widget elementor-widget-text-editor\" data-id=\"b66ba24\" data-element_type=\"widget\" data-widget_type=\"text-editor.default\">\n\t\t\t\t\t\t\t\t\t<h2><a href=\"https:\/\/www.charteranddreams.com\/es\/yacht\/semaya-navetta-31\/\">Equipamiento de primer nivel<\/a><\/h2><h4>A bordo, los hu\u00e9spedes pueden disfrutar de\u2026<\/h4><p><strong>Flybridge con sol\u00e1rium, nevera y wet bar<\/strong><\/p><p><strong>Juguetes acu\u00e1ticos y plataforma de ba\u00f1o para acceder al mar sin esfuerzo<\/strong><\/p><p><em>Tender with outboard engine 60 hp \u2013 4,6 m<\/em><\/p><p><em>Jet Ski Sea doo 160 hp<\/em><\/p><p><em>Piscina hinchable para nadar antimedusas<\/em><\/p><p><em>Wakeboard<\/em><\/p><p><em>Esqu\u00ed acu\u00e1tico<\/em><\/p><p><em>2 x paddle surf<\/em><\/p><p><em>Kayak<\/em><\/p><p><em>Equipo de snorkel<\/em><\/p><p><em>2 x SEABOBS<\/em><\/p><p><em>E-foil<\/em><\/p>\t\t\t\t\t\t\t\t<\/div>\n\t\t\t\t<div class=\"elementor-element elementor-element-59dcaa8 elementor-widget elementor-widget-text-editor\" data-id=\"59dcaa8\" data-element_type=\"widget\" data-widget_type=\"text-editor.default\">\n\t\t\t\t\t\t\t\t\t<h3>Una experiencia exclusiva de pesca y gastronom\u00eda<\/h3><p>Una de las ofertas destacadas de SEMAYA es una experiencia de pesca exclusiva dirigida por el capit\u00e1n Josep, un marinero con 39 a\u00f1os de experiencia, incluidos nueve a\u00f1os en pesca profesional.<\/p><p>Los hu\u00e9spedes pueden <strong>pescar en alta mar<\/strong> mientras est\u00e1n anclados o pescar al curric\u00e1n entre islas y luego <strong>disfrutar de una comida gourmet <\/strong>del mar a la mesa preparada a bordo por el chef privado.<\/p>\t\t\t\t\t\t\t\t<\/div>\n\t\t\t\t\t<\/div>\n\t\t\t\t<\/div>\n\t\t<a class=\"elementor-element elementor-element-65d3f09 e-grid e-con-boxed e-con e-parent\" data-id=\"65d3f09\" data-element_type=\"container\" href=\"https:\/\/www.charteranddreams.com\/es\/yacht\/semaya-navetta-31\/\">\n\t\t\t\t\t<div class=\"e-con-inner\">\n\t\t\t\t<div class=\"elementor-element elementor-element-4bc9e7b elementor-widget elementor-widget-image\" data-id=\"4bc9e7b\" data-element_type=\"widget\" data-widget_type=\"image.default\">\n\t\t\t\t\t\t\t\t\t\t\t\t\t\t\t<img decoding=\"async\" width=\"800\" height=\"450\" src=\"https:\/\/www.charteranddreams.com\/wp-content\/uploads\/2025\/03\/Semaya-9-news2-1550x871.jpg\" class=\"attachment-large size-large wp-image-100765\" alt=\"\" srcset=\"https:\/\/www.charteranddreams.com\/wp-content\/uploads\/2025\/03\/Semaya-9-news2-1550x871.jpg 1550w, https:\/\/www.charteranddreams.com\/wp-content\/uploads\/2025\/03\/Semaya-9-news2-992x557.jpg 992w, https:\/\/www.charteranddreams.com\/wp-content\/uploads\/2025\/03\/Semaya-9-news2-576x324.jpg 576w, https:\/\/www.charteranddreams.com\/wp-content\/uploads\/2025\/03\/Semaya-9-news2-768x432.jpg 768w, https:\/\/www.charteranddreams.com\/wp-content\/uploads\/2025\/03\/Semaya-9-news2-1536x863.jpg 1536w, https:\/\/www.charteranddreams.com\/wp-content\/uploads\/2025\/03\/Semaya-9-news2.jpg 1639w\" sizes=\"(max-width: 800px) 100vw, 800px\" \/>\t\t\t\t\t\t\t\t\t\t\t\t\t\t\t<\/div>\n\t\t\t\t<div class=\"elementor-element elementor-element-d6e973f elementor-widget elementor-widget-image\" data-id=\"d6e973f\" data-element_type=\"widget\" data-widget_type=\"image.default\">\n\t\t\t\t\t\t\t\t\t\t\t\t\t\t\t<img decoding=\"async\" width=\"800\" height=\"450\" src=\"https:\/\/www.charteranddreams.com\/wp-content\/uploads\/2025\/03\/Semaya-21-news2-1550x871.jpg\" class=\"attachment-large size-large wp-image-100768\" alt=\"\" srcset=\"https:\/\/www.charteranddreams.com\/wp-content\/uploads\/2025\/03\/Semaya-21-news2-1550x871.jpg 1550w, https:\/\/www.charteranddreams.com\/wp-content\/uploads\/2025\/03\/Semaya-21-news2-992x557.jpg 992w, https:\/\/www.charteranddreams.com\/wp-content\/uploads\/2025\/03\/Semaya-21-news2-576x324.jpg 576w, https:\/\/www.charteranddreams.com\/wp-content\/uploads\/2025\/03\/Semaya-21-news2-768x432.jpg 768w, https:\/\/www.charteranddreams.com\/wp-content\/uploads\/2025\/03\/Semaya-21-news2-1536x863.jpg 1536w, https:\/\/www.charteranddreams.com\/wp-content\/uploads\/2025\/03\/Semaya-21-news2.jpg 1639w\" sizes=\"(max-width: 800px) 100vw, 800px\" \/>\t\t\t\t\t\t\t\t\t\t\t\t\t\t\t<\/div>\n\t\t\t\t\t<\/div>\n\t\t\t\t<\/a>\n\t\t<div class=\"elementor-element elementor-element-5fbd410 e-flex e-con-boxed e-con e-parent\" data-id=\"5fbd410\" data-element_type=\"container\">\n\t\t\t\t\t<div class=\"e-con-inner\">\n\t\t\t\t<div class=\"elementor-element elementor-element-d0a181b elementor-widget elementor-widget-text-editor\" data-id=\"d0a181b\" data-element_type=\"widget\" data-widget_type=\"text-editor.default\">\n\t\t\t\t\t\t\t\t\t<h4>DETALLES PRINCIPALES<\/h4><p><strong>ESLORA<\/strong> 31 METROS (201\u2019 8\u2019\u2019) | <strong>MANGA<\/strong> 6,20 METROS (20\u2019 4\u2019\u2019) | <strong>CALADO<\/strong> 2,8 METROS (9\u2019 2\u2019\u2019) | <strong>TRIPULACI\u00d3N<\/strong> 4 | <strong>INVITADOS<\/strong> 12 | <strong>CAMAROTES<\/strong> 5 | <strong>CONSTRUIDO<\/strong> 1968 | <strong>REFIT<\/strong> 2024<\/p>\t\t\t\t\t\t\t\t<\/div>\n\t\t\t\t<div class=\"elementor-element elementor-element-2c8feb6 elementor-align-center elementor-widget elementor-widget-button\" data-id=\"2c8feb6\" data-element_type=\"widget\" data-widget_type=\"button.default\">\n\t\t\t\t\t\t\t\t\t\t<a class=\"elementor-button elementor-button-link elementor-size-sm\" href=\"https:\/\/api.whatsapp.com\/send?phone=34650606460\">\n\t\t\t\t\t\t<span class=\"elementor-button-content-wrapper\">\n\t\t\t\t\t\t\t\t\t<span class=\"elementor-button-text\">CONTACTA CON NOSOTROS AHORA<\/span>\n\t\t\t\t\t<\/span>\n\t\t\t\t\t<\/a>\n\t\t\t\t\t\t\t\t<\/div>\n\t\t\t\t\t<\/div>\n\t\t\t\t<\/div>\n\t\t<div class=\"elementor-element elementor-element-e898e6a e-flex e-con-boxed e-con e-parent\" data-id=\"e898e6a\" data-element_type=\"container\">\n\t\t\t\t\t<div class=\"e-con-inner\">\n\t\t\t\t\t<\/div>\n\t\t\t\t<\/div>\n\t\t\t\t<\/div>\n\t\t","protected":false},"excerpt":{"rendered":"<p>Bienvenidos a SEMAYA Un yate de lujo atemporal para alquilar en Baleares Una oportunidad \u00fanica para unas vacaciones de ensue\u00f1o \u00bfBuscas el yate perfecto en las Baleares? SEMAYA es un superyate cl\u00e1sico de 1968 que combina a la perfecci\u00f3n la elegancia atemporal con el lujo moderno, ofreciendo una experiencia de alquiler sin igual en las [&hellip;]<\/p>\n","protected":false},"author":23,"featured_media":100418,"comment_status":"closed","ping_status":"closed","sticky":false,"template":"","format":"standard","meta":{"_acf_changed":false,"_joinchat":[],"footnotes":""},"categories":[20],"tags":[],"class_list":["post-100797","post","type-post","status-publish","format-standard","has-post-thumbnail","hentry","category-news-and-inspiration"],"acf":[],"_links":{"self":[{"href":"https:\/\/www.charteranddreams.com\/es\/wp-json\/wp\/v2\/posts\/100797","targetHints":{"allow":["GET"]}}],"collection":[{"href":"https:\/\/www.charteranddreams.com\/es\/wp-json\/wp\/v2\/posts"}],"about":[{"href":"https:\/\/www.charteranddreams.com\/es\/wp-json\/wp\/v2\/types\/post"}],"author":[{"embeddable":true,"href":"https:\/\/www.charteranddreams.com\/es\/wp-json\/wp\/v2\/users\/23"}],"replies":[{"embeddable":true,"href":"https:\/\/www.charteranddreams.com\/es\/wp-json\/wp\/v2\/comments?post=100797"}],"version-history":[{"count":4,"href":"https:\/\/www.charteranddreams.com\/es\/wp-json\/wp\/v2\/posts\/100797\/revisions"}],"predecessor-version":[{"id":100802,"href":"https:\/\/www.charteranddreams.com\/es\/wp-json\/wp\/v2\/posts\/100797\/revisions\/100802"}],"wp:featuredmedia":[{"embeddable":true,"href":"https:\/\/www.charteranddreams.com\/es\/wp-json\/wp\/v2\/media\/100418"}],"wp:attachment":[{"href":"https:\/\/www.charteranddreams.com\/es\/wp-json\/wp\/v2\/media?parent=100797"}],"wp:term":[{"taxonomy":"category","embeddable":true,"href":"https:\/\/www.charteranddreams.com\/es\/wp-json\/wp\/v2\/categories?post=100797"},{"taxonomy":"post_tag","embeddable":true,"href":"https:\/\/www.charteranddreams.com\/es\/wp-json\/wp\/v2\/tags?post=100797"}],"curies":[{"name":"wp","href":"https:\/\/api.w.org\/{rel}","templated":true}]}}