{"id":25850,"date":"2023-02-13T20:46:02","date_gmt":"2023-02-13T18:46:02","guid":{"rendered":"https:\/\/www.charteranddreams.com\/prepare-for-summer-2023\/"},"modified":"2024-04-26T18:06:02","modified_gmt":"2024-04-26T16:06:02","slug":"traumen-sie-schon-vom-nachsten-sommerurlaub","status":"publish","type":"post","link":"https:\/\/www.charteranddreams.com\/de\/news-and-inspiration\/traumen-sie-schon-vom-nachsten-sommerurlaub\/","title":{"rendered":"Tr\u00e4umen Sie schon vom n\u00e4chsten Sommerurlaub?"},"content":{"rendered":"\t\t<div data-elementor-type=\"wp-post\" data-elementor-id=\"25850\" class=\"elementor elementor-25850 elementor-6846\" data-elementor-post-type=\"post\">\n\t\t\t\t<div class=\"elementor-element elementor-element-7837aee e-con-full e-flex e-con e-parent\" data-id=\"7837aee\" data-element_type=\"container\">\n\t\t\t\t<div class=\"elementor-element elementor-element-6a02a2d elementor-widget elementor-widget-heading\" data-id=\"6a02a2d\" data-element_type=\"widget\" data-widget_type=\"heading.default\">\n\t\t\t\t\t<p class=\"elementor-heading-title elementor-size-default\">Wie freuen uns darauf, Ihnen in der Saison 2023 einen exzellenten Service auf den Balearen mit Charteryachten der Spitzenklasse zu bieten. Ein ma\u00dfgeschneiderter Charter bringt Sie zu den sch\u00f6nsten Orten, w\u00e4hrend Sie in unvergleichlichem Luxus reisen. Warten Sie nicht l\u00e4nger und kontaktieren Sie uns!<\/p>\t\t\t\t<\/div>\n\t\t<div class=\"elementor-element elementor-element-5c3aa25 e-flex e-con-boxed e-con e-child\" data-id=\"5c3aa25\" data-element_type=\"container\">\n\t\t\t\t\t<div class=\"e-con-inner\">\n\t\t\t\t<div class=\"elementor-element elementor-element-6409e9a elementor-widget elementor-widget-heading\" data-id=\"6409e9a\" data-element_type=\"widget\" data-widget_type=\"heading.default\">\n\t\t\t\t\t<h2 class=\"elementor-heading-title elementor-size-default\">Entdecken Sie Ibiza<\/h2>\t\t\t\t<\/div>\n\t\t\t\t<div class=\"elementor-element elementor-element-1a1ebe4 elementor-widget elementor-widget-text-editor\" data-id=\"1a1ebe4\" data-element_type=\"widget\" data-widget_type=\"text-editor.default\">\n\t\t\t\t\t\t\t\t\t<p>Kommen Sie mit Ihrer Familie oder Ihren Freunden nach Ibiza und verbringen Sie eine tolle Zeit an Bord einer unserer exklusiven Yachten. Es ist\u00a0eine hervorragende M\u00f6glichkeit, diese fantastische Insel mit ihrem kristallklaren Wasser und ihren wei\u00dfen Sandstr\u00e4nden, ihren wundersch\u00f6nen Sonnenunterg\u00e4ngen und ihrem\u00a0Nachtleben kennen zu lernen. Sie werden Zugang zu geheimen Orten haben, die nur mit einer Yacht zu erreichen sind!<\/p>\t\t\t\t\t\t\t\t<\/div>\n\t\t\t\t<div class=\"elementor-element elementor-element-942f35d elementor-widget elementor-widget-image\" data-id=\"942f35d\" data-element_type=\"widget\" data-widget_type=\"image.default\">\n\t\t\t\t\t\t\t\t\t\t\t\t\t\t\t<img decoding=\"async\" width=\"800\" height=\"533\" src=\"https:\/\/www.charteranddreams.com\/wp-content\/uploads\/2023\/02\/ibizaibiza.jpg\" class=\"attachment-large size-large wp-image-6852\" alt=\"\" srcset=\"https:\/\/www.charteranddreams.com\/wp-content\/uploads\/2023\/02\/ibizaibiza.jpg 900w, https:\/\/www.charteranddreams.com\/wp-content\/uploads\/2023\/02\/ibizaibiza-768x512.jpg 768w\" sizes=\"(max-width: 800px) 100vw, 800px\" \/>\t\t\t\t\t\t\t\t\t\t\t\t\t\t\t<\/div>\n\t\t\t\t\t<\/div>\n\t\t\t\t<\/div>\n\t\t<div class=\"elementor-element elementor-element-c03cf94 e-flex e-con-boxed e-con e-child\" data-id=\"c03cf94\" data-element_type=\"container\">\n\t\t\t\t\t<div class=\"e-con-inner\">\n\t\t\t\t<div class=\"elementor-element elementor-element-7d0ec78 elementor-widget elementor-widget-heading\" data-id=\"7d0ec78\" data-element_type=\"widget\" data-widget_type=\"heading.default\">\n\t\t\t\t\t<h2 class=\"elementor-heading-title elementor-size-default\">Mallorca erwartet Sie<\/h2>\t\t\t\t<\/div>\n\t\t\t\t<div class=\"elementor-element elementor-element-26e4333 elementor-widget elementor-widget-text-editor\" data-id=\"26e4333\" data-element_type=\"widget\" data-widget_type=\"text-editor.default\">\n\t\t\t\t\t\t\t\t\t<p>Es gibt keinen luxuri\u00f6seren Weg, die Insel zu entdecken, als mit unseren Charteryachten. Mallorca ist eine Insel der Kontraste, auf der Sie Ruhe und Relax mit einigen der sch\u00f6nsten Str\u00e4nde, imposanten Bergklippen, traditionellen Fischerd\u00f6rfern und historischen St\u00e4dten, sowie fabelhaften Restaurants und einem glitzernden Nachtleben finden werden.<\/p>\t\t\t\t\t\t\t\t<\/div>\n\t\t\t\t<div class=\"elementor-element elementor-element-45006c3 elementor-widget elementor-widget-image\" data-id=\"45006c3\" data-element_type=\"widget\" data-widget_type=\"image.default\">\n\t\t\t\t\t\t\t\t\t\t\t\t\t\t\t<img decoding=\"async\" width=\"800\" height=\"533\" src=\"https:\/\/www.charteranddreams.com\/wp-content\/uploads\/2023\/02\/playasandratx-mallorca392.jpeg\" class=\"attachment-large size-large wp-image-6855\" alt=\"\" srcset=\"https:\/\/www.charteranddreams.com\/wp-content\/uploads\/2023\/02\/playasandratx-mallorca392.jpeg 900w, https:\/\/www.charteranddreams.com\/wp-content\/uploads\/2023\/02\/playasandratx-mallorca392-768x512.jpeg 768w\" sizes=\"(max-width: 800px) 100vw, 800px\" \/>\t\t\t\t\t\t\t\t\t\t\t\t\t\t\t<\/div>\n\t\t\t\t\t<\/div>\n\t\t\t\t<\/div>\n\t\t<div class=\"elementor-element elementor-element-6e5890f e-flex e-con-boxed e-con e-child\" data-id=\"6e5890f\" data-element_type=\"container\">\n\t\t\t\t\t<div class=\"e-con-inner\">\n\t\t\t\t<div class=\"elementor-element elementor-element-07508c9 elementor-widget elementor-widget-heading\" data-id=\"07508c9\" data-element_type=\"widget\" data-widget_type=\"heading.default\">\n\t\t\t\t\t<h2 class=\"elementor-heading-title elementor-size-default\">Menorca vom Meer aus entdecken<\/h2>\t\t\t\t<\/div>\n\t\t\t\t<div class=\"elementor-element elementor-element-da260d6 elementor-widget elementor-widget-text-editor\" data-id=\"da260d6\" data-element_type=\"widget\" data-widget_type=\"text-editor.default\">\n\t\t\t\t\t\t\t\t\t<p>Menorca verbirgt so viele versteckte Buchten, dass man sie am besten auf dem Seeweg erreicht. Die Str\u00e4nde im S\u00fcden Menorcas zeichnen sich durch ihren feinen wei\u00dfen Sand, ihr t\u00fcrkisblaues Wasser und ihre Lage inmitten mediterraner Pinienw\u00e4lder aus. Entdecken Sie unglaubliche Buchten wie Cala Turqueta, Cala Macarella, Cala Mitjana, Cala Trebaluger und andere.<\/p>\t\t\t\t\t\t\t\t<\/div>\n\t\t\t\t<div class=\"elementor-element elementor-element-c5642a3 elementor-widget elementor-widget-image\" data-id=\"c5642a3\" data-element_type=\"widget\" data-widget_type=\"image.default\">\n\t\t\t\t\t\t\t\t\t\t\t\t\t\t\t<img decoding=\"async\" width=\"800\" height=\"533\" src=\"https:\/\/www.charteranddreams.com\/wp-content\/uploads\/2023\/02\/trabucaireyate.jpg\" class=\"attachment-large size-large wp-image-6858\" alt=\"\" srcset=\"https:\/\/www.charteranddreams.com\/wp-content\/uploads\/2023\/02\/trabucaireyate.jpg 900w, https:\/\/www.charteranddreams.com\/wp-content\/uploads\/2023\/02\/trabucaireyate-768x512.jpg 768w\" sizes=\"(max-width: 800px) 100vw, 800px\" \/>\t\t\t\t\t\t\t\t\t\t\t\t\t\t\t<\/div>\n\t\t\t\t\t<\/div>\n\t\t\t\t<\/div>\n\t\t\t\t<\/div>\n\t\t\t\t<\/div>\n\t\t","protected":false},"excerpt":{"rendered":"<p>Die Inseln Ibiza, Mallorca und Menorca sind ein traumhaftes Urlaubsziel f\u00fcr alle, die das Beste der Balearen suchen. Machen Sie sich bereit f\u00fcr einen unglaublichen Yachtcharter durch kristallklares Wasser!<\/p>\n","protected":false},"author":2,"featured_media":6849,"comment_status":"closed","ping_status":"open","sticky":false,"template":"","format":"standard","meta":{"_acf_changed":false,"_joinchat":[],"footnotes":""},"categories":[2],"tags":[],"class_list":["post-25850","post","type-post","status-publish","format-standard","has-post-thumbnail","hentry","category-news-and-inspiration"],"acf":[],"_links":{"self":[{"href":"https:\/\/www.charteranddreams.com\/de\/wp-json\/wp\/v2\/posts\/25850","targetHints":{"allow":["GET"]}}],"collection":[{"href":"https:\/\/www.charteranddreams.com\/de\/wp-json\/wp\/v2\/posts"}],"about":[{"href":"https:\/\/www.charteranddreams.com\/de\/wp-json\/wp\/v2\/types\/post"}],"author":[{"embeddable":true,"href":"https:\/\/www.charteranddreams.com\/de\/wp-json\/wp\/v2\/users\/2"}],"replies":[{"embeddable":true,"href":"https:\/\/www.charteranddreams.com\/de\/wp-json\/wp\/v2\/comments?post=25850"}],"version-history":[{"count":5,"href":"https:\/\/www.charteranddreams.com\/de\/wp-json\/wp\/v2\/posts\/25850\/revisions"}],"predecessor-version":[{"id":27588,"href":"https:\/\/www.charteranddreams.com\/de\/wp-json\/wp\/v2\/posts\/25850\/revisions\/27588"}],"wp:featuredmedia":[{"embeddable":true,"href":"https:\/\/www.charteranddreams.com\/de\/wp-json\/wp\/v2\/media\/6849"}],"wp:attachment":[{"href":"https:\/\/www.charteranddreams.com\/de\/wp-json\/wp\/v2\/media?parent=25850"}],"wp:term":[{"taxonomy":"category","embeddable":true,"href":"https:\/\/www.charteranddreams.com\/de\/wp-json\/wp\/v2\/categories?post=25850"},{"taxonomy":"post_tag","embeddable":true,"href":"https:\/\/www.charteranddreams.com\/de\/wp-json\/wp\/v2\/tags?post=25850"}],"curies":[{"name":"wp","href":"https:\/\/api.w.org\/{rel}","templated":true}]}}