{"id":25823,"date":"2024-01-28T12:11:00","date_gmt":"2024-01-28T10:11:00","guid":{"rendered":"https:\/\/www.charteranddreams.com\/charter-a-yacht-for-the-americas-cup\/"},"modified":"2024-06-14T12:20:07","modified_gmt":"2024-06-14T10:20:07","slug":"charter-a-yacht-for-the-americas-cup","status":"publish","type":"post","link":"https:\/\/www.charteranddreams.com\/de\/news-and-inspiration\/charter-a-yacht-for-the-americas-cup\/","title":{"rendered":"Mieten Sie eine Yacht f\u00fcr den America Cup 2024 in Barcelona"},"content":{"rendered":"\t\t<div data-elementor-type=\"wp-post\" data-elementor-id=\"25823\" class=\"elementor elementor-25823 elementor-9472\" data-elementor-post-type=\"post\">\n\t\t\t\t<div class=\"elementor-element elementor-element-7837aee e-con-full e-flex e-con e-parent\" data-id=\"7837aee\" data-element_type=\"container\">\n\t\t\t\t<div class=\"elementor-element elementor-element-6a02a2d elementor-widget elementor-widget-heading\" data-id=\"6a02a2d\" data-element_type=\"widget\" data-widget_type=\"heading.default\">\n\t\t\t\t\t<p class=\"elementor-heading-title elementor-size-default\">Es ist noch nicht zu sp\u00e4t, um die perfekte Yacht f\u00fcr den America Cup in Barcelona 2024 zu finden, der in Barcelona stattfindet. Wir haben noch einige Yachten verf\u00fcgbar! Entweder haben sie bereits einen Liegeplatz oder\/und haben die M\u00f6glichkeit, die Kapazit\u00e4t auf bis zu 30 Personen zu erh\u00f6hen.<\/p>\t\t\t\t<\/div>\n\t\t\t\t<div class=\"elementor-element elementor-element-0f1a0b4 elementor-widget elementor-widget-text-editor\" data-id=\"0f1a0b4\" data-element_type=\"widget\" data-widget_type=\"text-editor.default\">\n\t\t\t\t\t\t\t\t\t<p>Kontaktieren Sie uns jetzt und sichern Sie sich Ihre Chance, bei diesem einzigartigen Ereignis in Barcelona dabei zu sein!<\/p>\t\t\t\t\t\t\t\t<\/div>\n\t\t\t\t<div class=\"elementor-element elementor-element-9e6699e elementor-widget elementor-widget-heading\" data-id=\"9e6699e\" data-element_type=\"widget\" data-widget_type=\"heading.default\">\n\t\t\t\t\t<h2 class=\"elementor-heading-title elementor-size-default\">DOLCE VITA IV |  Astondoa 102 GLX 31m<\/h2>\t\t\t\t<\/div>\n\t\t\t\t<div class=\"elementor-element elementor-element-bce5ab6 elementor-widget elementor-widget-image\" data-id=\"bce5ab6\" data-element_type=\"widget\" data-widget_type=\"image.default\">\n\t\t\t\t\t\t\t\t\t\t\t\t\t\t\t<img decoding=\"async\" width=\"768\" height=\"575\" src=\"https:\/\/www.charteranddreams.com\/wp-content\/uploads\/2024\/01\/DJI_0238-768x575.jpg\" class=\"attachment-medium_large size-medium_large wp-image-63164\" alt=\"dolce vita iv\" srcset=\"https:\/\/www.charteranddreams.com\/wp-content\/uploads\/2024\/01\/DJI_0238-768x575.jpg 768w, https:\/\/www.charteranddreams.com\/wp-content\/uploads\/2024\/01\/DJI_0238-992x743.jpg 992w, https:\/\/www.charteranddreams.com\/wp-content\/uploads\/2024\/01\/DJI_0238-1550x1161.jpg 1550w, https:\/\/www.charteranddreams.com\/wp-content\/uploads\/2024\/01\/DJI_0238-576x431.jpg 576w, https:\/\/www.charteranddreams.com\/wp-content\/uploads\/2024\/01\/DJI_0238-1536x1150.jpg 1536w, https:\/\/www.charteranddreams.com\/wp-content\/uploads\/2024\/01\/DJI_0238-2048x1534.jpg 2048w, https:\/\/www.charteranddreams.com\/wp-content\/uploads\/2024\/01\/DJI_0238-1900x1423.jpg 1900w\" sizes=\"(max-width: 768px) 100vw, 768px\" \/>\t\t\t\t\t\t\t\t\t\t\t\t\t\t\t<\/div>\n\t\t\t\t<div class=\"elementor-element elementor-element-b48677e elementor-widget elementor-widget-text-editor\" data-id=\"b48677e\" data-element_type=\"widget\" data-widget_type=\"text-editor.default\">\n\t\t\t\t\t\t\t\t\t<p>Liegeplatz reserviert in Port Vell, Barcelona: 28 SEPT bis 28 OKT 2024<br \/>Baujahr: 2007 Refit: 2021 | L\u00e4nge: 31.00 m | G\u00e4ste: 12 N\u00e4chte \/ 12 Tage<br \/>Besatzung: 5 5 | Anzahl der Kabinen: 5 | 3 Doppelzimmer, 2 Zweibettzimmer mit Pullman-Kojen<br \/>Preis: \u20ac 85.000\/Woche + 21% Mehrwertsteuer + 35% APA<\/p>\t\t\t\t\t\t\t\t<\/div>\n\t\t\t\t<div class=\"elementor-element elementor-element-07a97ba elementor-widget elementor-widget-heading\" data-id=\"07a97ba\" data-element_type=\"widget\" data-widget_type=\"heading.default\">\n\t\t\t\t\t<h2 class=\"elementor-heading-title elementor-size-default\">B4 | Astondoa 102 GLX 31m<\/h2>\t\t\t\t<\/div>\n\t\t\t\t<div class=\"elementor-element elementor-element-44e19af elementor-widget elementor-widget-image\" data-id=\"44e19af\" data-element_type=\"widget\" data-widget_type=\"image.default\">\n\t\t\t\t\t\t\t\t\t\t\t\t\t\t\t<img decoding=\"async\" width=\"800\" height=\"533\" src=\"https:\/\/www.charteranddreams.com\/wp-content\/uploads\/2024\/01\/b4.jpg\" class=\"attachment-large size-large wp-image-9481\" alt=\"\" srcset=\"https:\/\/www.charteranddreams.com\/wp-content\/uploads\/2024\/01\/b4.jpg 900w, https:\/\/www.charteranddreams.com\/wp-content\/uploads\/2024\/01\/b4-768x512.jpg 768w\" sizes=\"(max-width: 800px) 100vw, 800px\" \/>\t\t\t\t\t\t\t\t\t\t\t\t\t\t\t<\/div>\n\t\t\t\t<div class=\"elementor-element elementor-element-3a0af73 elementor-widget elementor-widget-text-editor\" data-id=\"3a0af73\" data-element_type=\"widget\" data-widget_type=\"text-editor.default\">\n\t\t\t\t\t\t\t\t\t<p>Liegeplatz reserviert in Port Vell, Barcelona: 23 SEPT to 28 OKT 2024<br \/>Baujahr: 2004 Refit: 2022 | L\u00e4nge: 31,45 m | G\u00e4ste: 12 N\u00e4chte \/ 12 Tage<br \/>Crew: 5 | Anzahl der Kabinen: 6 (1 x Master, 2 x VIP, 2 x Twin mit extra Pullman-Kojen, 1 x Auxiliary Kabine)<br \/>Fahrpreis: \u20ac 74.000\/Woche + 21% Mehrwertsteuer + 35% APA<\/p>\t\t\t\t\t\t\t\t<\/div>\n\t\t\t\t<div class=\"elementor-element elementor-element-f6633bd elementor-widget elementor-widget-heading\" data-id=\"f6633bd\" data-element_type=\"widget\" data-widget_type=\"heading.default\">\n\t\t\t\t\t<h2 class=\"elementor-heading-title elementor-size-default\">LA MOROCHA |  Ferretti 30m<\/h2>\t\t\t\t<\/div>\n\t\t\t\t<div class=\"elementor-element elementor-element-355c11c elementor-widget elementor-widget-image\" data-id=\"355c11c\" data-element_type=\"widget\" data-widget_type=\"image.default\">\n\t\t\t\t\t\t\t\t\t\t\t\t\t\t\t<img decoding=\"async\" src=\"https:\/\/www.charteranddreams.com\/wp-content\/uploads\/2024\/06\/A-1-1.jpg\" title=\"A-1.jpg\" alt=\"A-1.jpg\" loading=\"lazy\" \/>\t\t\t\t\t\t\t\t\t\t\t\t\t\t\t<\/div>\n\t\t\t\t<div class=\"elementor-element elementor-element-70db07a elementor-widget elementor-widget-text-editor\" data-id=\"70db07a\" data-element_type=\"widget\" data-widget_type=\"text-editor.default\">\n\t\t\t\t\t\t\t\t\t<p>Fester Liegeplatz imMarina Vela, Barcelona: 1 SEPT bis 28 OKT 2024<br \/>Baujahr: 2024 | L\u00e4nge: 30,13 m | G\u00e4ste: 10 N\u00e4chte \/ 12 Tage<br \/>Anzahl der Crew: 5 | Anzahl der Kabinen: 5 | 3 Doppelbetten, 2 Konvertiten<br \/>Preise: \u20ac 43<span style=\"color: var( --e-global-color-text ); font-size: var(--e-global-typography-text-font-size);\">\u00a0135.000<\/span><span style=\"font-size: 17.6px;\">\/Woche<\/span><span style=\"color: var( --e-global-color-text ); font-size: var(--e-global-typography-text-font-size);\">\u00a0<\/span><span style=\"color: var( --e-global-color-text ); font-size: var(--e-global-typography-text-font-size);\">+ 21% Mehrwertsteuer + 35% APA<\/span><\/p>\t\t\t\t\t\t\t\t<\/div>\n\t\t\t\t<div class=\"elementor-element elementor-element-c26447b elementor-widget elementor-widget-heading\" data-id=\"c26447b\" data-element_type=\"widget\" data-widget_type=\"heading.default\">\n\t\t\t\t\t<h2 class=\"elementor-heading-title elementor-size-default\">SEMAYA | Navetta Custom Made 31m<\/h2>\t\t\t\t<\/div>\n\t\t\t\t<div class=\"elementor-element elementor-element-f065d99 elementor-widget elementor-widget-image\" data-id=\"f065d99\" data-element_type=\"widget\" data-widget_type=\"image.default\">\n\t\t\t\t\t\t\t\t\t\t\t\t\t\t\t<img decoding=\"async\" width=\"768\" height=\"432\" src=\"https:\/\/www.charteranddreams.com\/wp-content\/uploads\/2024\/01\/semaya-117-EDITADO-768x432.jpg\" class=\"attachment-medium_large size-medium_large wp-image-63168\" alt=\"\" srcset=\"https:\/\/www.charteranddreams.com\/wp-content\/uploads\/2024\/01\/semaya-117-EDITADO-768x432.jpg 768w, https:\/\/www.charteranddreams.com\/wp-content\/uploads\/2024\/01\/semaya-117-EDITADO-992x557.jpg 992w, https:\/\/www.charteranddreams.com\/wp-content\/uploads\/2024\/01\/semaya-117-EDITADO-1550x871.jpg 1550w, https:\/\/www.charteranddreams.com\/wp-content\/uploads\/2024\/01\/semaya-117-EDITADO-576x324.jpg 576w, https:\/\/www.charteranddreams.com\/wp-content\/uploads\/2024\/01\/semaya-117-EDITADO-1536x863.jpg 1536w, https:\/\/www.charteranddreams.com\/wp-content\/uploads\/2024\/01\/semaya-117-EDITADO-1900x1068.jpg 1900w, https:\/\/www.charteranddreams.com\/wp-content\/uploads\/2024\/01\/semaya-117-EDITADO.jpg 1920w\" sizes=\"(max-width: 768px) 100vw, 768px\" \/>\t\t\t\t\t\t\t\t\t\t\t\t\t\t\t<\/div>\n\t\t\t\t<div class=\"elementor-element elementor-element-eefc7dc elementor-widget elementor-widget-text-editor\" data-id=\"eefc7dc\" data-element_type=\"widget\" data-widget_type=\"text-editor.default\">\n\t\t\t\t\t\t\t\t\t<p>Liegeplatz in der Marina Vela: 1 OKT bis 31 OKT 2024<br \/>Baujahr: 1968 Refit: 2019 | L\u00e4nge: 31.00 m | G\u00e4ste: 11 N\u00e4chte \/ 12 Tage<br \/>Anzahl der Besatzung: 4 | Anzahl der Kabinen: 5 | 4 Doppelzimmer, 1 Dreibettzimmer<br \/>Preis: \u20ac 54.000\/Woche + 21% Mehrwertsteuer + 35% APA<\/p>\t\t\t\t\t\t\t\t<\/div>\n\t\t\t\t<\/div>\n\t\t\t\t<\/div>\n\t\t","protected":false},"excerpt":{"rendered":"<p>Barcelona, 22 August &#8211; 20 Oktober 2024<\/p>\n","protected":false},"author":2,"featured_media":9475,"comment_status":"closed","ping_status":"open","sticky":false,"template":"","format":"standard","meta":{"_acf_changed":false,"_joinchat":[],"footnotes":""},"categories":[20],"tags":[],"class_list":["post-25823","post","type-post","status-publish","format-standard","has-post-thumbnail","hentry","category-news-and-inspiration"],"acf":[],"_links":{"self":[{"href":"https:\/\/www.charteranddreams.com\/de\/wp-json\/wp\/v2\/posts\/25823","targetHints":{"allow":["GET"]}}],"collection":[{"href":"https:\/\/www.charteranddreams.com\/de\/wp-json\/wp\/v2\/posts"}],"about":[{"href":"https:\/\/www.charteranddreams.com\/de\/wp-json\/wp\/v2\/types\/post"}],"author":[{"embeddable":true,"href":"https:\/\/www.charteranddreams.com\/de\/wp-json\/wp\/v2\/users\/2"}],"replies":[{"embeddable":true,"href":"https:\/\/www.charteranddreams.com\/de\/wp-json\/wp\/v2\/comments?post=25823"}],"version-history":[{"count":16,"href":"https:\/\/www.charteranddreams.com\/de\/wp-json\/wp\/v2\/posts\/25823\/revisions"}],"predecessor-version":[{"id":65588,"href":"https:\/\/www.charteranddreams.com\/de\/wp-json\/wp\/v2\/posts\/25823\/revisions\/65588"}],"wp:featuredmedia":[{"embeddable":true,"href":"https:\/\/www.charteranddreams.com\/de\/wp-json\/wp\/v2\/media\/9475"}],"wp:attachment":[{"href":"https:\/\/www.charteranddreams.com\/de\/wp-json\/wp\/v2\/media?parent=25823"}],"wp:term":[{"taxonomy":"category","embeddable":true,"href":"https:\/\/www.charteranddreams.com\/de\/wp-json\/wp\/v2\/categories?post=25823"},{"taxonomy":"post_tag","embeddable":true,"href":"https:\/\/www.charteranddreams.com\/de\/wp-json\/wp\/v2\/tags?post=25823"}],"curies":[{"name":"wp","href":"https:\/\/api.w.org\/{rel}","templated":true}]}}