{"id":106887,"date":"2025-06-13T16:00:12","date_gmt":"2025-06-13T14:00:12","guid":{"rendered":"https:\/\/www.charteranddreams.com\/?p=106887"},"modified":"2025-06-13T16:34:58","modified_gmt":"2025-06-13T14:34:58","slug":"secret-mallorca-5-hidden-gems-5-luxury-yachts-available-this-summer","status":"publish","type":"post","link":"https:\/\/www.charteranddreams.com\/de\/news-and-inspiration\/secret-mallorca-5-hidden-gems-5-luxury-yachts-available-this-summer\/","title":{"rendered":"Mallorca Geheimtipps: 5 versteckte Juwelen + 5 Luxusyachten f\u00fcr den Sommer"},"content":{"rendered":"\t\t<div data-elementor-type=\"wp-post\" data-elementor-id=\"106887\" class=\"elementor elementor-106887 elementor-106886\" data-elementor-post-type=\"post\">\n\t\t\t\t<div class=\"elementor-element elementor-element-364e518 e-flex e-con-boxed e-con e-parent\" data-id=\"364e518\" data-element_type=\"container\">\n\t\t\t\t\t<div class=\"e-con-inner\">\n\t\t\t\t<div class=\"elementor-element elementor-element-06d80c1 elementor-widget elementor-widget-text-editor\" data-id=\"06d80c1\" data-element_type=\"widget\" data-widget_type=\"text-editor.default\">\n\t\t\t\t\t\t\t\t\t<p>Mallorca erlebt derzeit eine neue goldene \u00c4ra. Abseits der ber\u00fchmten Str\u00e4nde und der erstklassigen Gastronomie verbirgt die Insel Orte, die nur wenige kennen. Von <strong>unber\u00fchrten Buchten<\/strong> und<strong> exquisiten Restaurants<\/strong> bis zu <strong>privaten Terrassen<\/strong> mit traumhaften Sonnenunterg\u00e4ngen \u2013 das ist das andere Mallorca, das in keinem Reisef\u00fchrer steht.<\/p><p>Entdecke die Insel von ihrer besten Seite \u2013 an Bord einer unserer <strong>Luxusyachten mit Heimathafen auf Mallorca<\/strong>.<\/p>\t\t\t\t\t\t\t\t<\/div>\n\t\t\t\t<div class=\"elementor-element elementor-element-8ee296d elementor-widget elementor-widget-heading\" data-id=\"8ee296d\" data-element_type=\"widget\" data-widget_type=\"heading.default\">\n\t\t\t\t\t<h2 class=\"elementor-heading-title elementor-size-default\">5 geheime Orte f\u00fcr einen au\u00dfergew\u00f6hnlichen Yachtcharter in diesem Sommer:<\/h2>\t\t\t\t<\/div>\n\t\t\t\t<div class=\"elementor-element elementor-element-4b855a1 elementor-widget elementor-widget-image\" data-id=\"4b855a1\" data-element_type=\"widget\" data-widget_type=\"image.default\">\n\t\t\t\t\t\t\t\t\t\t\t\t\t\t\t<img decoding=\"async\" width=\"800\" height=\"720\" src=\"https:\/\/www.charteranddreams.com\/wp-content\/uploads\/2025\/06\/Mallorca-map-secret-spots-EN.png\" class=\"attachment-large size-large wp-image-106918\" alt=\"\" srcset=\"https:\/\/www.charteranddreams.com\/wp-content\/uploads\/2025\/06\/Mallorca-map-secret-spots-EN.png 1000w, https:\/\/www.charteranddreams.com\/wp-content\/uploads\/2025\/06\/Mallorca-map-secret-spots-EN-992x893.png 992w, https:\/\/www.charteranddreams.com\/wp-content\/uploads\/2025\/06\/Mallorca-map-secret-spots-EN-576x518.png 576w, https:\/\/www.charteranddreams.com\/wp-content\/uploads\/2025\/06\/Mallorca-map-secret-spots-EN-768x691.png 768w\" sizes=\"(max-width: 800px) 100vw, 800px\" \/>\t\t\t\t\t\t\t\t\t\t\t\t\t\t\t<\/div>\n\t\t\t\t<div class=\"elementor-element elementor-element-2df5d6c elementor-widget elementor-widget-text-editor\" data-id=\"2df5d6c\" data-element_type=\"widget\" data-widget_type=\"text-editor.default\">\n\t\t\t\t\t\t\t\t\t<p style=\"text-align: center\"><a href=\"https:\/\/www.charteranddreams.com\/de\/destination\/mallorca\/\">\u2192 Zur idealen Route<\/a><\/p>\t\t\t\t\t\t\t\t<\/div>\n\t\t\t\t\t<\/div>\n\t\t\t\t<\/div>\n\t\t<div class=\"elementor-element elementor-element-56599ee e-flex e-con-boxed e-con e-parent\" data-id=\"56599ee\" data-element_type=\"container\" data-settings=\"{&quot;background_background&quot;:&quot;classic&quot;}\">\n\t\t\t\t\t<div class=\"e-con-inner\">\n\t\t<div class=\"elementor-element elementor-element-d805b5e e-con-full e-flex e-con e-child\" data-id=\"d805b5e\" data-element_type=\"container\">\n\t\t\t\t<div class=\"elementor-element elementor-element-adc627f elementor-widget elementor-widget-image\" data-id=\"adc627f\" data-element_type=\"widget\" data-widget_type=\"image.default\">\n\t\t\t\t\t\t\t\t\t\t\t\t\t\t\t<img decoding=\"async\" width=\"800\" height=\"491\" src=\"https:\/\/www.charteranddreams.com\/wp-content\/uploads\/2025\/06\/Cala-en-Basset-Mallorca.jpg\" class=\"attachment-large size-large wp-image-106903\" alt=\"\" srcset=\"https:\/\/www.charteranddreams.com\/wp-content\/uploads\/2025\/06\/Cala-en-Basset-Mallorca.jpg 1226w, https:\/\/www.charteranddreams.com\/wp-content\/uploads\/2025\/06\/Cala-en-Basset-Mallorca-992x609.jpg 992w, https:\/\/www.charteranddreams.com\/wp-content\/uploads\/2025\/06\/Cala-en-Basset-Mallorca-576x354.jpg 576w, https:\/\/www.charteranddreams.com\/wp-content\/uploads\/2025\/06\/Cala-en-Basset-Mallorca-768x472.jpg 768w\" sizes=\"(max-width: 800px) 100vw, 800px\" \/>\t\t\t\t\t\t\t\t\t\t\t\t\t\t\t<\/div>\n\t\t\t\t<\/div>\n\t\t<div class=\"elementor-element elementor-element-c287c29 e-con-full e-flex e-con e-child\" data-id=\"c287c29\" data-element_type=\"container\">\n\t\t\t\t<div class=\"elementor-element elementor-element-536566d elementor-widget elementor-widget-text-editor\" data-id=\"536566d\" data-element_type=\"widget\" data-widget_type=\"text-editor.default\">\n\t\t\t\t\t\t\t\t\t<h3>1. Cala en Basset \u2013 Westen<\/h3>\nEine abgelegene Bucht gegen\u00fcber der Insel Sa Dragonera \u2013 perfekt zum Ankern bei Sonnenuntergang. T\u00fcrkisblaues Wasser, wilde Klippen, absolute Ruhe.\t\t\t\t\t\t\t\t<\/div>\n\t\t\t\t<\/div>\n\t\t\t\t\t<\/div>\n\t\t\t\t<\/div>\n\t\t<div class=\"elementor-element elementor-element-88ebae0 e-flex e-con-boxed e-con e-parent\" data-id=\"88ebae0\" data-element_type=\"container\" data-settings=\"{&quot;background_background&quot;:&quot;classic&quot;}\">\n\t\t\t\t\t<div class=\"e-con-inner\">\n\t\t<div class=\"elementor-element elementor-element-1570892 e-con-full e-flex e-con e-child\" data-id=\"1570892\" data-element_type=\"container\">\n\t\t\t\t<div class=\"elementor-element elementor-element-8c6f1ab elementor-widget elementor-widget-text-editor\" data-id=\"8c6f1ab\" data-element_type=\"widget\" data-widget_type=\"text-editor.default\">\n\t\t\t\t\t\t\t\t\t<h3>2. Son Moragues Private Garden \u2013 Valldemossa (Nordwesten)<\/h3><p>Ein historischer Garten aus dem 14. Jahrhundert, normalerweise nicht zug\u00e4nglich. Exklusiver Zugang f\u00fcr private botanische F\u00fchrungen und Bio-Verkostungen.<\/p>\t\t\t\t\t\t\t\t<\/div>\n\t\t\t\t<\/div>\n\t\t<div class=\"elementor-element elementor-element-a6c3938 e-con-full e-flex e-con e-child\" data-id=\"a6c3938\" data-element_type=\"container\">\n\t\t\t\t<div class=\"elementor-element elementor-element-33a9b62 elementor-widget elementor-widget-image\" data-id=\"33a9b62\" data-element_type=\"widget\" data-widget_type=\"image.default\">\n\t\t\t\t\t\t\t\t\t\t\t\t\t\t\t<img decoding=\"async\" width=\"800\" height=\"491\" src=\"https:\/\/www.charteranddreams.com\/wp-content\/uploads\/2025\/06\/Sos-moragues-Mallorca.jpg\" class=\"attachment-large size-large wp-image-106909\" alt=\"\" srcset=\"https:\/\/www.charteranddreams.com\/wp-content\/uploads\/2025\/06\/Sos-moragues-Mallorca.jpg 1226w, https:\/\/www.charteranddreams.com\/wp-content\/uploads\/2025\/06\/Sos-moragues-Mallorca-992x609.jpg 992w, https:\/\/www.charteranddreams.com\/wp-content\/uploads\/2025\/06\/Sos-moragues-Mallorca-576x354.jpg 576w, https:\/\/www.charteranddreams.com\/wp-content\/uploads\/2025\/06\/Sos-moragues-Mallorca-768x472.jpg 768w\" sizes=\"(max-width: 800px) 100vw, 800px\" \/>\t\t\t\t\t\t\t\t\t\t\t\t\t\t\t<\/div>\n\t\t\t\t<\/div>\n\t\t\t\t\t<\/div>\n\t\t\t\t<\/div>\n\t\t<div class=\"elementor-element elementor-element-d8ac761 e-flex e-con-boxed e-con e-parent\" data-id=\"d8ac761\" data-element_type=\"container\" data-settings=\"{&quot;background_background&quot;:&quot;classic&quot;}\">\n\t\t\t\t\t<div class=\"e-con-inner\">\n\t\t<div class=\"elementor-element elementor-element-7067771 e-con-full e-flex e-con e-child\" data-id=\"7067771\" data-element_type=\"container\">\n\t\t\t\t<div class=\"elementor-element elementor-element-9ecc866 elementor-widget elementor-widget-image\" data-id=\"9ecc866\" data-element_type=\"widget\" data-widget_type=\"image.default\">\n\t\t\t\t\t\t\t\t\t\t\t\t\t\t\t<img decoding=\"async\" width=\"800\" height=\"491\" src=\"https:\/\/www.charteranddreams.com\/wp-content\/uploads\/2025\/06\/Bens-davall-Mallorca.jpg\" class=\"attachment-large size-large wp-image-106900\" alt=\"\" srcset=\"https:\/\/www.charteranddreams.com\/wp-content\/uploads\/2025\/06\/Bens-davall-Mallorca.jpg 1226w, https:\/\/www.charteranddreams.com\/wp-content\/uploads\/2025\/06\/Bens-davall-Mallorca-992x609.jpg 992w, https:\/\/www.charteranddreams.com\/wp-content\/uploads\/2025\/06\/Bens-davall-Mallorca-576x354.jpg 576w, https:\/\/www.charteranddreams.com\/wp-content\/uploads\/2025\/06\/Bens-davall-Mallorca-768x472.jpg 768w\" sizes=\"(max-width: 800px) 100vw, 800px\" \/>\t\t\t\t\t\t\t\t\t\t\t\t\t\t\t<\/div>\n\t\t\t\t<\/div>\n\t\t<div class=\"elementor-element elementor-element-c308d85 e-con-full e-flex e-con e-child\" data-id=\"c308d85\" data-element_type=\"container\">\n\t\t\t\t<div class=\"elementor-element elementor-element-b8c39fc elementor-widget elementor-widget-text-editor\" data-id=\"b8c39fc\" data-element_type=\"widget\" data-widget_type=\"text-editor.default\">\n\t\t\t\t\t\t\t\t\t<h3>3. Bens d\u2019Avall Restaurant \u2013 Dei\u00e0 (Central West)<\/h3><p>Michelin-starred fine dining rooted in Mallorcan tradition. Suspended between the sea and the mountains, it\u2019s a gastronomic sanctuary known only to those who know where to look.<\/p>\t\t\t\t\t\t\t\t<\/div>\n\t\t\t\t<\/div>\n\t\t\t\t\t<\/div>\n\t\t\t\t<\/div>\n\t\t<div class=\"elementor-element elementor-element-4414ca0 e-flex e-con-boxed e-con e-parent\" data-id=\"4414ca0\" data-element_type=\"container\" data-settings=\"{&quot;background_background&quot;:&quot;classic&quot;}\">\n\t\t\t\t\t<div class=\"e-con-inner\">\n\t\t<div class=\"elementor-element elementor-element-52865ac e-con-full e-flex e-con e-child\" data-id=\"52865ac\" data-element_type=\"container\">\n\t\t\t\t<div class=\"elementor-element elementor-element-5856769 elementor-widget elementor-widget-text-editor\" data-id=\"5856769\" data-element_type=\"widget\" data-widget_type=\"text-editor.default\">\n\t\t\t\t\t\t\t\t\t<h3>4. Cala des Moro \u2013 S\u00fcdosten<\/h3>\nEine der sch\u00f6nsten Buchten der Insel, nur schwer zu Fu\u00df erreichbar \u2013 aber perfekt mit der Yacht. Kristallklares Wasser, wei\u00dfer Sand, unber\u00fchrte Natur.\t\t\t\t\t\t\t\t<\/div>\n\t\t\t\t<\/div>\n\t\t<div class=\"elementor-element elementor-element-acaa1f4 e-con-full e-flex e-con e-child\" data-id=\"acaa1f4\" data-element_type=\"container\">\n\t\t\t\t<div class=\"elementor-element elementor-element-f9bcaa1 elementor-widget elementor-widget-image\" data-id=\"f9bcaa1\" data-element_type=\"widget\" data-widget_type=\"image.default\">\n\t\t\t\t\t\t\t\t\t\t\t\t\t\t\t<img decoding=\"async\" width=\"800\" height=\"491\" src=\"https:\/\/www.charteranddreams.com\/wp-content\/uploads\/2025\/06\/Cala-des-Moro-Mallorca.jpg\" class=\"attachment-large size-large wp-image-106912\" alt=\"\" srcset=\"https:\/\/www.charteranddreams.com\/wp-content\/uploads\/2025\/06\/Cala-des-Moro-Mallorca.jpg 1226w, https:\/\/www.charteranddreams.com\/wp-content\/uploads\/2025\/06\/Cala-des-Moro-Mallorca-992x609.jpg 992w, https:\/\/www.charteranddreams.com\/wp-content\/uploads\/2025\/06\/Cala-des-Moro-Mallorca-576x354.jpg 576w, https:\/\/www.charteranddreams.com\/wp-content\/uploads\/2025\/06\/Cala-des-Moro-Mallorca-768x472.jpg 768w\" sizes=\"(max-width: 800px) 100vw, 800px\" \/>\t\t\t\t\t\t\t\t\t\t\t\t\t\t\t<\/div>\n\t\t\t\t<\/div>\n\t\t\t\t\t<\/div>\n\t\t\t\t<\/div>\n\t\t<div class=\"elementor-element elementor-element-f145e3b e-flex e-con-boxed e-con e-parent\" data-id=\"f145e3b\" data-element_type=\"container\" data-settings=\"{&quot;background_background&quot;:&quot;classic&quot;}\">\n\t\t\t\t\t<div class=\"e-con-inner\">\n\t\t<div class=\"elementor-element elementor-element-83fc642 e-con-full e-flex e-con e-child\" data-id=\"83fc642\" data-element_type=\"container\">\n\t\t\t\t<div class=\"elementor-element elementor-element-4477c3f elementor-widget elementor-widget-image\" data-id=\"4477c3f\" data-element_type=\"widget\" data-widget_type=\"image.default\">\n\t\t\t\t\t\t\t\t\t\t\t\t\t\t\t<img decoding=\"async\" width=\"800\" height=\"491\" src=\"https:\/\/www.charteranddreams.com\/wp-content\/uploads\/2025\/06\/Cap-Rocat-Mallorca.jpg\" class=\"attachment-large size-large wp-image-106906\" alt=\"\" srcset=\"https:\/\/www.charteranddreams.com\/wp-content\/uploads\/2025\/06\/Cap-Rocat-Mallorca.jpg 1226w, https:\/\/www.charteranddreams.com\/wp-content\/uploads\/2025\/06\/Cap-Rocat-Mallorca-992x609.jpg 992w, https:\/\/www.charteranddreams.com\/wp-content\/uploads\/2025\/06\/Cap-Rocat-Mallorca-576x354.jpg 576w, https:\/\/www.charteranddreams.com\/wp-content\/uploads\/2025\/06\/Cap-Rocat-Mallorca-768x472.jpg 768w\" sizes=\"(max-width: 800px) 100vw, 800px\" \/>\t\t\t\t\t\t\t\t\t\t\t\t\t\t\t<\/div>\n\t\t\t\t<\/div>\n\t\t<div class=\"elementor-element elementor-element-2326908 e-con-full e-flex e-con e-child\" data-id=\"2326908\" data-element_type=\"container\">\n\t\t\t\t<div class=\"elementor-element elementor-element-33ee20a elementor-widget elementor-widget-text-editor\" data-id=\"33ee20a\" data-element_type=\"widget\" data-widget_type=\"text-editor.default\">\n\t\t\t\t\t\t\t\t\t<h3>5. Sky Bar Cap Rocat \u2013 S\u00fcden<\/h3>\nEine versteckte Terrasse in einer ehemaligen Festung, heute ein 5*-GL-Hotel. Zutritt nur mit Reservierung. Champagner mit Panoramablick zum Sonnenuntergang.\t\t\t\t\t\t\t\t<\/div>\n\t\t\t\t<\/div>\n\t\t\t\t\t<\/div>\n\t\t\t\t<\/div>\n\t\t<div class=\"elementor-element elementor-element-2c67cc4 e-flex e-con-boxed e-con e-parent\" data-id=\"2c67cc4\" data-element_type=\"container\">\n\t\t\t\t\t<div class=\"e-con-inner\">\n\t\t\t\t<div class=\"elementor-element elementor-element-ab571c1 elementor-widget elementor-widget-spacer\" data-id=\"ab571c1\" data-element_type=\"widget\" data-widget_type=\"spacer.default\">\n\t\t\t\t\t\t\t<div class=\"elementor-spacer\">\n\t\t\t<div class=\"elementor-spacer-inner\"><\/div>\n\t\t<\/div>\n\t\t\t\t\t\t<\/div>\n\t\t\t\t<div class=\"elementor-element elementor-element-f96f294 elementor-widget elementor-widget-heading\" data-id=\"f96f294\" data-element_type=\"widget\" data-widget_type=\"heading.default\">\n\t\t\t\t\t<h2 class=\"elementor-heading-title elementor-size-default\">Yachturlaub auf Mallorca?<\/h2>\t\t\t\t<\/div>\n\t\t\t\t<div class=\"elementor-element elementor-element-200d79e elementor-widget elementor-widget-text-editor\" data-id=\"200d79e\" data-element_type=\"widget\" data-widget_type=\"text-editor.default\">\n\t\t\t\t\t\t\t\t\t<p>Ein Yachtcharter auf Mallorca vereint Freiheit, Luxus und Natur auf eine Weise, die kein Hotel bieten kann. Von den t\u00fcrkisfarbenen Buchten im S\u00fcdosten bis zu den steilen Klippen der Tramuntana \u2013 die Insel ist ein mediterraner Traum.<\/p><p><a href=\"#joinchat\">Kontaktiere uns jetzt<\/a> und plane deine ma\u00dfgeschneiderte Yachtreise.<\/p>\t\t\t\t\t\t\t\t<\/div>\n\t\t\t\t\t<\/div>\n\t\t\t\t<\/div>\n\t\t<div class=\"elementor-element elementor-element-3a5c16af e-flex e-con-boxed e-con e-parent\" data-id=\"3a5c16af\" data-element_type=\"container\">\n\t\t\t\t\t<div class=\"e-con-inner\">\n\t\t<a class=\"elementor-element elementor-element-90e7fca e-con-full e-flex e-con e-child\" data-id=\"90e7fca\" data-element_type=\"container\" data-settings=\"{&quot;background_background&quot;:&quot;classic&quot;}\" href=\"https:\/\/www.charteranddreams.com\/en\/yacht\/sea-water-ii-sunseeker-86\/\">\n\t\t\t\t<div class=\"elementor-element elementor-element-192199db elementor-widget elementor-widget-image\" data-id=\"192199db\" data-element_type=\"widget\" data-widget_type=\"image.default\">\n\t\t\t\t\t\t\t\t\t\t\t\t\t\t\t<img decoding=\"async\" width=\"800\" height=\"533\" src=\"https:\/\/www.charteranddreams.com\/wp-content\/uploads\/2023\/03\/seawater-blog.jpg\" class=\"attachment-large size-large wp-image-6780\" alt=\"Seawater II - Sunseeker 86\" srcset=\"https:\/\/www.charteranddreams.com\/wp-content\/uploads\/2023\/03\/seawater-blog.jpg 900w, https:\/\/www.charteranddreams.com\/wp-content\/uploads\/2023\/03\/seawater-blog-768x512.jpg 768w\" sizes=\"(max-width: 800px) 100vw, 800px\" \/>\t\t\t\t\t\t\t\t\t\t\t\t\t\t\t<\/div>\n\t\t\t\t<div class=\"elementor-element elementor-element-43d3d483 elementor-widget elementor-widget-heading\" data-id=\"43d3d483\" data-element_type=\"widget\" data-widget_type=\"heading.default\">\n\t\t\t\t\t<h2 class=\"elementor-heading-title elementor-size-default\">SEA WATER II<\/h2>\t\t\t\t<\/div>\n\t\t\t\t<div class=\"elementor-element elementor-element-5294a6 elementor-widget-divider--view-line elementor-widget elementor-widget-divider\" data-id=\"5294a6\" data-element_type=\"widget\" data-widget_type=\"divider.default\">\n\t\t\t\t\t\t\t<div class=\"elementor-divider\">\n\t\t\t<span class=\"elementor-divider-separator\">\n\t\t\t\t\t\t<\/span>\n\t\t<\/div>\n\t\t\t\t\t\t<\/div>\n\t\t\t\t<div class=\"elementor-element elementor-element-49e12231 elementor-widget elementor-widget-text-editor\" data-id=\"49e12231\" data-element_type=\"widget\" data-widget_type=\"text-editor.default\">\n\t\t\t\t\t\t\t\t\t<p style=\"text-align: center\">26,30 m. |\u00a0 8 G\u00e4ste |\u00a0 4 Kabinen | 2020<\/p><p style=\"text-align: center\">Bewerten ab 51.000 \u20ac\/Woche<\/p>\t\t\t\t\t\t\t\t<\/div>\n\t\t\t\t<\/a>\n\t\t<a class=\"elementor-element elementor-element-39338588 e-con-full e-flex e-con e-child\" data-id=\"39338588\" data-element_type=\"container\" data-settings=\"{&quot;background_background&quot;:&quot;classic&quot;}\" href=\"https:\/\/www.superyachtcharteribiza.com\/en\/yacht\/stardust-of-mary-sunseeker-86\/\">\n\t\t\t\t<div class=\"elementor-element elementor-element-703cb8c2 elementor-widget elementor-widget-image\" data-id=\"703cb8c2\" data-element_type=\"widget\" data-widget_type=\"image.default\">\n\t\t\t\t\t\t\t\t\t\t\t\t\t\t\t<img decoding=\"async\" width=\"800\" height=\"450\" src=\"https:\/\/www.charteranddreams.com\/wp-content\/uploads\/2019\/06\/Stardust-of-Mary-1-1550x872.jpg\" class=\"attachment-large size-large wp-image-106682\" alt=\"\" srcset=\"https:\/\/www.charteranddreams.com\/wp-content\/uploads\/2019\/06\/Stardust-of-Mary-1-1550x872.jpg 1550w, https:\/\/www.charteranddreams.com\/wp-content\/uploads\/2019\/06\/Stardust-of-Mary-1-992x558.jpg 992w, https:\/\/www.charteranddreams.com\/wp-content\/uploads\/2019\/06\/Stardust-of-Mary-1-576x324.jpg 576w, https:\/\/www.charteranddreams.com\/wp-content\/uploads\/2019\/06\/Stardust-of-Mary-1-768x432.jpg 768w, https:\/\/www.charteranddreams.com\/wp-content\/uploads\/2019\/06\/Stardust-of-Mary-1-1536x864.jpg 1536w, https:\/\/www.charteranddreams.com\/wp-content\/uploads\/2019\/06\/Stardust-of-Mary-1-1900x1069.jpg 1900w, https:\/\/www.charteranddreams.com\/wp-content\/uploads\/2019\/06\/Stardust-of-Mary-1.jpg 1920w\" sizes=\"(max-width: 800px) 100vw, 800px\" \/>\t\t\t\t\t\t\t\t\t\t\t\t\t\t\t<\/div>\n\t\t\t\t<div class=\"elementor-element elementor-element-6478b80b elementor-widget elementor-widget-heading\" data-id=\"6478b80b\" data-element_type=\"widget\" data-widget_type=\"heading.default\">\n\t\t\t\t\t<h2 class=\"elementor-heading-title elementor-size-default\">STARDUST OF MARY<\/h2>\t\t\t\t<\/div>\n\t\t\t\t<div class=\"elementor-element elementor-element-eb8ac0c elementor-widget-divider--view-line elementor-widget elementor-widget-divider\" data-id=\"eb8ac0c\" data-element_type=\"widget\" data-widget_type=\"divider.default\">\n\t\t\t\t\t\t\t<div class=\"elementor-divider\">\n\t\t\t<span class=\"elementor-divider-separator\">\n\t\t\t\t\t\t<\/span>\n\t\t<\/div>\n\t\t\t\t\t\t<\/div>\n\t\t\t\t<div class=\"elementor-element elementor-element-5365ec6c elementor-widget elementor-widget-text-editor\" data-id=\"5365ec6c\" data-element_type=\"widget\" data-widget_type=\"text-editor.default\">\n\t\t\t\t\t\t\t\t\t<p style=\"text-align: center\">26,30 m. |\u00a0 8 G\u00e4ste |\u00a0 4 Kabinen \u00a0|\u00a0 2015\/203<\/p><p style=\"text-align: center\">Bewerten ab 50.000 \u20ac\/Woche<\/p>\t\t\t\t\t\t\t\t<\/div>\n\t\t\t\t<\/a>\n\t\t\t\t\t<\/div>\n\t\t\t\t<\/div>\n\t\t<div class=\"elementor-element elementor-element-10c6d48 e-flex e-con-boxed e-con e-parent\" data-id=\"10c6d48\" data-element_type=\"container\">\n\t\t\t\t\t<div class=\"e-con-inner\">\n\t\t<a class=\"elementor-element elementor-element-12c1f73 e-con-full e-flex e-con e-child\" data-id=\"12c1f73\" data-element_type=\"container\" data-settings=\"{&quot;background_background&quot;:&quot;classic&quot;}\" href=\"https:\/\/www.charteranddreams.com\/en\/yacht\/nailu-ferretti-1000\/\">\n\t\t\t\t<div class=\"elementor-element elementor-element-eb3fcdd elementor-widget elementor-widget-image\" data-id=\"eb3fcdd\" data-element_type=\"widget\" data-widget_type=\"image.default\">\n\t\t\t\t\t\t\t\t\t\t\t\t\t\t\t<img decoding=\"async\" width=\"800\" height=\"599\" src=\"https:\/\/www.charteranddreams.com\/wp-content\/uploads\/2025\/03\/La-Morocha-Yacht-Charter-1-1550x1161.jpg\" class=\"attachment-large size-large wp-image-101300\" alt=\"\" srcset=\"https:\/\/www.charteranddreams.com\/wp-content\/uploads\/2025\/03\/La-Morocha-Yacht-Charter-1-1550x1161.jpg 1550w, https:\/\/www.charteranddreams.com\/wp-content\/uploads\/2025\/03\/La-Morocha-Yacht-Charter-1-992x743.jpg 992w, https:\/\/www.charteranddreams.com\/wp-content\/uploads\/2025\/03\/La-Morocha-Yacht-Charter-1-576x431.jpg 576w, https:\/\/www.charteranddreams.com\/wp-content\/uploads\/2025\/03\/La-Morocha-Yacht-Charter-1-768x575.jpg 768w, https:\/\/www.charteranddreams.com\/wp-content\/uploads\/2025\/03\/La-Morocha-Yacht-Charter-1-1536x1150.jpg 1536w, https:\/\/www.charteranddreams.com\/wp-content\/uploads\/2025\/03\/La-Morocha-Yacht-Charter-1-1900x1423.jpg 1900w, https:\/\/www.charteranddreams.com\/wp-content\/uploads\/2025\/03\/La-Morocha-Yacht-Charter-1.jpg 1920w\" sizes=\"(max-width: 800px) 100vw, 800px\" \/>\t\t\t\t\t\t\t\t\t\t\t\t\t\t\t<\/div>\n\t\t\t\t<div class=\"elementor-element elementor-element-0656c5f elementor-widget elementor-widget-heading\" data-id=\"0656c5f\" data-element_type=\"widget\" data-widget_type=\"heading.default\">\n\t\t\t\t\t<h2 class=\"elementor-heading-title elementor-size-default\">NAILU +<\/h2>\t\t\t\t<\/div>\n\t\t\t\t<div class=\"elementor-element elementor-element-a7ad2c9 elementor-widget-divider--view-line elementor-widget elementor-widget-divider\" data-id=\"a7ad2c9\" data-element_type=\"widget\" data-widget_type=\"divider.default\">\n\t\t\t\t\t\t\t<div class=\"elementor-divider\">\n\t\t\t<span class=\"elementor-divider-separator\">\n\t\t\t\t\t\t<\/span>\n\t\t<\/div>\n\t\t\t\t\t\t<\/div>\n\t\t\t\t<div class=\"elementor-element elementor-element-813ba24 elementor-widget elementor-widget-text-editor\" data-id=\"813ba24\" data-element_type=\"widget\" data-widget_type=\"text-editor.default\">\n\t\t\t\t\t\t\t\t\t<p style=\"text-align: center\">30,13 m. |\u00a0 10 G\u00e4ste |\u00a0 5 Kabinen | 2024<\/p><p style=\"text-align: center\">Bewerten ab 110.000 \u20ac\/Woche<\/p>\t\t\t\t\t\t\t\t<\/div>\n\t\t\t\t<\/a>\n\t\t<a class=\"elementor-element elementor-element-c5680fc e-con-full e-flex e-con e-child\" data-id=\"c5680fc\" data-element_type=\"container\" data-settings=\"{&quot;background_background&quot;:&quot;classic&quot;}\" href=\"https:\/\/www.charteranddreams.com\/en\/yacht\/semaya-navetta-31\/\">\n\t\t\t\t<div class=\"elementor-element elementor-element-688a205 elementor-widget elementor-widget-image\" data-id=\"688a205\" data-element_type=\"widget\" data-widget_type=\"image.default\">\n\t\t\t\t\t\t\t\t\t\t\t\t\t\t\t<img decoding=\"async\" width=\"800\" height=\"450\" src=\"https:\/\/www.charteranddreams.com\/wp-content\/uploads\/2025\/03\/Semaya-103-news2-1550x871.jpg\" class=\"attachment-large size-large wp-image-100779\" alt=\"\" srcset=\"https:\/\/www.charteranddreams.com\/wp-content\/uploads\/2025\/03\/Semaya-103-news2-1550x871.jpg 1550w, https:\/\/www.charteranddreams.com\/wp-content\/uploads\/2025\/03\/Semaya-103-news2-992x557.jpg 992w, https:\/\/www.charteranddreams.com\/wp-content\/uploads\/2025\/03\/Semaya-103-news2-576x324.jpg 576w, https:\/\/www.charteranddreams.com\/wp-content\/uploads\/2025\/03\/Semaya-103-news2-768x432.jpg 768w, https:\/\/www.charteranddreams.com\/wp-content\/uploads\/2025\/03\/Semaya-103-news2-1536x863.jpg 1536w, https:\/\/www.charteranddreams.com\/wp-content\/uploads\/2025\/03\/Semaya-103-news2.jpg 1639w\" sizes=\"(max-width: 800px) 100vw, 800px\" \/>\t\t\t\t\t\t\t\t\t\t\t\t\t\t\t<\/div>\n\t\t\t\t<div class=\"elementor-element elementor-element-670b5d9 elementor-widget elementor-widget-heading\" data-id=\"670b5d9\" data-element_type=\"widget\" data-widget_type=\"heading.default\">\n\t\t\t\t\t<h2 class=\"elementor-heading-title elementor-size-default\">SEMAYA<\/h2>\t\t\t\t<\/div>\n\t\t\t\t<div class=\"elementor-element elementor-element-ec629fc elementor-widget-divider--view-line elementor-widget elementor-widget-divider\" data-id=\"ec629fc\" data-element_type=\"widget\" data-widget_type=\"divider.default\">\n\t\t\t\t\t\t\t<div class=\"elementor-divider\">\n\t\t\t<span class=\"elementor-divider-separator\">\n\t\t\t\t\t\t<\/span>\n\t\t<\/div>\n\t\t\t\t\t\t<\/div>\n\t\t\t\t<div class=\"elementor-element elementor-element-b906626 elementor-widget elementor-widget-text-editor\" data-id=\"b906626\" data-element_type=\"widget\" data-widget_type=\"text-editor.default\">\n\t\t\t\t\t\t\t\t\t<p style=\"text-align: center\">31,00 m. |\u00a0 12 G\u00e4ste |\u00a0 5 Kabinen \u00a0|\u00a0 1968\/2024<\/p><p style=\"text-align: center\">Bewerten ab 49.000 \u20ac\/Woche<\/p>\t\t\t\t\t\t\t\t<\/div>\n\t\t\t\t<\/a>\n\t\t\t\t\t<\/div>\n\t\t\t\t<\/div>\n\t\t<div class=\"elementor-element elementor-element-5004091 e-flex e-con-boxed e-con e-parent\" data-id=\"5004091\" data-element_type=\"container\">\n\t\t\t\t\t<div class=\"e-con-inner\">\n\t\t\t\t<div class=\"elementor-element elementor-element-e7f97b7 elementor-align-center elementor-widget elementor-widget-button\" data-id=\"e7f97b7\" data-element_type=\"widget\" data-widget_type=\"button.default\">\n\t\t\t\t\t\t\t\t\t\t<a class=\"elementor-button elementor-button-link elementor-size-sm\" href=\"https:\/\/www.charteranddreams.com\/de\/yacht-charter\/?destinationID=8107\">\n\t\t\t\t\t\t<span class=\"elementor-button-content-wrapper\">\n\t\t\t\t\t\t\t\t\t<span class=\"elementor-button-text\">WEITERE YACHTEN IN MALLORCA VERF\u00dcGBAR<\/span>\n\t\t\t\t\t<\/span>\n\t\t\t\t\t<\/a>\n\t\t\t\t\t\t\t\t<\/div>\n\t\t\t\t\t<\/div>\n\t\t\t\t<\/div>\n\t\t<div class=\"elementor-element elementor-element-403dc330 e-grid e-con-boxed e-con e-parent\" data-id=\"403dc330\" data-element_type=\"container\" data-settings=\"{&quot;background_background&quot;:&quot;classic&quot;}\">\n\t\t\t\t\t<div class=\"e-con-inner\">\n\t\t\t\t<div class=\"elementor-element elementor-element-1495e535 elementor-widget elementor-widget-text-editor\" data-id=\"1495e535\" data-element_type=\"widget\" data-widget_type=\"text-editor.default\">\n\t\t\t\t\t\t\t\t\t<p><strong>KONTAKT ZU UNSEREN YACHTMANAGERN<\/strong><\/p><p>Bei Charter &amp; Dreams w\u00e4hlt unser Expertenteam jede Yacht sorgf\u00e4ltig aus und garantiert einen tadellosen Service von Anfang bis Ende. Setzen Sie sich mit uns in Verbindung, um Ihre Reise noch individueller zu gestalten und einen wirklich unvergesslichen Urlaub zu schaffen.<\/p>\t\t\t\t\t\t\t\t<\/div>\n\t\t<div class=\"elementor-element elementor-element-30289fc1 e-grid e-con-full e-con e-child\" data-id=\"30289fc1\" data-element_type=\"container\">\n\t\t\t\t<div class=\"elementor-element elementor-element-79d98134 elementor-widget elementor-widget-image\" data-id=\"79d98134\" data-element_type=\"widget\" data-widget_type=\"image.default\">\n\t\t\t\t\t\t\t\t\t\t\t\t\t\t\t<img decoding=\"async\" width=\"800\" height=\"788\" src=\"https:\/\/www.charteranddreams.com\/wp-content\/uploads\/2024\/05\/JudithEstrella-scaled-1-1218x1200.jpg\" class=\"attachment-large size-large wp-image-55669\" alt=\"\" srcset=\"https:\/\/www.charteranddreams.com\/wp-content\/uploads\/2024\/05\/JudithEstrella-scaled-1-1218x1200.jpg 1218w, https:\/\/www.charteranddreams.com\/wp-content\/uploads\/2024\/05\/JudithEstrella-scaled-1-992x978.jpg 992w, https:\/\/www.charteranddreams.com\/wp-content\/uploads\/2024\/05\/JudithEstrella-scaled-1-576x568.jpg 576w, https:\/\/www.charteranddreams.com\/wp-content\/uploads\/2024\/05\/JudithEstrella-scaled-1-768x757.jpg 768w, https:\/\/www.charteranddreams.com\/wp-content\/uploads\/2024\/05\/JudithEstrella-scaled-1-1536x1514.jpg 1536w, https:\/\/www.charteranddreams.com\/wp-content\/uploads\/2024\/05\/JudithEstrella-scaled-1-2048x2018.jpg 2048w, https:\/\/www.charteranddreams.com\/wp-content\/uploads\/2024\/05\/JudithEstrella-scaled-1-1900x1873.jpg 1900w\" sizes=\"(max-width: 800px) 100vw, 800px\" \/>\t\t\t\t\t\t\t\t\t\t\t\t\t\t\t<\/div>\n\t\t\t\t<div class=\"elementor-element elementor-element-6d082a3a elementor-widget elementor-widget-text-editor\" data-id=\"6d082a3a\" data-element_type=\"widget\" data-widget_type=\"text-editor.default\">\n\t\t\t\t\t\t\t\t\t<p><strong>Judith Estrella<\/strong><\/p><p>Co-founder &amp; Broker<\/p><p><a href=\"tel:+34606348536\"><img decoding=\"async\" class=\"alignnone wp-image-101687\" src=\"https:\/\/www.charteranddreams.com\/wp-content\/uploads\/2025\/03\/call2.png\" alt=\"\" width=\"29\" height=\"29\" \/><\/a>\u00a0 <a href=\"mailto:judith.estrella@charteranddreams.com\"><img decoding=\"async\" class=\"alignnone wp-image-101690\" src=\"https:\/\/www.charteranddreams.com\/wp-content\/uploads\/2025\/03\/Email-rojo.png\" alt=\"\" width=\"28\" height=\"28\" \/><\/a> \u00a0<a href=\"#joinchat\"><img decoding=\"async\" class=\"alignnone wp-image-101693\" src=\"https:\/\/www.charteranddreams.com\/wp-content\/uploads\/2025\/03\/Whatsapp-verde.png\" alt=\"\" width=\"29\" height=\"29\" \/><\/a><\/p>\t\t\t\t\t\t\t\t<\/div>\n\t\t\t\t<\/div>\n\t\t<div class=\"elementor-element elementor-element-b5841d e-grid e-con-full e-con e-child\" data-id=\"b5841d\" data-element_type=\"container\">\n\t\t\t\t<div class=\"elementor-element elementor-element-5303de2 elementor-widget elementor-widget-image\" data-id=\"5303de2\" data-element_type=\"widget\" data-widget_type=\"image.default\">\n\t\t\t\t\t\t\t\t\t\t\t\t\t\t\t<img decoding=\"async\" width=\"800\" height=\"800\" src=\"https:\/\/www.charteranddreams.com\/wp-content\/uploads\/2025\/03\/joan_web-copia-1200x1200.jpg\" class=\"attachment-large size-large wp-image-101685\" alt=\"\" srcset=\"https:\/\/www.charteranddreams.com\/wp-content\/uploads\/2025\/03\/joan_web-copia-1200x1200.jpg 1200w, https:\/\/www.charteranddreams.com\/wp-content\/uploads\/2025\/03\/joan_web-copia-992x992.jpg 992w, https:\/\/www.charteranddreams.com\/wp-content\/uploads\/2025\/03\/joan_web-copia-576x576.jpg 576w, https:\/\/www.charteranddreams.com\/wp-content\/uploads\/2025\/03\/joan_web-copia-768x768.jpg 768w, https:\/\/www.charteranddreams.com\/wp-content\/uploads\/2025\/03\/joan_web-copia.jpg 1211w\" sizes=\"(max-width: 800px) 100vw, 800px\" \/>\t\t\t\t\t\t\t\t\t\t\t\t\t\t\t<\/div>\n\t\t\t\t<div class=\"elementor-element elementor-element-5babb239 elementor-widget elementor-widget-text-editor\" data-id=\"5babb239\" data-element_type=\"widget\" data-widget_type=\"text-editor.default\">\n\t\t\t\t\t\t\t\t\t<p><strong>Joan Farell<\/strong><\/p><p>Co-founder &amp; Broker<\/p><p><a href=\"tel:+34600602739\"><img decoding=\"async\" class=\"alignnone wp-image-101687\" src=\"https:\/\/www.charteranddreams.com\/wp-content\/uploads\/2025\/03\/call2.png\" alt=\"\" width=\"29\" height=\"29\" \/><\/a>\u00a0 <a href=\"mailto:farell.j@charteranddreams.com\"><img decoding=\"async\" class=\"alignnone wp-image-101690\" src=\"https:\/\/www.charteranddreams.com\/wp-content\/uploads\/2025\/03\/Email-rojo.png\" alt=\"\" width=\"29\" height=\"29\" \/><\/a> \u00a0<a href=\"#joinchat\"><img decoding=\"async\" class=\"alignnone wp-image-101693\" src=\"https:\/\/www.charteranddreams.com\/wp-content\/uploads\/2025\/03\/Whatsapp-verde.png\" alt=\"\" width=\"30\" height=\"30\" \/><\/a><\/p>\t\t\t\t\t\t\t\t<\/div>\n\t\t\t\t<\/div>\n\t\t\t\t\t<\/div>\n\t\t\t\t<\/div>\n\t\t\t\t<\/div>\n\t\t","protected":false},"excerpt":{"rendered":"<p>Mallorca erlebt derzeit eine neue goldene \u00c4ra. Abseits der ber\u00fchmten Str\u00e4nde und der erstklassigen Gastronomie verbirgt die Insel Orte, die nur wenige kennen. Von unber\u00fchrten Buchten und exquisiten Restaurants bis zu privaten Terrassen mit traumhaften Sonnenunterg\u00e4ngen \u2013 das ist das andere Mallorca, das in keinem Reisef\u00fchrer steht. Entdecke die Insel von ihrer besten Seite \u2013 [&hellip;]<\/p>\n","protected":false},"author":23,"featured_media":106896,"comment_status":"closed","ping_status":"closed","sticky":false,"template":"","format":"standard","meta":{"_acf_changed":false,"_joinchat":[],"footnotes":""},"categories":[2],"tags":[],"class_list":["post-106887","post","type-post","status-publish","format-standard","has-post-thumbnail","hentry","category-news-and-inspiration"],"acf":[],"_links":{"self":[{"href":"https:\/\/www.charteranddreams.com\/de\/wp-json\/wp\/v2\/posts\/106887","targetHints":{"allow":["GET"]}}],"collection":[{"href":"https:\/\/www.charteranddreams.com\/de\/wp-json\/wp\/v2\/posts"}],"about":[{"href":"https:\/\/www.charteranddreams.com\/de\/wp-json\/wp\/v2\/types\/post"}],"author":[{"embeddable":true,"href":"https:\/\/www.charteranddreams.com\/de\/wp-json\/wp\/v2\/users\/23"}],"replies":[{"embeddable":true,"href":"https:\/\/www.charteranddreams.com\/de\/wp-json\/wp\/v2\/comments?post=106887"}],"version-history":[{"count":11,"href":"https:\/\/www.charteranddreams.com\/de\/wp-json\/wp\/v2\/posts\/106887\/revisions"}],"predecessor-version":[{"id":106946,"href":"https:\/\/www.charteranddreams.com\/de\/wp-json\/wp\/v2\/posts\/106887\/revisions\/106946"}],"wp:featuredmedia":[{"embeddable":true,"href":"https:\/\/www.charteranddreams.com\/de\/wp-json\/wp\/v2\/media\/106896"}],"wp:attachment":[{"href":"https:\/\/www.charteranddreams.com\/de\/wp-json\/wp\/v2\/media?parent=106887"}],"wp:term":[{"taxonomy":"category","embeddable":true,"href":"https:\/\/www.charteranddreams.com\/de\/wp-json\/wp\/v2\/categories?post=106887"},{"taxonomy":"post_tag","embeddable":true,"href":"https:\/\/www.charteranddreams.com\/de\/wp-json\/wp\/v2\/tags?post=106887"}],"curies":[{"name":"wp","href":"https:\/\/api.w.org\/{rel}","templated":true}]}}