{"id":106741,"date":"2025-06-06T11:01:22","date_gmt":"2025-06-06T09:01:22","guid":{"rendered":"https:\/\/www.charteranddreams.com\/news-and-inspiration\/capri-and-the-amalfi-coast-by-luxury-yacht\/"},"modified":"2025-06-06T12:02:24","modified_gmt":"2025-06-06T10:02:24","slug":"capri-and-the-amalfi-coast-by-luxury-yacht","status":"publish","type":"post","link":"https:\/\/www.charteranddreams.com\/de\/news-and-inspiration\/capri-and-the-amalfi-coast-by-luxury-yacht\/","title":{"rendered":"Capri und die Amalfik\u00fcste auf einer Luxusyacht"},"content":{"rendered":"\t\t<div data-elementor-type=\"wp-post\" data-elementor-id=\"106741\" class=\"elementor elementor-106741 elementor-106707\" data-elementor-post-type=\"post\">\n\t\t\t\t<div class=\"elementor-element elementor-element-1640239 e-flex e-con-boxed e-con e-parent\" data-id=\"1640239\" data-element_type=\"container\">\n\t\t\t\t\t<div class=\"e-con-inner\">\n\t\t\t\t<div class=\"elementor-element elementor-element-50e898f elementor-widget elementor-widget-text-editor\" data-id=\"50e898f\" data-element_type=\"widget\" data-widget_type=\"text-editor.default\">\n\t\t\t\t\t\t\t\t\t<h2 style=\"text-align: center\">Capri und die Amalfik\u00fcste mit einer Luxusyacht entdecken<\/h2><h4 style=\"text-align: center\">die Essenz der Dolce Vita<\/h4><p>Manche Reisen ver\u00e4ndern unsere Sicht auf die Welt \u2013 eine <strong>Luxusyacht<\/strong> entlang der <strong>Amalfik\u00fcste<\/strong> und <strong>Capri<\/strong> zu chartern, geh\u00f6rt definitiv dazu. Diese legend\u00e4re Region S\u00fcditaliens \u2013 von der <strong>UNESCO<\/strong> zum Weltkulturerbe erkl\u00e4rt \u2013 vereint dramatische Felsk\u00fcsten, versteckte Buchten, jahrtausendealte Kultur und weltber\u00fchmte Kulinarik. Wer eine Yacht mieten m\u00f6chte, um mit Stil und Privatsph\u00e4re zu reisen, sollte diesen Hotspot der internationalen High Society unbedingt besuchen.<\/p>\t\t\t\t\t\t\t\t<\/div>\n\t\t\t\t\t<\/div>\n\t\t\t\t<\/div>\n\t\t<div class=\"elementor-element elementor-element-185844e e-flex e-con-boxed e-con e-parent\" data-id=\"185844e\" data-element_type=\"container\">\n\t\t\t\t\t<div class=\"e-con-inner\">\n\t\t<div class=\"elementor-element elementor-element-e4955e3 e-con-full e-flex e-con e-child\" data-id=\"e4955e3\" data-element_type=\"container\">\n\t\t\t\t<div class=\"elementor-element elementor-element-f261a74 elementor-widget elementor-widget-text-editor\" data-id=\"f261a74\" data-element_type=\"widget\" data-widget_type=\"text-editor.default\">\n\t\t\t\t\t\t\t\t\t<h3>Ein zeitloses Refugium f\u00fcr legend\u00e4re Reisende<\/h3><p>Capris Ruf als exklusives Urlaubsziel reicht \u00fcber zwei Jahrtausende zur\u00fcck. Kaiser <strong>Augustus<\/strong> war der Erste, der sich vom Zauber der Insel begeistern lie\u00df, und sein Nachfolger Tiberius lie\u00df hier zw\u00f6lf Villen errichten. In den 1950er- und 60er-Jahren wurde Capri zur Glamour-Hauptstadt Europas \u2013 <strong>Brigitte Bardot<\/strong>, <strong>Sophia Loren<\/strong> und <strong>Jackie Kennedy<\/strong> z\u00e4hlten zu den Stammg\u00e4sten.<\/p><p>Auch heute zieht Capri Ikonen wie <strong>David Gandy<\/strong> und <strong>Zendaya<\/strong> an, die hier in einer Dolce &amp; Gabbana-Kampagne gl\u00e4nzte.<br \/>Im Jahr 2024 r\u00fcckte die Insel erneut ins Rampenlicht der Modewelt: Das <strong>spektakul\u00e4re Laufsteg-Event von Jacquemus<\/strong> an den Faraglioni-Felsen best\u00e4tigte Capri einmal mehr als Synonym f\u00fcr mediterranen Luxus.<\/p>\t\t\t\t\t\t\t\t<\/div>\n\t\t\t\t<\/div>\n\t\t<div class=\"elementor-element elementor-element-26f001b e-con-full e-flex e-con e-child\" data-id=\"26f001b\" data-element_type=\"container\">\n\t\t\t\t<div class=\"elementor-element elementor-element-a1da029 elementor-widget elementor-widget-image\" data-id=\"a1da029\" data-element_type=\"widget\" data-widget_type=\"image.default\">\n\t\t\t\t\t\t\t\t\t\t\t\t\t\t\t<img decoding=\"async\" width=\"800\" height=\"552\" src=\"https:\/\/www.charteranddreams.com\/wp-content\/uploads\/2025\/06\/Capri-history-gardens.jpg\" class=\"attachment-large size-large wp-image-106728\" alt=\"\" srcset=\"https:\/\/www.charteranddreams.com\/wp-content\/uploads\/2025\/06\/Capri-history-gardens.jpg 1200w, https:\/\/www.charteranddreams.com\/wp-content\/uploads\/2025\/06\/Capri-history-gardens-992x684.jpg 992w, https:\/\/www.charteranddreams.com\/wp-content\/uploads\/2025\/06\/Capri-history-gardens-576x397.jpg 576w, https:\/\/www.charteranddreams.com\/wp-content\/uploads\/2025\/06\/Capri-history-gardens-768x530.jpg 768w\" sizes=\"(max-width: 800px) 100vw, 800px\" \/>\t\t\t\t\t\t\t\t\t\t\t\t\t\t\t<\/div>\n\t\t\t\t<\/div>\n\t\t\t\t\t<\/div>\n\t\t\t\t<\/div>\n\t\t<div class=\"elementor-element elementor-element-a70ec7d e-flex e-con-boxed e-con e-parent\" data-id=\"a70ec7d\" data-element_type=\"container\">\n\t\t\t\t\t<div class=\"e-con-inner\">\n\t\t<div class=\"elementor-element elementor-element-03c9fdc e-con-full e-flex e-con e-child\" data-id=\"03c9fdc\" data-element_type=\"container\">\n\t\t\t\t<div class=\"elementor-element elementor-element-a0c3194 elementor-widget elementor-widget-image\" data-id=\"a0c3194\" data-element_type=\"widget\" data-widget_type=\"image.default\">\n\t\t\t\t\t\t\t\t\t\t\t\t\t\t\t<img decoding=\"async\" width=\"800\" height=\"552\" src=\"https:\/\/www.charteranddreams.com\/wp-content\/uploads\/2025\/06\/Amalfi-coast-restaurant.jpg\" class=\"attachment-large size-large wp-image-106725\" alt=\"\" srcset=\"https:\/\/www.charteranddreams.com\/wp-content\/uploads\/2025\/06\/Amalfi-coast-restaurant.jpg 1200w, https:\/\/www.charteranddreams.com\/wp-content\/uploads\/2025\/06\/Amalfi-coast-restaurant-992x684.jpg 992w, https:\/\/www.charteranddreams.com\/wp-content\/uploads\/2025\/06\/Amalfi-coast-restaurant-576x397.jpg 576w, https:\/\/www.charteranddreams.com\/wp-content\/uploads\/2025\/06\/Amalfi-coast-restaurant-768x530.jpg 768w\" sizes=\"(max-width: 800px) 100vw, 800px\" \/>\t\t\t\t\t\t\t\t\t\t\t\t\t\t\t<\/div>\n\t\t\t\t<\/div>\n\t\t<div class=\"elementor-element elementor-element-e2abf51 e-con-full e-flex e-con e-child\" data-id=\"e2abf51\" data-element_type=\"container\">\n\t\t\t\t<div class=\"elementor-element elementor-element-06e4848 elementor-widget elementor-widget-text-editor\" data-id=\"06e4848\" data-element_type=\"widget\" data-widget_type=\"text-editor.default\">\n\t\t\t\t\t\t\t\t\t<h3>Mediterrane K\u00fcche mit lokaler Seele<\/h3><p>Keine Yachtcharter in Capri oder entlang der Amalfik\u00fcste ist vollst\u00e4ndig ohne die Genussreise durch ihre kulinarische Tradition. Genie\u00dfen Sie <strong>frische Pasta mit Cetara-Sardellen<\/strong> und einem Glas regionalem Wei\u00dfwein \u2013 w\u00e4hrend Sie unter Positanos Felsen ankern. An Land sollten Sie die ber\u00fchmte <strong>Caprese-Salat im Da Paolino<\/strong> unter jahrhundertealten Zitronenb\u00e4umen probieren oder die mit Basilikum und Garnelen gef\u00fcllten <strong>Ravioli im Le Grottelle<\/strong> \u2013 einem Lieblingsort von Designer Michael Kors.<\/p><p>Nicht verpassen: Ndunderi aus Minori \u2013 eine der \u00e4ltesten Gnocchi-Varianten Italiens \u2013 oder klassische <strong>Spaghetti alle Vongole<\/strong> im legend\u00e4ren La Fontelina, mit traumhaftem Meerblick und prominenter G\u00e4steliste.<\/p>\t\t\t\t\t\t\t\t<\/div>\n\t\t\t\t<\/div>\n\t\t\t\t\t<\/div>\n\t\t\t\t<\/div>\n\t\t<div class=\"elementor-element elementor-element-db269fb e-flex e-con-boxed e-con e-parent\" data-id=\"db269fb\" data-element_type=\"container\">\n\t\t\t\t\t<div class=\"e-con-inner\">\n\t\t\t\t<div class=\"elementor-element elementor-element-1a093a5 elementor-widget elementor-widget-text-editor\" data-id=\"1a093a5\" data-element_type=\"widget\" data-widget_type=\"text-editor.default\">\n\t\t\t\t\t\t\t\t\t<h3>Die Kunst des stilvollen Reisens<\/h3><p><strong>Eine Yacht in Capri zu chartern oder entlang der Amalfik\u00fcste<\/strong> zu mieten ist mehr als nur Luxus \u2013 es ist ein Lebensgef\u00fchl. Mit einer engagierten Crew, ma\u00dfgeschneiderten Men\u00fcs und exklusivem Zugang zu versteckten Juwelen bietet ein privater Yachtcharter Freiheit, Eleganz und die stilvollste Art, eine der ikonischsten K\u00fcsten der Welt zu entdecken.<\/p><p>Hier finden Sie einen <span style=\"color: #333399\"><a style=\"color: #333399\" href=\"https:\/\/www.charteranddreams.com\/de\/destination\/amalfi-coast\/\">exklusiven Routenvorschlag f\u00fcr die Amalfik\u00fcste und Capri<\/a><\/span> \u2013 ein Erlebnis, das Sie nicht verpassen sollten!<\/p>\t\t\t\t\t\t\t\t<\/div>\n\t\t\t\t<div class=\"elementor-element elementor-element-210fe93 elementor-align-center elementor-widget elementor-widget-button\" data-id=\"210fe93\" data-element_type=\"widget\" data-widget_type=\"button.default\">\n\t\t\t\t\t\t\t\t\t\t<a class=\"elementor-button elementor-button-link elementor-size-sm\" href=\"#joinchat\">\n\t\t\t\t\t\t<span class=\"elementor-button-content-wrapper\">\n\t\t\t\t\t\t\t\t\t<span class=\"elementor-button-text\"> BUCHEN SIE JETZT IHRE YACHT<\/span>\n\t\t\t\t\t<\/span>\n\t\t\t\t\t<\/a>\n\t\t\t\t\t\t\t\t<\/div>\n\t\t\t\t<div class=\"elementor-element elementor-element-4c275b3 elementor-widget elementor-widget-text-editor\" data-id=\"4c275b3\" data-element_type=\"widget\" data-widget_type=\"text-editor.default\">\n\t\t\t\t\t\t\t\t\t<h3 style=\"text-align: center\">Einige unserer in Capri und an der Amalfik\u00fcste verf\u00fcgbaren Yachten<\/h3>\t\t\t\t\t\t\t\t<\/div>\n\t\t\t\t\t<\/div>\n\t\t\t\t<\/div>\n\t\t<div class=\"elementor-element elementor-element-2941dac6 e-flex e-con-boxed e-con e-parent\" data-id=\"2941dac6\" data-element_type=\"container\">\n\t\t\t\t\t<div class=\"e-con-inner\">\n\t\t<a class=\"elementor-element elementor-element-3a4c763 e-con-full e-flex e-con e-child\" data-id=\"3a4c763\" data-element_type=\"container\" data-settings=\"{&quot;background_background&quot;:&quot;classic&quot;}\" href=\"https:\/\/www.charteranddreams.com\/de\/yacht\/roma-viareggio-super-yachts-203\/\">\n\t\t\t\t<div class=\"elementor-element elementor-element-2ef48c37 elementor-widget elementor-widget-image\" data-id=\"2ef48c37\" data-element_type=\"widget\" data-widget_type=\"image.default\">\n\t\t\t\t\t\t\t\t\t\t\t\t\t\t\t<img decoding=\"async\" width=\"800\" height=\"450\" src=\"https:\/\/www.charteranddreams.com\/wp-content\/uploads\/2019\/10\/cad-roma-yate-1486-00.jpg\" class=\"attachment-large size-large wp-image-33831\" alt=\"\" srcset=\"https:\/\/www.charteranddreams.com\/wp-content\/uploads\/2019\/10\/cad-roma-yate-1486-00.jpg 1400w, https:\/\/www.charteranddreams.com\/wp-content\/uploads\/2019\/10\/cad-roma-yate-1486-00-992x558.jpg 992w, https:\/\/www.charteranddreams.com\/wp-content\/uploads\/2019\/10\/cad-roma-yate-1486-00-576x324.jpg 576w, https:\/\/www.charteranddreams.com\/wp-content\/uploads\/2019\/10\/cad-roma-yate-1486-00-768x432.jpg 768w\" sizes=\"(max-width: 800px) 100vw, 800px\" \/>\t\t\t\t\t\t\t\t\t\t\t\t\t\t\t<\/div>\n\t\t\t\t<div class=\"elementor-element elementor-element-122b058c elementor-widget elementor-widget-heading\" data-id=\"122b058c\" data-element_type=\"widget\" data-widget_type=\"heading.default\">\n\t\t\t\t\t<h2 class=\"elementor-heading-title elementor-size-default\">ROMA<\/h2>\t\t\t\t<\/div>\n\t\t\t\t<div class=\"elementor-element elementor-element-5002ccbf elementor-widget-divider--view-line elementor-widget elementor-widget-divider\" data-id=\"5002ccbf\" data-element_type=\"widget\" data-widget_type=\"divider.default\">\n\t\t\t\t\t\t\t<div class=\"elementor-divider\">\n\t\t\t<span class=\"elementor-divider-separator\">\n\t\t\t\t\t\t<\/span>\n\t\t<\/div>\n\t\t\t\t\t\t<\/div>\n\t\t\t\t<div class=\"elementor-element elementor-element-6172e0ac elementor-widget elementor-widget-text-editor\" data-id=\"6172e0ac\" data-element_type=\"widget\" data-widget_type=\"text-editor.default\">\n\t\t\t\t\t\t\t\t\t<p style=\"text-align: center\">62,00 m. |\u00a0 12 Menschen \u00a0|\u00a0 6 Kabinen \u00a0|\u00a0 2010 \u00b7 2019<\/p><p style=\"text-align: center\">Bewerten ab 450.000 \u20ac\/Woche<\/p>\t\t\t\t\t\t\t\t<\/div>\n\t\t\t\t<\/a>\n\t\t<a class=\"elementor-element elementor-element-3c3dc62c e-con-full e-flex e-con e-child\" data-id=\"3c3dc62c\" data-element_type=\"container\" data-settings=\"{&quot;background_background&quot;:&quot;classic&quot;}\" href=\"https:\/\/www.charteranddreams.com\/de\/yacht\/alma-iii-custom\/\">\n\t\t\t\t<div class=\"elementor-element elementor-element-6d95e7f4 elementor-widget elementor-widget-image\" data-id=\"6d95e7f4\" data-element_type=\"widget\" data-widget_type=\"image.default\">\n\t\t\t\t\t\t\t\t\t\t\t\t\t\t\t<img decoding=\"async\" width=\"800\" height=\"600\" src=\"https:\/\/www.charteranddreams.com\/wp-content\/uploads\/2024\/10\/ALMA-III_36.-Profile-Aft-edited-1550x1162.jpg\" class=\"attachment-large size-large wp-image-90569\" alt=\"\" srcset=\"https:\/\/www.charteranddreams.com\/wp-content\/uploads\/2024\/10\/ALMA-III_36.-Profile-Aft-edited-1550x1162.jpg 1550w, https:\/\/www.charteranddreams.com\/wp-content\/uploads\/2024\/10\/ALMA-III_36.-Profile-Aft-edited-992x744.jpg 992w, https:\/\/www.charteranddreams.com\/wp-content\/uploads\/2024\/10\/ALMA-III_36.-Profile-Aft-edited-576x432.jpg 576w, https:\/\/www.charteranddreams.com\/wp-content\/uploads\/2024\/10\/ALMA-III_36.-Profile-Aft-edited-768x576.jpg 768w, https:\/\/www.charteranddreams.com\/wp-content\/uploads\/2024\/10\/ALMA-III_36.-Profile-Aft-edited-1536x1152.jpg 1536w, https:\/\/www.charteranddreams.com\/wp-content\/uploads\/2024\/10\/ALMA-III_36.-Profile-Aft-edited-2048x1536.jpg 2048w, https:\/\/www.charteranddreams.com\/wp-content\/uploads\/2024\/10\/ALMA-III_36.-Profile-Aft-edited-1900x1425.jpg 1900w\" sizes=\"(max-width: 800px) 100vw, 800px\" \/>\t\t\t\t\t\t\t\t\t\t\t\t\t\t\t<\/div>\n\t\t\t\t<div class=\"elementor-element elementor-element-abe4ed7 elementor-widget elementor-widget-heading\" data-id=\"abe4ed7\" data-element_type=\"widget\" data-widget_type=\"heading.default\">\n\t\t\t\t\t<h2 class=\"elementor-heading-title elementor-size-default\">ALMA III<\/h2>\t\t\t\t<\/div>\n\t\t\t\t<div class=\"elementor-element elementor-element-122a0194 elementor-widget-divider--view-line elementor-widget elementor-widget-divider\" data-id=\"122a0194\" data-element_type=\"widget\" data-widget_type=\"divider.default\">\n\t\t\t\t\t\t\t<div class=\"elementor-divider\">\n\t\t\t<span class=\"elementor-divider-separator\">\n\t\t\t\t\t\t<\/span>\n\t\t<\/div>\n\t\t\t\t\t\t<\/div>\n\t\t\t\t<div class=\"elementor-element elementor-element-a99f90e elementor-widget elementor-widget-text-editor\" data-id=\"a99f90e\" data-element_type=\"widget\" data-widget_type=\"text-editor.default\">\n\t\t\t\t\t\t\t\t\t<p style=\"text-align: center\">29,63 m. |\u00a0 10 Menschen \u00a0|\u00a0 5 Kabinen \u00a0|\u00a0 2024<\/p><p style=\"text-align: center\">Bewerten ab 105.000 \u20ac\/Woche<\/p>\t\t\t\t\t\t\t\t<\/div>\n\t\t\t\t<\/a>\n\t\t\t\t\t<\/div>\n\t\t\t\t<\/div>\n\t\t<div class=\"elementor-element elementor-element-926056d e-flex e-con-boxed e-con e-parent\" data-id=\"926056d\" data-element_type=\"container\">\n\t\t\t\t\t<div class=\"e-con-inner\">\n\t\t<a class=\"elementor-element elementor-element-ebada7e e-con-full e-flex e-con e-child\" data-id=\"ebada7e\" data-element_type=\"container\" data-settings=\"{&quot;background_background&quot;:&quot;classic&quot;}\" href=\"https:\/\/www.charteranddreams.com\/de\/yacht\/r23-rossinavi-amtec-48\/\">\n\t\t\t\t<div class=\"elementor-element elementor-element-84b177f elementor-widget elementor-widget-image\" data-id=\"84b177f\" data-element_type=\"widget\" data-widget_type=\"image.default\">\n\t\t\t\t\t\t\t\t\t\t\t\t\t\t\t<img decoding=\"async\" width=\"800\" height=\"533\" src=\"https:\/\/www.charteranddreams.com\/wp-content\/uploads\/2019\/03\/R23-26-1550x1033.jpg\" class=\"attachment-large size-large wp-image-57894\" alt=\"\" srcset=\"https:\/\/www.charteranddreams.com\/wp-content\/uploads\/2019\/03\/R23-26-1550x1033.jpg 1550w, https:\/\/www.charteranddreams.com\/wp-content\/uploads\/2019\/03\/R23-26-992x661.jpg 992w, https:\/\/www.charteranddreams.com\/wp-content\/uploads\/2019\/03\/R23-26-576x384.jpg 576w, https:\/\/www.charteranddreams.com\/wp-content\/uploads\/2019\/03\/R23-26-768x512.jpg 768w, https:\/\/www.charteranddreams.com\/wp-content\/uploads\/2019\/03\/R23-26-1536x1024.jpg 1536w, https:\/\/www.charteranddreams.com\/wp-content\/uploads\/2019\/03\/R23-26.jpg 1800w\" sizes=\"(max-width: 800px) 100vw, 800px\" \/>\t\t\t\t\t\t\t\t\t\t\t\t\t\t\t<\/div>\n\t\t\t\t<div class=\"elementor-element elementor-element-32c672b elementor-widget elementor-widget-heading\" data-id=\"32c672b\" data-element_type=\"widget\" data-widget_type=\"heading.default\">\n\t\t\t\t\t<h2 class=\"elementor-heading-title elementor-size-default\">R23<\/h2>\t\t\t\t<\/div>\n\t\t\t\t<div class=\"elementor-element elementor-element-e6a1a2a elementor-widget-divider--view-line elementor-widget elementor-widget-divider\" data-id=\"e6a1a2a\" data-element_type=\"widget\" data-widget_type=\"divider.default\">\n\t\t\t\t\t\t\t<div class=\"elementor-divider\">\n\t\t\t<span class=\"elementor-divider-separator\">\n\t\t\t\t\t\t<\/span>\n\t\t<\/div>\n\t\t\t\t\t\t<\/div>\n\t\t\t\t<div class=\"elementor-element elementor-element-11f8238 elementor-widget elementor-widget-text-editor\" data-id=\"11f8238\" data-element_type=\"widget\" data-widget_type=\"text-editor.default\">\n\t\t\t\t\t\t\t\t\t<p style=\"text-align: center\">47,39 m. |\u00a0 12 Menschen \u00a0|\u00a0 6 Kabinen \u00a0|\u00a0 2022<\/p><p style=\"text-align: center\">Bewerten ab 150.000 \u20ac\/Woche<\/p>\t\t\t\t\t\t\t\t<\/div>\n\t\t\t\t<\/a>\n\t\t<a class=\"elementor-element elementor-element-6a847b3 e-con-full e-flex e-con e-child\" data-id=\"6a847b3\" data-element_type=\"container\" data-settings=\"{&quot;background_background&quot;:&quot;classic&quot;}\" href=\"https:\/\/www.charteranddreams.com\/de\/yacht\/vittoria-ferretti-860\/\">\n\t\t\t\t<div class=\"elementor-element elementor-element-d144b75 elementor-widget elementor-widget-image\" data-id=\"d144b75\" data-element_type=\"widget\" data-widget_type=\"image.default\">\n\t\t\t\t\t\t\t\t\t\t\t\t\t\t\t<img decoding=\"async\" width=\"800\" height=\"533\" src=\"https:\/\/www.charteranddreams.com\/wp-content\/uploads\/2024\/05\/cad-vittoria-yate-1753-01.jpg\" class=\"attachment-large size-large wp-image-38085\" alt=\"\" srcset=\"https:\/\/www.charteranddreams.com\/wp-content\/uploads\/2024\/05\/cad-vittoria-yate-1753-01.jpg 1400w, https:\/\/www.charteranddreams.com\/wp-content\/uploads\/2024\/05\/cad-vittoria-yate-1753-01-992x661.jpg 992w, https:\/\/www.charteranddreams.com\/wp-content\/uploads\/2024\/05\/cad-vittoria-yate-1753-01-576x384.jpg 576w, https:\/\/www.charteranddreams.com\/wp-content\/uploads\/2024\/05\/cad-vittoria-yate-1753-01-768x512.jpg 768w\" sizes=\"(max-width: 800px) 100vw, 800px\" \/>\t\t\t\t\t\t\t\t\t\t\t\t\t\t\t<\/div>\n\t\t\t\t<div class=\"elementor-element elementor-element-95e2ba5 elementor-widget elementor-widget-heading\" data-id=\"95e2ba5\" data-element_type=\"widget\" data-widget_type=\"heading.default\">\n\t\t\t\t\t<h2 class=\"elementor-heading-title elementor-size-default\">VITTORIA<\/h2>\t\t\t\t<\/div>\n\t\t\t\t<div class=\"elementor-element elementor-element-46ebde0 elementor-widget-divider--view-line elementor-widget elementor-widget-divider\" data-id=\"46ebde0\" data-element_type=\"widget\" data-widget_type=\"divider.default\">\n\t\t\t\t\t\t\t<div class=\"elementor-divider\">\n\t\t\t<span class=\"elementor-divider-separator\">\n\t\t\t\t\t\t<\/span>\n\t\t<\/div>\n\t\t\t\t\t\t<\/div>\n\t\t\t\t<div class=\"elementor-element elementor-element-276edfe elementor-widget elementor-widget-text-editor\" data-id=\"276edfe\" data-element_type=\"widget\" data-widget_type=\"text-editor.default\">\n\t\t\t\t\t\t\t\t\t<p style=\"text-align: center\">26,95 m. |\u00a0 8 Menschen \u00a0|\u00a0 4 Kabinen \u00a0|\u00a0 2022<\/p><p style=\"text-align: center\">Bewerten ab 69.000 \u20ac\/Woche<\/p>\t\t\t\t\t\t\t\t<\/div>\n\t\t\t\t<\/a>\n\t\t\t\t\t<\/div>\n\t\t\t\t<\/div>\n\t\t<div class=\"elementor-element elementor-element-a37fbdc e-flex e-con-boxed e-con e-parent\" data-id=\"a37fbdc\" data-element_type=\"container\">\n\t\t\t\t\t<div class=\"e-con-inner\">\n\t\t\t\t<div class=\"elementor-element elementor-element-5e9d0b9 elementor-align-center elementor-widget elementor-widget-button\" data-id=\"5e9d0b9\" data-element_type=\"widget\" data-widget_type=\"button.default\">\n\t\t\t\t\t\t\t\t\t\t<a class=\"elementor-button elementor-button-link elementor-size-sm\" href=\"https:\/\/www.charteranddreams.com\/de\/yacht-charter\/?destinationID=9943\">\n\t\t\t\t\t\t<span class=\"elementor-button-content-wrapper\">\n\t\t\t\t\t\t\t\t\t<span class=\"elementor-button-text\">MEHR YACHTEN ANSEHEN<\/span>\n\t\t\t\t\t<\/span>\n\t\t\t\t\t<\/a>\n\t\t\t\t\t\t\t\t<\/div>\n\t\t\t\t\t<\/div>\n\t\t\t\t<\/div>\n\t\t\t\t<\/div>\n\t\t","protected":false},"excerpt":{"rendered":"<p>Capri und die Amalfik\u00fcste mit einer Luxusyacht entdecken die Essenz der Dolce Vita Manche Reisen ver\u00e4ndern unsere Sicht auf die Welt \u2013 eine Luxusyacht entlang der Amalfik\u00fcste und Capri zu chartern, geh\u00f6rt definitiv dazu. Diese legend\u00e4re Region S\u00fcditaliens \u2013 von der UNESCO zum Weltkulturerbe erkl\u00e4rt \u2013 vereint dramatische Felsk\u00fcsten, versteckte Buchten, jahrtausendealte Kultur und weltber\u00fchmte [&hellip;]<\/p>\n","protected":false},"author":23,"featured_media":10041,"comment_status":"closed","ping_status":"closed","sticky":false,"template":"","format":"standard","meta":{"_acf_changed":false,"_joinchat":[],"footnotes":""},"categories":[2],"tags":[],"class_list":["post-106741","post","type-post","status-publish","format-standard","has-post-thumbnail","hentry","category-news-and-inspiration"],"acf":[],"_links":{"self":[{"href":"https:\/\/www.charteranddreams.com\/de\/wp-json\/wp\/v2\/posts\/106741","targetHints":{"allow":["GET"]}}],"collection":[{"href":"https:\/\/www.charteranddreams.com\/de\/wp-json\/wp\/v2\/posts"}],"about":[{"href":"https:\/\/www.charteranddreams.com\/de\/wp-json\/wp\/v2\/types\/post"}],"author":[{"embeddable":true,"href":"https:\/\/www.charteranddreams.com\/de\/wp-json\/wp\/v2\/users\/23"}],"replies":[{"embeddable":true,"href":"https:\/\/www.charteranddreams.com\/de\/wp-json\/wp\/v2\/comments?post=106741"}],"version-history":[{"count":7,"href":"https:\/\/www.charteranddreams.com\/de\/wp-json\/wp\/v2\/posts\/106741\/revisions"}],"predecessor-version":[{"id":106749,"href":"https:\/\/www.charteranddreams.com\/de\/wp-json\/wp\/v2\/posts\/106741\/revisions\/106749"}],"wp:featuredmedia":[{"embeddable":true,"href":"https:\/\/www.charteranddreams.com\/de\/wp-json\/wp\/v2\/media\/10041"}],"wp:attachment":[{"href":"https:\/\/www.charteranddreams.com\/de\/wp-json\/wp\/v2\/media?parent=106741"}],"wp:term":[{"taxonomy":"category","embeddable":true,"href":"https:\/\/www.charteranddreams.com\/de\/wp-json\/wp\/v2\/categories?post=106741"},{"taxonomy":"post_tag","embeddable":true,"href":"https:\/\/www.charteranddreams.com\/de\/wp-json\/wp\/v2\/tags?post=106741"}],"curies":[{"name":"wp","href":"https:\/\/api.w.org\/{rel}","templated":true}]}}