{"id":102583,"date":"2025-04-04T16:48:31","date_gmt":"2025-04-04T14:48:31","guid":{"rendered":"https:\/\/www.charteranddreams.com\/?p=102583"},"modified":"2025-07-31T09:34:06","modified_gmt":"2025-07-31T07:34:06","slug":"greeces-finest-islands-aboard-a-luxury-yacht","status":"publish","type":"post","link":"https:\/\/www.charteranddreams.com\/de\/news-and-inspiration\/greeces-finest-islands-aboard-a-luxury-yacht\/","title":{"rendered":"Erkunde die sch\u00f6nsten griechischen Inseln an Bord einer Luxusyacht"},"content":{"rendered":"\t\t<div data-elementor-type=\"wp-post\" data-elementor-id=\"102583\" class=\"elementor elementor-102583 elementor-102582\" data-elementor-post-type=\"post\">\n\t\t\t\t<div class=\"elementor-element elementor-element-d25167d e-flex e-con-boxed e-con e-parent\" data-id=\"d25167d\" data-element_type=\"container\">\n\t\t\t\t\t<div class=\"e-con-inner\">\n\t\t\t\t<div class=\"elementor-element elementor-element-88d9493 elementor-widget elementor-widget-text-editor\" data-id=\"88d9493\" data-element_type=\"widget\" data-widget_type=\"text-editor.default\">\n\t\t\t\t\t\t\t\t\t<h2 style=\"text-align: center;\">Griechenland: Ruhe und Genuss in der \u00c4g\u00e4is<\/h2><p style=\"text-align: center;\">Mykonos und Santorin m\u00f6gen die bekanntesten griechischen Inseln sein, aber in den Monaten Juli und August ist das Segeln dort aufgrund des Meltemi-Windes nicht ideal. Dieser trockene, starke Wind fegt im Sommer \u00fcber die \u00c4g\u00e4is und kann die Bedingungen erschweren. Wenn du eine\u00a0<strong>exklusive und entspannte Erfahrung<\/strong>\u00a0an Bord einer Luxusyacht suchst, bietet Charter&amp;Dreams die besten Alternativen f\u00fcr einen Urlaub mit garantierter\u00a0<strong>Privatsph\u00e4re und Exklusivit\u00e4t<\/strong>.<\/p><p style=\"text-align: center;\">Von Athen aus, wo sich die meisten Yachten befinden, kannst du nach\u00a0<strong>Korfu<\/strong>\u00a0und zu den\u00a0<strong>Ionischen Inseln<\/strong>\u00a0segeln, \u00fcber\u00a0<strong>Paxos<\/strong>\u00a0und\u00a0<strong>Antipaxos<\/strong>\u00a0fahren und den beeindruckenden Kanal von Korinth durchqueren. Alternativ kannst du die charmanten\u00a0<strong>Saronischen Inseln<\/strong>\u00a0entdecken, darunter\u00a0<strong>Hydra<\/strong>,\u00a0<strong>Poros<\/strong>\u00a0und den malerischen Hafen von\u00a0<strong>Nafplio<\/strong>. Genie\u00dfe das\u00a0<strong>authentische Griechenland in deinem eigenen Tempo<\/strong>!<\/p>\t\t\t\t\t\t\t\t<\/div>\n\t\t<div class=\"elementor-element elementor-element-9a9bd37 e-grid e-con-full e-con e-child\" data-id=\"9a9bd37\" data-element_type=\"container\">\n\t\t\t\t<div class=\"elementor-element elementor-element-b41b7c1 elementor-widget elementor-widget-image\" data-id=\"b41b7c1\" data-element_type=\"widget\" data-widget_type=\"image.default\">\n\t\t\t\t\t\t\t\t\t\t\t\t\t\t\t\t<a href=\"https:\/\/www.charteranddreams.com\/de\/destination\/ionian-islands\/\">\n\t\t\t\t\t\t\t<img decoding=\"async\" width=\"800\" height=\"402\" src=\"https:\/\/www.charteranddreams.com\/wp-content\/uploads\/2025\/04\/Islas-griegas-3.png\" class=\"attachment-large size-large wp-image-102653\" alt=\"\" srcset=\"https:\/\/www.charteranddreams.com\/wp-content\/uploads\/2025\/04\/Islas-griegas-3.png 946w, https:\/\/www.charteranddreams.com\/wp-content\/uploads\/2025\/04\/Islas-griegas-3-576x289.png 576w, https:\/\/www.charteranddreams.com\/wp-content\/uploads\/2025\/04\/Islas-griegas-3-768x386.png 768w\" sizes=\"(max-width: 800px) 100vw, 800px\" \/>\t\t\t\t\t\t\t\t<\/a>\n\t\t\t\t\t\t\t\t\t\t\t\t\t\t\t<\/div>\n\t\t\t\t<div class=\"elementor-element elementor-element-503962f elementor-widget elementor-widget-image\" data-id=\"503962f\" data-element_type=\"widget\" data-widget_type=\"image.default\">\n\t\t\t\t\t\t\t\t\t\t\t\t\t\t\t\t<a href=\"https:\/\/www.charteranddreams.com\/de\/destination\/saronic-islands\/\">\n\t\t\t\t\t\t\t<img decoding=\"async\" width=\"800\" height=\"403\" src=\"https:\/\/www.charteranddreams.com\/wp-content\/uploads\/2025\/04\/Islas-griegas-1-2.png\" class=\"attachment-large size-large wp-image-102656\" alt=\"\" srcset=\"https:\/\/www.charteranddreams.com\/wp-content\/uploads\/2025\/04\/Islas-griegas-1-2.png 944w, https:\/\/www.charteranddreams.com\/wp-content\/uploads\/2025\/04\/Islas-griegas-1-2-576x290.png 576w, https:\/\/www.charteranddreams.com\/wp-content\/uploads\/2025\/04\/Islas-griegas-1-2-768x386.png 768w\" sizes=\"(max-width: 800px) 100vw, 800px\" \/>\t\t\t\t\t\t\t\t<\/a>\n\t\t\t\t\t\t\t\t\t\t\t\t\t\t\t<\/div>\n\t\t\t\t<\/div>\n\t\t\t\t\t<\/div>\n\t\t\t\t<\/div>\n\t\t<div class=\"elementor-element elementor-element-96ec8a0 e-flex e-con-boxed e-con e-parent\" data-id=\"96ec8a0\" data-element_type=\"container\">\n\t\t\t\t\t<div class=\"e-con-inner\">\n\t\t\t\t<div class=\"elementor-element elementor-element-1cc20f0 elementor-widget elementor-widget-spacer\" data-id=\"1cc20f0\" data-element_type=\"widget\" data-widget_type=\"spacer.default\">\n\t\t\t\t\t\t\t<div class=\"elementor-spacer\">\n\t\t\t<div class=\"elementor-spacer-inner\"><\/div>\n\t\t<\/div>\n\t\t\t\t\t\t<\/div>\n\t\t\t\t<div class=\"elementor-element elementor-element-6276375 elementor-align-center elementor-widget elementor-widget-button\" data-id=\"6276375\" data-element_type=\"widget\" data-widget_type=\"button.default\">\n\t\t\t\t\t\t\t\t\t\t<a class=\"elementor-button elementor-button-link elementor-size-sm\" href=\"https:\/\/api.whatsapp.com\/send?phone=34650606460&#038;text=Ich%20habe%20gerade%20Ihren%20Newsletter%20gelesen%20und%20w%C3%BCrde%20gerne%20mehr%20%C3%BCber%20Ihre%20verf%C3%BCgbaren%20Yachten%20in%20Griechenland%20erfahren.%20Ich%20danke%20Ihnen.\">\n\t\t\t\t\t\t<span class=\"elementor-button-content-wrapper\">\n\t\t\t\t\t\t\t\t\t<span class=\"elementor-button-text\"> BUCHE JETZT DEINE YACHT<\/span>\n\t\t\t\t\t<\/span>\n\t\t\t\t\t<\/a>\n\t\t\t\t\t\t\t\t<\/div>\n\t\t\t\t<div class=\"elementor-element elementor-element-4b56422 elementor-widget-divider--view-line elementor-widget elementor-widget-divider\" data-id=\"4b56422\" data-element_type=\"widget\" data-widget_type=\"divider.default\">\n\t\t\t\t\t\t\t<div class=\"elementor-divider\">\n\t\t\t<span class=\"elementor-divider-separator\">\n\t\t\t\t\t\t<\/span>\n\t\t<\/div>\n\t\t\t\t\t\t<\/div>\n\t\t\t\t<div class=\"elementor-element elementor-element-a9a0f5c elementor-widget elementor-widget-text-editor\" data-id=\"a9a0f5c\" data-element_type=\"widget\" data-widget_type=\"text-editor.default\">\n\t\t\t\t\t\t\t\t\t<h1 style=\"text-align: center\">Unsere exklusive Auswahl an Yachten in Griechenland<\/h1><h3 style=\"text-align: center\">und die Erfahrungen unserer Kunden<\/h3>\t\t\t\t\t\t\t\t<\/div>\n\t\t\t\t<div class=\"elementor-element elementor-element-07d145d elementor-widget elementor-widget-text-editor\" data-id=\"07d145d\" data-element_type=\"widget\" data-widget_type=\"text-editor.default\">\n\t\t\t\t\t\t\t\t\t<h1 style=\"text-align: center\"><a href=\"https:\/\/www.charteranddreams.com\/de\/yacht\/mariu-codecasa-164\" target=\"_blank\" rel=\"noopener\" data-saferedirecturl=\"https:\/\/www.google.com\/url?q=https:\/\/www.charteranddreams.com\/en\/yacht\/mariu-codecasa-164\/?utm_source%3DNewsletter%2BC%2526D%2B-%2BEN%26utm_campaign%3D7c73dd45d4-EMAIL_CAMPAIGN_2025_03_28_IBIZA_COPY_01%26utm_medium%3Demail%26utm_term%3D0_-31981e5625-&amp;source=gmail&amp;ust=1743861022007000&amp;usg=AOvVaw2ymn57uF8vsGlze1hypcvq\">MARIU<\/a><\/h1><p style=\"text-align: center\"><span style=\"color: #808080\"><strong>Jahr<\/strong>\u00a02003 |\u00a0<strong>Letzte \u00dcberholung<\/strong>\u00a02024 |\u00a0<strong>Bootsl\u00e4nge<\/strong>\u00a049.90 m |\u00a0<strong>Kabinen<\/strong>\u00a06 |\u00a0<strong>G\u00e4ste<\/strong> 12<\/span><\/p><p style=\"text-align: center\">Mit einer L\u00e4nge von 49,90 Metern ist die MARIU eine beeindruckende Megayacht, die 2003 von Codecasa ma\u00dfgefertigt und 2024 vollst\u00e4ndig renoviert wurde. Sie wurde urspr\u00fcnglich f\u00fcr den legend\u00e4ren Giorgio Armani entworfen und nach seiner Mutter benannt. Dieses Schiff verk\u00f6rpert die Essenz des modernen italienischen Designs. Sein elegantes und minimalistisches Interieur kombiniert hochwertige Materialien mit avantgardistischem Stil und bietet ein unvergleichliches Erlebnis an Bord.<\/p>\t\t\t\t\t\t\t\t<\/div>\n\t\t<div class=\"elementor-element elementor-element-4e4c98a e-grid e-con-full e-con e-child\" data-id=\"4e4c98a\" data-element_type=\"container\">\n\t\t\t\t<div class=\"elementor-element elementor-element-372f713 elementor-widget elementor-widget-image\" data-id=\"372f713\" data-element_type=\"widget\" data-widget_type=\"image.default\">\n\t\t\t\t\t\t\t\t\t\t\t\t\t\t\t\t<a href=\"https:\/\/www.charteranddreams.com\/de\/yacht\/mariu-codecasa-164\">\n\t\t\t\t\t\t\t<img decoding=\"async\" width=\"800\" height=\"502\" src=\"https:\/\/www.charteranddreams.com\/wp-content\/uploads\/2025\/04\/Mariu-1-1550x973.jpg\" class=\"attachment-large size-large wp-image-102614\" alt=\"\" srcset=\"https:\/\/www.charteranddreams.com\/wp-content\/uploads\/2025\/04\/Mariu-1-1550x973.jpg 1550w, https:\/\/www.charteranddreams.com\/wp-content\/uploads\/2025\/04\/Mariu-1-992x623.jpg 992w, https:\/\/www.charteranddreams.com\/wp-content\/uploads\/2025\/04\/Mariu-1-576x362.jpg 576w, https:\/\/www.charteranddreams.com\/wp-content\/uploads\/2025\/04\/Mariu-1-768x482.jpg 768w, https:\/\/www.charteranddreams.com\/wp-content\/uploads\/2025\/04\/Mariu-1-1536x964.jpg 1536w, https:\/\/www.charteranddreams.com\/wp-content\/uploads\/2025\/04\/Mariu-1.jpg 1720w\" sizes=\"(max-width: 800px) 100vw, 800px\" \/>\t\t\t\t\t\t\t\t<\/a>\n\t\t\t\t\t\t\t\t\t\t\t\t\t\t\t<\/div>\n\t\t\t\t<div class=\"elementor-element elementor-element-07c20af elementor-widget elementor-widget-image\" data-id=\"07c20af\" data-element_type=\"widget\" data-widget_type=\"image.default\">\n\t\t\t\t\t\t\t\t\t\t\t\t\t\t\t\t<a href=\"https:\/\/www.charteranddreams.com\/de\/yacht\/mariu-codecasa-164\">\n\t\t\t\t\t\t\t<img decoding=\"async\" width=\"800\" height=\"502\" src=\"https:\/\/www.charteranddreams.com\/wp-content\/uploads\/2025\/04\/Mariu-2-1550x973.jpg\" class=\"attachment-large size-large wp-image-102611\" alt=\"\" srcset=\"https:\/\/www.charteranddreams.com\/wp-content\/uploads\/2025\/04\/Mariu-2-1550x973.jpg 1550w, https:\/\/www.charteranddreams.com\/wp-content\/uploads\/2025\/04\/Mariu-2-992x623.jpg 992w, https:\/\/www.charteranddreams.com\/wp-content\/uploads\/2025\/04\/Mariu-2-576x362.jpg 576w, https:\/\/www.charteranddreams.com\/wp-content\/uploads\/2025\/04\/Mariu-2-768x482.jpg 768w, https:\/\/www.charteranddreams.com\/wp-content\/uploads\/2025\/04\/Mariu-2-1536x964.jpg 1536w, https:\/\/www.charteranddreams.com\/wp-content\/uploads\/2025\/04\/Mariu-2.jpg 1720w\" sizes=\"(max-width: 800px) 100vw, 800px\" \/>\t\t\t\t\t\t\t\t<\/a>\n\t\t\t\t\t\t\t\t\t\t\t\t\t\t\t<\/div>\n\t\t\t\t<\/div>\n\t\t\t\t\t<\/div>\n\t\t\t\t<\/div>\n\t\t<div class=\"elementor-element elementor-element-a2a35f4 e-flex e-con-boxed e-con e-parent\" data-id=\"a2a35f4\" data-element_type=\"container\">\n\t\t\t\t\t<div class=\"e-con-inner\">\n\t\t\t\t<div class=\"elementor-element elementor-element-2a48d21 elementor-widget elementor-widget-text-editor\" data-id=\"2a48d21\" data-element_type=\"widget\" data-widget_type=\"text-editor.default\">\n\t\t\t\t\t\t\t\t\t<p class=\"p1 mcePastedContent\"><strong>Kundenstimme:<\/strong><\/p><p class=\"last-child\">\u201cEine spektakul\u00e4re Yacht in jeder Hinsicht. Das Design ist makellos, und die Verarbeitung erstklassig. Die Crew war unglaublich \u2013 immer aufmerksam und professionell. Vielen Dank f\u00fcr diese unvergessliche Woche. Bis n\u00e4chsten Sommer!\u201d \u2013\u00a0<strong>J.L., New York<\/strong><\/p>\t\t\t\t\t\t\t\t<\/div>\n\t\t\t\t<div class=\"elementor-element elementor-element-288ee54 elementor-widget-divider--view-line elementor-widget elementor-widget-divider\" data-id=\"288ee54\" data-element_type=\"widget\" data-widget_type=\"divider.default\">\n\t\t\t\t\t\t\t<div class=\"elementor-divider\">\n\t\t\t<span class=\"elementor-divider-separator\">\n\t\t\t\t\t\t<\/span>\n\t\t<\/div>\n\t\t\t\t\t\t<\/div>\n\t\t\t\t<div class=\"elementor-element elementor-element-44f0079 elementor-widget elementor-widget-text-editor\" data-id=\"44f0079\" data-element_type=\"widget\" data-widget_type=\"text-editor.default\">\n\t\t\t\t\t\t\t\t\t<h1 style=\"text-align: center\"><a href=\"https:\/\/www.charteranddreams.com\/de\/yacht\/endless-summer-westport-130\/\" target=\"_blank\" rel=\"noopener\" data-saferedirecturl=\"https:\/\/www.google.com\/url?q=https:\/\/www.charteranddreams.com\/en\/yacht\/endless-summer-westport-130\/?utm_source%3DNewsletter%2BC%2526D%2B-%2BEN%26utm_campaign%3D7c73dd45d4-EMAIL_CAMPAIGN_2025_03_28_IBIZA_COPY_01%26utm_medium%3Demail%26utm_term%3D0_-31981e5625-&amp;source=gmail&amp;ust=1743861022007000&amp;usg=AOvVaw0vs5ElryqDR9IO5Abmg3vr\">ENDLESS SUMMER<\/a><\/h1><p class=\"\" style=\"text-align: center\"><span style=\"color: #808080\"><strong>Jahr<\/strong>\u00a02004 |\u00a0<strong>Letzte \u00dcberholung<\/strong>\u00a02023 |\u00a0<strong>Bootsl\u00e4nge<\/strong>\u00a039.62 m |\u00a0<strong>Kabinen<\/strong>\u00a06 |\u00a0<strong>G\u00e4ste<\/strong> 12<\/span><\/p><p style=\"text-align: center\">Mit einer L\u00e4nge von 39 Metern ist die ENDLESS SUMMER eine spektakul\u00e4re Megayacht, die 2004 von den renommierten\u00a0<strong>Westport Yachts\u00a0<\/strong>gebaut und 2023 umfassend modernisiert wurde. Das Au\u00dfendesign von Gregory Marshall strahlt zeitlose Eleganz aus, w\u00e4hrend das Interieur Komfort und Raffinesse vereint. Diese Yacht bietet ein au\u00dfergew\u00f6hnliches Charter-Erlebnis mit gro\u00dfz\u00fcgigen Unterhaltungsm\u00f6glichkeiten und einer Wasserrutsche \u2013\u00a0<strong>perfekt, um das Meer in vollen Z\u00fcgen zu genie\u00dfen<\/strong>.<\/p>\t\t\t\t\t\t\t\t<\/div>\n\t\t<div class=\"elementor-element elementor-element-d34d2f7 e-grid e-con-full e-con e-child\" data-id=\"d34d2f7\" data-element_type=\"container\">\n\t\t\t\t<div class=\"elementor-element elementor-element-56bbc78 elementor-widget elementor-widget-image\" data-id=\"56bbc78\" data-element_type=\"widget\" data-widget_type=\"image.default\">\n\t\t\t\t\t\t\t\t\t\t\t\t\t\t\t\t<a href=\"https:\/\/www.charteranddreams.com\/de\/yacht\/endless-summer-westport-130\/\">\n\t\t\t\t\t\t\t<img decoding=\"async\" width=\"800\" height=\"502\" src=\"https:\/\/www.charteranddreams.com\/wp-content\/uploads\/2025\/04\/Endless-1-1550x973.jpg\" class=\"attachment-large size-large wp-image-102608\" alt=\"\" srcset=\"https:\/\/www.charteranddreams.com\/wp-content\/uploads\/2025\/04\/Endless-1-1550x973.jpg 1550w, https:\/\/www.charteranddreams.com\/wp-content\/uploads\/2025\/04\/Endless-1-992x623.jpg 992w, https:\/\/www.charteranddreams.com\/wp-content\/uploads\/2025\/04\/Endless-1-576x362.jpg 576w, https:\/\/www.charteranddreams.com\/wp-content\/uploads\/2025\/04\/Endless-1-768x482.jpg 768w, https:\/\/www.charteranddreams.com\/wp-content\/uploads\/2025\/04\/Endless-1-1536x964.jpg 1536w, https:\/\/www.charteranddreams.com\/wp-content\/uploads\/2025\/04\/Endless-1.jpg 1720w\" sizes=\"(max-width: 800px) 100vw, 800px\" \/>\t\t\t\t\t\t\t\t<\/a>\n\t\t\t\t\t\t\t\t\t\t\t\t\t\t\t<\/div>\n\t\t\t\t<div class=\"elementor-element elementor-element-21cb094 elementor-widget elementor-widget-image\" data-id=\"21cb094\" data-element_type=\"widget\" data-widget_type=\"image.default\">\n\t\t\t\t\t\t\t\t\t\t\t\t\t\t\t\t<a href=\"https:\/\/www.charteranddreams.com\/de\/yacht\/endless-summer-westport-130\/\">\n\t\t\t\t\t\t\t<img decoding=\"async\" width=\"800\" height=\"502\" src=\"https:\/\/www.charteranddreams.com\/wp-content\/uploads\/2025\/04\/Endless-2-1550x973.jpg\" class=\"attachment-large size-large wp-image-102605\" alt=\"\" srcset=\"https:\/\/www.charteranddreams.com\/wp-content\/uploads\/2025\/04\/Endless-2-1550x973.jpg 1550w, https:\/\/www.charteranddreams.com\/wp-content\/uploads\/2025\/04\/Endless-2-992x623.jpg 992w, https:\/\/www.charteranddreams.com\/wp-content\/uploads\/2025\/04\/Endless-2-576x362.jpg 576w, https:\/\/www.charteranddreams.com\/wp-content\/uploads\/2025\/04\/Endless-2-768x482.jpg 768w, https:\/\/www.charteranddreams.com\/wp-content\/uploads\/2025\/04\/Endless-2-1536x964.jpg 1536w, https:\/\/www.charteranddreams.com\/wp-content\/uploads\/2025\/04\/Endless-2.jpg 1720w\" sizes=\"(max-width: 800px) 100vw, 800px\" \/>\t\t\t\t\t\t\t\t<\/a>\n\t\t\t\t\t\t\t\t\t\t\t\t\t\t\t<\/div>\n\t\t\t\t<\/div>\n\t\t\t\t\t<\/div>\n\t\t\t\t<\/div>\n\t\t<div class=\"elementor-element elementor-element-d0a5741 e-flex e-con-boxed e-con e-parent\" data-id=\"d0a5741\" data-element_type=\"container\">\n\t\t\t\t\t<div class=\"e-con-inner\">\n\t\t\t\t<div class=\"elementor-element elementor-element-772f82f elementor-widget elementor-widget-text-editor\" data-id=\"772f82f\" data-element_type=\"widget\" data-widget_type=\"text-editor.default\">\n\t\t\t\t\t\t\t\t\t<p class=\"p1 mcePastedContent\"><strong>Kundenstimme:<\/strong><\/p><p class=\"last-child\">\u201cWir hatten eine fantastische Zeit an Bord der ENDLESS SUMMER. Die Yacht ist \u00e4u\u00dferst komfortabel, das Essen war hervorragend, und die Wasserrutsche war das Highlight f\u00fcr alle. Vielen Dank an den Kapit\u00e4n und die Crew f\u00fcr die gro\u00dfartige Betreuung. Wir kommen garantiert wieder!\u201d \u2013\u00a0<strong>Catherine &amp; Richard W., London<\/strong><\/p>\t\t\t\t\t\t\t\t<\/div>\n\t\t\t\t<div class=\"elementor-element elementor-element-5d2648e elementor-widget-divider--view-line elementor-widget elementor-widget-divider\" data-id=\"5d2648e\" data-element_type=\"widget\" data-widget_type=\"divider.default\">\n\t\t\t\t\t\t\t<div class=\"elementor-divider\">\n\t\t\t<span class=\"elementor-divider-separator\">\n\t\t\t\t\t\t<\/span>\n\t\t<\/div>\n\t\t\t\t\t\t<\/div>\n\t\t\t\t<div class=\"elementor-element elementor-element-7ffb41e elementor-widget elementor-widget-text-editor\" data-id=\"7ffb41e\" data-element_type=\"widget\" data-widget_type=\"text-editor.default\">\n\t\t\t\t\t\t\t\t\t<h1 style=\"text-align: center\"><a href=\"https:\/\/www.charteranddreams.com\/de\/yacht\/hakuna-matata-couach-3700-fly\/\" target=\"_blank\" rel=\"noopener\" data-saferedirecturl=\"https:\/\/www.google.com\/url?q=https:\/\/www.charteranddreams.com\/en\/yacht\/hakuna-matata-couach-3700-fly\/?utm_source%3DNewsletter%2BC%2526D%2B-%2BEN%26utm_campaign%3D7c73dd45d4-EMAIL_CAMPAIGN_2025_03_28_IBIZA_COPY_01%26utm_medium%3Demail%26utm_term%3D0_-31981e5625-&amp;source=gmail&amp;ust=1743861022007000&amp;usg=AOvVaw2P1_t1IOCSi7ywL_Hy7mCJ\">HAKUNA MATATA<\/a><\/h1><p class=\"\" style=\"text-align: center\"><span style=\"color: #808080\"><strong>Jahr<\/strong>\u00a02009 |\u00a0<strong>Letzte \u00dcberholung<\/strong>\u00a02023 |\u00a0<strong>Bootsl\u00e4nge<\/strong>\u00a036.90 m |\u00a0<strong>Kabinen<\/strong>\u00a06 |\u00a0<strong>G\u00e4ste<\/strong> 12<\/span><\/p><p style=\"text-align: center\">Die elegante Yacht HAKUNA MATATA mit einer L\u00e4nge von 37 Metern wurde 2009 von Couach gebaut und 2023 umfassend renoviert, um\u00a0<strong>maximalen Komfort zu bieten<\/strong>. Sie bietet Platz f\u00fcr 12 G\u00e4ste in 6 luxuri\u00f6sen Kabinen und besticht durch ihr helles Interieur mit gro\u00dfen Panoramafenstern. Ihr beeindruckendes Sonnendeck verf\u00fcgt \u00fcber ein einfahrbares Dach, eine Bar, einen Whirlpool und bequeme Liegen \u2013 der perfekte Ort zum Entspannen und Genie\u00dfen. Zudem befindet sich an Bord einer\u00a0<strong>der besten K\u00f6che Griechenlands<\/strong>, der f\u00fcr ein unvergleichliches kulinarisches Erlebnis sorgt.<\/p>\t\t\t\t\t\t\t\t<\/div>\n\t\t<div class=\"elementor-element elementor-element-f67771a e-grid e-con-full e-con e-child\" data-id=\"f67771a\" data-element_type=\"container\">\n\t\t\t\t<div class=\"elementor-element elementor-element-07d1251 elementor-widget elementor-widget-image\" data-id=\"07d1251\" data-element_type=\"widget\" data-widget_type=\"image.default\">\n\t\t\t\t\t\t\t\t\t\t\t\t\t\t\t\t<a href=\"https:\/\/www.charteranddreams.com\/de\/yacht\/hakuna-matata-couach-3700-fly\/\">\n\t\t\t\t\t\t\t<img decoding=\"async\" width=\"800\" height=\"502\" src=\"https:\/\/www.charteranddreams.com\/wp-content\/uploads\/2025\/04\/Hakuna-1-1550x973.jpg\" class=\"attachment-large size-large wp-image-102602\" alt=\"\" srcset=\"https:\/\/www.charteranddreams.com\/wp-content\/uploads\/2025\/04\/Hakuna-1-1550x973.jpg 1550w, https:\/\/www.charteranddreams.com\/wp-content\/uploads\/2025\/04\/Hakuna-1-992x623.jpg 992w, https:\/\/www.charteranddreams.com\/wp-content\/uploads\/2025\/04\/Hakuna-1-576x362.jpg 576w, https:\/\/www.charteranddreams.com\/wp-content\/uploads\/2025\/04\/Hakuna-1-768x482.jpg 768w, https:\/\/www.charteranddreams.com\/wp-content\/uploads\/2025\/04\/Hakuna-1-1536x964.jpg 1536w, https:\/\/www.charteranddreams.com\/wp-content\/uploads\/2025\/04\/Hakuna-1.jpg 1720w\" sizes=\"(max-width: 800px) 100vw, 800px\" \/>\t\t\t\t\t\t\t\t<\/a>\n\t\t\t\t\t\t\t\t\t\t\t\t\t\t\t<\/div>\n\t\t\t\t<div class=\"elementor-element elementor-element-4d74a97 elementor-widget elementor-widget-image\" data-id=\"4d74a97\" data-element_type=\"widget\" data-widget_type=\"image.default\">\n\t\t\t\t\t\t\t\t\t\t\t\t\t\t\t\t<a href=\"https:\/\/www.charteranddreams.com\/de\/yacht\/hakuna-matata-couach-3700-fly\/\">\n\t\t\t\t\t\t\t<img decoding=\"async\" width=\"800\" height=\"502\" src=\"https:\/\/www.charteranddreams.com\/wp-content\/uploads\/2025\/04\/Hakuna-2-1550x973.jpg\" class=\"attachment-large size-large wp-image-102599\" alt=\"\" srcset=\"https:\/\/www.charteranddreams.com\/wp-content\/uploads\/2025\/04\/Hakuna-2-1550x973.jpg 1550w, https:\/\/www.charteranddreams.com\/wp-content\/uploads\/2025\/04\/Hakuna-2-992x623.jpg 992w, https:\/\/www.charteranddreams.com\/wp-content\/uploads\/2025\/04\/Hakuna-2-576x362.jpg 576w, https:\/\/www.charteranddreams.com\/wp-content\/uploads\/2025\/04\/Hakuna-2-768x482.jpg 768w, https:\/\/www.charteranddreams.com\/wp-content\/uploads\/2025\/04\/Hakuna-2-1536x964.jpg 1536w, https:\/\/www.charteranddreams.com\/wp-content\/uploads\/2025\/04\/Hakuna-2.jpg 1720w\" sizes=\"(max-width: 800px) 100vw, 800px\" \/>\t\t\t\t\t\t\t\t<\/a>\n\t\t\t\t\t\t\t\t\t\t\t\t\t\t\t<\/div>\n\t\t\t\t<\/div>\n\t\t\t\t\t<\/div>\n\t\t\t\t<\/div>\n\t\t<div class=\"elementor-element elementor-element-39849de e-flex e-con-boxed e-con e-parent\" data-id=\"39849de\" data-element_type=\"container\">\n\t\t\t\t\t<div class=\"e-con-inner\">\n\t\t\t\t<div class=\"elementor-element elementor-element-bfd6a9d elementor-widget elementor-widget-text-editor\" data-id=\"bfd6a9d\" data-element_type=\"widget\" data-widget_type=\"text-editor.default\">\n\t\t\t\t\t\t\t\t\t<p class=\"p1 mcePastedContent\"><strong>Kundenstimme:<\/strong><\/p><p class=\"last-child\">\u201cVom ersten Moment an haben wir uns wie zu Hause gef\u00fchlt. Die Aussicht vom Salon war spektakul\u00e4r, und das Sonnendeck war der perfekte Ort zum Entspannen. Doch das absolute Highlight war das Essen \u2013 zweifellos der beste Koch, den wir je auf einer Yacht hatten. Vielen Dank f\u00fcr alles, es war eine perfekte Reise.\u201d \u2013\u00a0<strong>D.M., Monaco<\/strong><\/p>\t\t\t\t\t\t\t\t<\/div>\n\t\t\t\t<div class=\"elementor-element elementor-element-5779d3d elementor-widget-divider--view-line elementor-widget elementor-widget-divider\" data-id=\"5779d3d\" data-element_type=\"widget\" data-widget_type=\"divider.default\">\n\t\t\t\t\t\t\t<div class=\"elementor-divider\">\n\t\t\t<span class=\"elementor-divider-separator\">\n\t\t\t\t\t\t<\/span>\n\t\t<\/div>\n\t\t\t\t\t\t<\/div>\n\t\t\t\t<div class=\"elementor-element elementor-element-6d37940 elementor-widget elementor-widget-text-editor\" data-id=\"6d37940\" data-element_type=\"widget\" data-widget_type=\"text-editor.default\">\n\t\t\t\t\t\t\t\t\t<h1 style=\"text-align: center\"><a href=\"https:\/\/www.charteranddreams.com\/de\/yacht\/sounion-ii-benetti\/\" target=\"_blank\" rel=\"noopener\" data-saferedirecturl=\"https:\/\/www.google.com\/url?q=https:\/\/www.charteranddreams.com\/en\/yacht\/sounion-ii-benetti\/?utm_source%3DNewsletter%2BC%2526D%2B-%2BEN%26utm_campaign%3D7c73dd45d4-EMAIL_CAMPAIGN_2025_03_28_IBIZA_COPY_01%26utm_medium%3Demail%26utm_term%3D0_-31981e5625-&amp;source=gmail&amp;ust=1743861022008000&amp;usg=AOvVaw3bIkhgf24v-sVEO_K20bBA\">SOUNION II<\/a><\/h1><p class=\"\" style=\"text-align: center\"><span style=\"color: #808080\"><strong>Jahr<\/strong>\u00a01969 |\u00a0<strong>Letzte \u00dcberholung<\/strong>\u00a02023 |\u00a0<strong>Bootsl\u00e4nge<\/strong>\u00a031.62 m |\u00a0<strong>Kabinen<\/strong>\u00a04 |\u00a0<strong>G\u00e4ste<\/strong> 10<\/span><\/p><p style=\"text-align: center\"><strong>Klassisch, elegant und mit exzellentem Service<\/strong>: SOUNION II ist eine 31 Meter lange Motoryacht mit drei Decks, gebaut von der legend\u00e4ren Werft Benetti im Jahr 1969 und 2023 modernisiert. Ihr Au\u00dfendesign bewahrt die zeitlose Essenz eines klassischen Benetti, w\u00e4hrend das Interieur, entworfen von dem renommierten Designer Frederic Mechiche, in einen modernen und luxuri\u00f6sen Raum verwandelt wurde.<\/p>\t\t\t\t\t\t\t\t<\/div>\n\t\t<div class=\"elementor-element elementor-element-d2038fd e-grid e-con-full e-con e-child\" data-id=\"d2038fd\" data-element_type=\"container\">\n\t\t\t\t<div class=\"elementor-element elementor-element-7bfc538 elementor-widget elementor-widget-image\" data-id=\"7bfc538\" data-element_type=\"widget\" data-widget_type=\"image.default\">\n\t\t\t\t\t\t\t\t\t\t\t\t\t\t\t\t<a href=\"https:\/\/www.charteranddreams.com\/de\/yacht\/sounion-ii-benetti\/\">\n\t\t\t\t\t\t\t<img decoding=\"async\" width=\"800\" height=\"502\" src=\"https:\/\/www.charteranddreams.com\/wp-content\/uploads\/2025\/04\/Sounion-1-1550x973.jpg\" class=\"attachment-large size-large wp-image-102596\" alt=\"\" srcset=\"https:\/\/www.charteranddreams.com\/wp-content\/uploads\/2025\/04\/Sounion-1-1550x973.jpg 1550w, https:\/\/www.charteranddreams.com\/wp-content\/uploads\/2025\/04\/Sounion-1-992x623.jpg 992w, https:\/\/www.charteranddreams.com\/wp-content\/uploads\/2025\/04\/Sounion-1-576x362.jpg 576w, https:\/\/www.charteranddreams.com\/wp-content\/uploads\/2025\/04\/Sounion-1-768x482.jpg 768w, https:\/\/www.charteranddreams.com\/wp-content\/uploads\/2025\/04\/Sounion-1-1536x964.jpg 1536w, https:\/\/www.charteranddreams.com\/wp-content\/uploads\/2025\/04\/Sounion-1.jpg 1720w\" sizes=\"(max-width: 800px) 100vw, 800px\" \/>\t\t\t\t\t\t\t\t<\/a>\n\t\t\t\t\t\t\t\t\t\t\t\t\t\t\t<\/div>\n\t\t\t\t<div class=\"elementor-element elementor-element-af8dee0 elementor-widget elementor-widget-image\" data-id=\"af8dee0\" data-element_type=\"widget\" data-widget_type=\"image.default\">\n\t\t\t\t\t\t\t\t\t\t\t\t\t\t\t\t<a href=\"https:\/\/www.charteranddreams.com\/de\/yacht\/sounion-ii-benetti\/\">\n\t\t\t\t\t\t\t<img decoding=\"async\" width=\"800\" height=\"502\" src=\"https:\/\/www.charteranddreams.com\/wp-content\/uploads\/2025\/04\/Sounion-2-1550x973.jpg\" class=\"attachment-large size-large wp-image-102593\" alt=\"\" srcset=\"https:\/\/www.charteranddreams.com\/wp-content\/uploads\/2025\/04\/Sounion-2-1550x973.jpg 1550w, https:\/\/www.charteranddreams.com\/wp-content\/uploads\/2025\/04\/Sounion-2-992x623.jpg 992w, https:\/\/www.charteranddreams.com\/wp-content\/uploads\/2025\/04\/Sounion-2-576x362.jpg 576w, https:\/\/www.charteranddreams.com\/wp-content\/uploads\/2025\/04\/Sounion-2-768x482.jpg 768w, https:\/\/www.charteranddreams.com\/wp-content\/uploads\/2025\/04\/Sounion-2-1536x964.jpg 1536w, https:\/\/www.charteranddreams.com\/wp-content\/uploads\/2025\/04\/Sounion-2.jpg 1720w\" sizes=\"(max-width: 800px) 100vw, 800px\" \/>\t\t\t\t\t\t\t\t<\/a>\n\t\t\t\t\t\t\t\t\t\t\t\t\t\t\t<\/div>\n\t\t\t\t<\/div>\n\t\t\t\t\t<\/div>\n\t\t\t\t<\/div>\n\t\t<div class=\"elementor-element elementor-element-84d2617 e-flex e-con-boxed e-con e-parent\" data-id=\"84d2617\" data-element_type=\"container\">\n\t\t\t\t\t<div class=\"e-con-inner\">\n\t\t\t\t<div class=\"elementor-element elementor-element-8cf1c9a elementor-widget elementor-widget-text-editor\" data-id=\"8cf1c9a\" data-element_type=\"widget\" data-widget_type=\"text-editor.default\">\n\t\t\t\t\t\t\t\t\t<p class=\"p1 mcePastedContent\"><strong>Kundenstimme:<\/strong><\/p><p class=\"last-child\">\u201cDiese Yacht hat einen ganz besonderen Charme. Der Komfort an Bord war herausragend, und der Service erstklassig. Die Crew war aufmerksam bis ins kleinste Detail, und die Woche verging wie im Flug. Wir kommen definitiv wieder.\u201d \u2013\u00a0<strong>Alexander T., M\u00fcnchen<\/strong><\/p>\t\t\t\t\t\t\t\t<\/div>\n\t\t\t\t<div class=\"elementor-element elementor-element-6fb2fcf elementor-widget-divider--view-line elementor-widget elementor-widget-divider\" data-id=\"6fb2fcf\" data-element_type=\"widget\" data-widget_type=\"divider.default\">\n\t\t\t\t\t\t\t<div class=\"elementor-divider\">\n\t\t\t<span class=\"elementor-divider-separator\">\n\t\t\t\t\t\t<\/span>\n\t\t<\/div>\n\t\t\t\t\t\t<\/div>\n\t\t\t\t<div class=\"elementor-element elementor-element-e73aba1 elementor-widget elementor-widget-text-editor\" data-id=\"e73aba1\" data-element_type=\"widget\" data-widget_type=\"text-editor.default\">\n\t\t\t\t\t\t\t\t\t<h1 style=\"text-align: center\"><a href=\"https:\/\/www.charteranddreams.com\/de\/yacht\/above-beyond-sunreef-80\/\" target=\"_blank\" rel=\"noopener\" data-saferedirecturl=\"https:\/\/www.google.com\/url?q=https:\/\/www.charteranddreams.com\/en\/yacht\/above-beyond-sunreef-80\/?utm_source%3DNewsletter%2BC%2526D%2B-%2BEN%26utm_campaign%3D7c73dd45d4-EMAIL_CAMPAIGN_2025_03_28_IBIZA_COPY_01%26utm_medium%3Demail%26utm_term%3D0_-31981e5625-&amp;source=gmail&amp;ust=1743861022008000&amp;usg=AOvVaw2S6gqww9t_iMp_665Drfne\">ABOVE &amp; BEYOND<\/a><\/h1><p class=\"\" style=\"text-align: center\"><span style=\"color: #808080\"><strong>Jahr<\/strong>\u00a02019 |\u00a0<strong>Letzte \u00dcberholung<\/strong>\u00a02023 |\u00a0<strong>Bootsl\u00e4nge<\/strong>\u00a024.00 m |\u00a0<strong>Kabinen<\/strong>\u00a04 |\u00a0<strong>G\u00e4ste<\/strong> 8<\/span><\/p><p class=\"mcePastedContent\" style=\"text-align: center\">Die spektakul\u00e4re ABOVE &amp; BEYOND ist eine Sunreef 80, eine Luxusyacht, die 2019 von der renommierten Werft\u00a0<strong>Sunreef Yachts\u00a0<\/strong>gebaut und 2023 modernisiert wurde. Mit einer beeindruckenden Wohnfl\u00e4che von\u00a0<strong>340 m\u00b2 kombiniert sie Eleganz<\/strong>, Innovation und Komfort perfekt. Ihr avantgardistisches Design und ihre hochmodernen Features machen sie zur idealen Wahl f\u00fcr ein exklusives Segelerlebnis. An Bord sorgt eine professionelle Crew aus f\u00fcnf Mitgliedern daf\u00fcr, dass jeder Moment einfach perfekt ist.<\/p>\t\t\t\t\t\t\t\t<\/div>\n\t\t<div class=\"elementor-element elementor-element-ae74ca4 e-grid e-con-full e-con e-child\" data-id=\"ae74ca4\" data-element_type=\"container\">\n\t\t\t\t<div class=\"elementor-element elementor-element-cad6e10 elementor-widget elementor-widget-image\" data-id=\"cad6e10\" data-element_type=\"widget\" data-widget_type=\"image.default\">\n\t\t\t\t\t\t\t\t\t\t\t\t\t\t\t\t<a href=\"https:\/\/www.charteranddreams.com\/de\/yacht\/above-beyond-sunreef-80\/\">\n\t\t\t\t\t\t\t<img decoding=\"async\" width=\"800\" height=\"502\" src=\"https:\/\/www.charteranddreams.com\/wp-content\/uploads\/2025\/04\/Above-1-1550x973.jpg\" class=\"attachment-large size-large wp-image-102590\" alt=\"\" srcset=\"https:\/\/www.charteranddreams.com\/wp-content\/uploads\/2025\/04\/Above-1-1550x973.jpg 1550w, https:\/\/www.charteranddreams.com\/wp-content\/uploads\/2025\/04\/Above-1-992x623.jpg 992w, https:\/\/www.charteranddreams.com\/wp-content\/uploads\/2025\/04\/Above-1-576x362.jpg 576w, https:\/\/www.charteranddreams.com\/wp-content\/uploads\/2025\/04\/Above-1-768x482.jpg 768w, https:\/\/www.charteranddreams.com\/wp-content\/uploads\/2025\/04\/Above-1-1536x964.jpg 1536w, https:\/\/www.charteranddreams.com\/wp-content\/uploads\/2025\/04\/Above-1.jpg 1720w\" sizes=\"(max-width: 800px) 100vw, 800px\" \/>\t\t\t\t\t\t\t\t<\/a>\n\t\t\t\t\t\t\t\t\t\t\t\t\t\t\t<\/div>\n\t\t\t\t<div class=\"elementor-element elementor-element-4c68f25 elementor-widget elementor-widget-image\" data-id=\"4c68f25\" data-element_type=\"widget\" data-widget_type=\"image.default\">\n\t\t\t\t\t\t\t\t\t\t\t\t\t\t\t\t<a href=\"https:\/\/www.charteranddreams.com\/de\/yacht\/above-beyond-sunreef-80\/\">\n\t\t\t\t\t\t\t<img decoding=\"async\" width=\"800\" height=\"502\" src=\"https:\/\/www.charteranddreams.com\/wp-content\/uploads\/2025\/04\/Above-2-1550x973.jpg\" class=\"attachment-large size-large wp-image-102587\" alt=\"\" srcset=\"https:\/\/www.charteranddreams.com\/wp-content\/uploads\/2025\/04\/Above-2-1550x973.jpg 1550w, https:\/\/www.charteranddreams.com\/wp-content\/uploads\/2025\/04\/Above-2-992x623.jpg 992w, https:\/\/www.charteranddreams.com\/wp-content\/uploads\/2025\/04\/Above-2-576x362.jpg 576w, https:\/\/www.charteranddreams.com\/wp-content\/uploads\/2025\/04\/Above-2-768x482.jpg 768w, https:\/\/www.charteranddreams.com\/wp-content\/uploads\/2025\/04\/Above-2-1536x964.jpg 1536w, https:\/\/www.charteranddreams.com\/wp-content\/uploads\/2025\/04\/Above-2.jpg 1720w\" sizes=\"(max-width: 800px) 100vw, 800px\" \/>\t\t\t\t\t\t\t\t<\/a>\n\t\t\t\t\t\t\t\t\t\t\t\t\t\t\t<\/div>\n\t\t\t\t<\/div>\n\t\t\t\t\t<\/div>\n\t\t\t\t<\/div>\n\t\t<div class=\"elementor-element elementor-element-fc00bf0 e-flex e-con-boxed e-con e-parent\" data-id=\"fc00bf0\" data-element_type=\"container\">\n\t\t\t\t\t<div class=\"e-con-inner\">\n\t\t\t\t<div class=\"elementor-element elementor-element-a422105 elementor-widget elementor-widget-text-editor\" data-id=\"a422105\" data-element_type=\"widget\" data-widget_type=\"text-editor.default\">\n\t\t\t\t\t\t\t\t\t<p class=\"p1 mcePastedContent\"><strong>Kundenstimme:<\/strong><\/p><p class=\"last-child\">\u201cEs war eine unglaubliche Erfahrung \u2013 die Yacht ist ger\u00e4umig, komfortabel, und die Crew hat uns jeden Tag besonders f\u00fchlen lassen. Wir h\u00e4tten uns nichts Besseres w\u00fcnschen k\u00f6nnen. Vielen Dank f\u00fcr einen unvergesslichen Urlaub.\u201d \u2013\u00a0<strong>Sophie &amp; Marc L., Paris<\/strong><\/p>\t\t\t\t\t\t\t\t<\/div>\n\t\t\t\t<div class=\"elementor-element elementor-element-f828535 elementor-widget elementor-widget-text-editor\" data-id=\"f828535\" data-element_type=\"widget\" data-widget_type=\"text-editor.default\">\n\t\t\t\t\t\t\t\t\t<h1 style=\"text-align: center\">Buche deine Yacht und erlebe einen unvergesslichen Sommer<\/h1><h3 class=\"last-child\" style=\"text-align: center\"><br \/>Sichere dir deine Luxusyacht f\u00fcr diese Saison und beginne, deinen Traumurlaub zu planen.<\/h3>\t\t\t\t\t\t\t\t<\/div>\n\t\t\t\t<div class=\"elementor-element elementor-element-6ebdde6 elementor-align-center elementor-widget elementor-widget-button\" data-id=\"6ebdde6\" data-element_type=\"widget\" data-widget_type=\"button.default\">\n\t\t\t\t\t\t\t\t\t\t<a class=\"elementor-button elementor-button-link elementor-size-sm\" href=\"https:\/\/api.whatsapp.com\/send?phone=34650606460&#038;text=Ich%20habe%20gerade%20Ihren%20Newsletter%20gelesen%20und%20w%C3%BCrde%20gerne%20mehr%20%C3%BCber%20Ihre%20verf%C3%BCgbaren%20Yachten%20in%20Griechenland%20erfahren.%20Ich%20danke%20Ihnen.\">\n\t\t\t\t\t\t<span class=\"elementor-button-content-wrapper\">\n\t\t\t\t\t\t\t\t\t<span class=\"elementor-button-text\">KONTAKTIEREN SIE UNS JETZT<\/span>\n\t\t\t\t\t<\/span>\n\t\t\t\t\t<\/a>\n\t\t\t\t\t\t\t\t<\/div>\n\t\t\t\t\t<\/div>\n\t\t\t\t<\/div>\n\t\t<div class=\"elementor-element elementor-element-bb824d8 e-flex e-con-boxed e-con e-parent\" data-id=\"bb824d8\" data-element_type=\"container\">\n\t\t\t\t\t<div class=\"e-con-inner\">\n\t\t\t\t\t<\/div>\n\t\t\t\t<\/div>\n\t\t\t\t<\/div>\n\t\t","protected":false},"excerpt":{"rendered":"<p>Griechenland: Ruhe und Genuss in der \u00c4g\u00e4is Mykonos und Santorin m\u00f6gen die bekanntesten griechischen Inseln sein, aber in den Monaten Juli und August ist das Segeln dort aufgrund des Meltemi-Windes nicht ideal. Dieser trockene, starke Wind fegt im Sommer \u00fcber die \u00c4g\u00e4is und kann die Bedingungen erschweren. Wenn du eine\u00a0exklusive und entspannte Erfahrung\u00a0an Bord einer [&hellip;]<\/p>\n","protected":false},"author":23,"featured_media":21472,"comment_status":"closed","ping_status":"closed","sticky":false,"template":"","format":"standard","meta":{"_acf_changed":false,"_joinchat":[],"footnotes":""},"categories":[2,1],"tags":[],"class_list":["post-102583","post","type-post","status-publish","format-standard","has-post-thumbnail","hentry","category-news-and-inspiration"],"acf":[],"_links":{"self":[{"href":"https:\/\/www.charteranddreams.com\/de\/wp-json\/wp\/v2\/posts\/102583","targetHints":{"allow":["GET"]}}],"collection":[{"href":"https:\/\/www.charteranddreams.com\/de\/wp-json\/wp\/v2\/posts"}],"about":[{"href":"https:\/\/www.charteranddreams.com\/de\/wp-json\/wp\/v2\/types\/post"}],"author":[{"embeddable":true,"href":"https:\/\/www.charteranddreams.com\/de\/wp-json\/wp\/v2\/users\/23"}],"replies":[{"embeddable":true,"href":"https:\/\/www.charteranddreams.com\/de\/wp-json\/wp\/v2\/comments?post=102583"}],"version-history":[{"count":10,"href":"https:\/\/www.charteranddreams.com\/de\/wp-json\/wp\/v2\/posts\/102583\/revisions"}],"predecessor-version":[{"id":107852,"href":"https:\/\/www.charteranddreams.com\/de\/wp-json\/wp\/v2\/posts\/102583\/revisions\/107852"}],"wp:featuredmedia":[{"embeddable":true,"href":"https:\/\/www.charteranddreams.com\/de\/wp-json\/wp\/v2\/media\/21472"}],"wp:attachment":[{"href":"https:\/\/www.charteranddreams.com\/de\/wp-json\/wp\/v2\/media?parent=102583"}],"wp:term":[{"taxonomy":"category","embeddable":true,"href":"https:\/\/www.charteranddreams.com\/de\/wp-json\/wp\/v2\/categories?post=102583"},{"taxonomy":"post_tag","embeddable":true,"href":"https:\/\/www.charteranddreams.com\/de\/wp-json\/wp\/v2\/tags?post=102583"}],"curies":[{"name":"wp","href":"https:\/\/api.w.org\/{rel}","templated":true}]}}