{"id":102115,"date":"2025-03-28T19:11:45","date_gmt":"2025-03-28T17:11:45","guid":{"rendered":"https:\/\/www.charteranddreams.com\/?p=102115"},"modified":"2025-07-31T17:12:07","modified_gmt":"2025-07-31T15:12:07","slug":"new-in-ibiza-5-exclusive-yachts-5-must-try-restaurants","status":"publish","type":"post","link":"https:\/\/www.charteranddreams.com\/de\/news-and-inspiration\/new-in-ibiza-5-exclusive-yachts-5-must-try-restaurants\/","title":{"rendered":"Neu auf IBIZA: 5 exklusive Yachten &amp; 5 Restaurants, die Sie nicht verpassen d\u00fcrfen"},"content":{"rendered":"\t\t<div data-elementor-type=\"wp-post\" data-elementor-id=\"102115\" class=\"elementor elementor-102115 elementor-102114\" data-elementor-post-type=\"post\">\n\t\t\t\t<div class=\"elementor-element elementor-element-d25167d e-flex e-con-boxed e-con e-parent\" data-id=\"d25167d\" data-element_type=\"container\">\n\t\t\t\t\t<div class=\"e-con-inner\">\n\t\t\t\t<div class=\"elementor-element elementor-element-88d9493 elementor-widget elementor-widget-text-editor\" data-id=\"88d9493\" data-element_type=\"widget\" data-widget_type=\"text-editor.default\">\n\t\t\t\t\t\t\t\t\t<h2 style=\"text-align: center;\">IBIZA: Das Beste aus Luxus, Yachten &amp; Gastronomie<\/h2><p style=\"text-align: center;\">Diese Saison laden wir Sie ein, die f\u00fcnf neuesten Yachten auf den Balearen zu entdecken \u2013 perfekt f\u00fcr anspruchsvolle G\u00e4ste, die eine makellose Erfahrung von Anfang bis Ende suchen. An Land erwarten Sie die f\u00fcnf neuesten Gourmet-Restaurants in Ibiza und Formentera, wo Privatsph\u00e4re und Exklusivit\u00e4t garantiert sind.<\/p><p class=\"last-child\" style=\"text-align: center;\"><strong>Entdecken Sie unsere Flotte<\/strong>!<\/p><h4 style=\"text-align: center;\"><em>&#8211; <\/em><em>Das Vergn\u00fcgen, etwas Neues zu erleben. Das Privileg, der Erste zu sein\u2026 der das Beste genie\u00dft. <\/em><em>&#8211;<\/em><\/h4><p style=\"text-align: center;\">\u00a0<\/p>\t\t\t\t\t\t\t\t<\/div>\n\t\t\t\t\t<\/div>\n\t\t\t\t<\/div>\n\t\t<div class=\"elementor-element elementor-element-96ec8a0 e-flex e-con-boxed e-con e-parent\" data-id=\"96ec8a0\" data-element_type=\"container\">\n\t\t\t\t\t<div class=\"e-con-inner\">\n\t\t\t\t<div class=\"elementor-element elementor-element-4b56422 elementor-widget-divider--view-line elementor-widget elementor-widget-divider\" data-id=\"4b56422\" data-element_type=\"widget\" data-widget_type=\"divider.default\">\n\t\t\t\t\t\t\t<div class=\"elementor-divider\">\n\t\t\t<span class=\"elementor-divider-separator\">\n\t\t\t\t\t\t<\/span>\n\t\t<\/div>\n\t\t\t\t\t\t<\/div>\n\t\t\t\t<div class=\"elementor-element elementor-element-07d145d elementor-widget elementor-widget-text-editor\" data-id=\"07d145d\" data-element_type=\"widget\" data-widget_type=\"text-editor.default\">\n\t\t\t\t\t\t\t\t\t<h2 style=\"text-align: center\"><a href=\"https:\/\/www.charteranddreams.com\/de\/yacht\/on-time-sanlorenzo\">ON TIME<\/a><\/h2><p style=\"text-align: center\"><span style=\"color: #808080\"><strong>Jahr\u00a0<\/strong>2024 |\u00a0<strong>Bootsl\u00e4nge\u00a0<\/strong>34.16 m |\u00a0<strong>Kabinen<\/strong>\u00a05 |\u00a0<strong>G\u00e4ste<\/strong> 10 | <strong>Charterpreise:\u00a0<\/strong>Aus \u20ac120,000\/Woche<\/span><\/p><p>Willkommen an Bord der luxuri\u00f6sen ON TIME. Diese 2024 vom renommierten italienischen Werft\u00a0<strong>Sanlorenzo<\/strong>\u00a0gefertigte Superyacht besticht durch ein exquisites Interieur, entworfen von Studio Lissoni. Eine perfekte Symbiose aus Eleganz, Komfort und Innovation.<\/p>\t\t\t\t\t\t\t\t<\/div>\n\t\t<div class=\"elementor-element elementor-element-9a9bd37 e-grid e-con-full e-con e-child\" data-id=\"9a9bd37\" data-element_type=\"container\">\n\t\t\t\t<div class=\"elementor-element elementor-element-b41b7c1 elementor-widget elementor-widget-image\" data-id=\"b41b7c1\" data-element_type=\"widget\" data-widget_type=\"image.default\">\n\t\t\t\t\t\t\t\t\t\t\t\t\t\t\t\t<a href=\"https:\/\/www.charteranddreams.com\/de\/yacht\/on-time-sanlorenzo\">\n\t\t\t\t\t\t\t<img decoding=\"async\" width=\"800\" height=\"450\" src=\"https:\/\/www.charteranddreams.com\/wp-content\/uploads\/2025\/03\/On-Time-1-1550x872.jpg\" class=\"attachment-large size-large wp-image-102118\" alt=\"\" srcset=\"https:\/\/www.charteranddreams.com\/wp-content\/uploads\/2025\/03\/On-Time-1-1550x872.jpg 1550w, https:\/\/www.charteranddreams.com\/wp-content\/uploads\/2025\/03\/On-Time-1-992x558.jpg 992w, https:\/\/www.charteranddreams.com\/wp-content\/uploads\/2025\/03\/On-Time-1-576x324.jpg 576w, https:\/\/www.charteranddreams.com\/wp-content\/uploads\/2025\/03\/On-Time-1-768x432.jpg 768w, https:\/\/www.charteranddreams.com\/wp-content\/uploads\/2025\/03\/On-Time-1-1536x864.jpg 1536w, https:\/\/www.charteranddreams.com\/wp-content\/uploads\/2025\/03\/On-Time-1-1900x1069.jpg 1900w, https:\/\/www.charteranddreams.com\/wp-content\/uploads\/2025\/03\/On-Time-1.jpg 1920w\" sizes=\"(max-width: 800px) 100vw, 800px\" \/>\t\t\t\t\t\t\t\t<\/a>\n\t\t\t\t\t\t\t\t\t\t\t\t\t\t\t<\/div>\n\t\t\t\t<div class=\"elementor-element elementor-element-503962f elementor-widget elementor-widget-image\" data-id=\"503962f\" data-element_type=\"widget\" data-widget_type=\"image.default\">\n\t\t\t\t\t\t\t\t\t\t\t\t\t\t\t\t<a href=\"https:\/\/www.charteranddreams.com\/de\/yacht\/on-time-sanlorenzo\">\n\t\t\t\t\t\t\t<img decoding=\"async\" width=\"800\" height=\"533\" src=\"https:\/\/www.charteranddreams.com\/wp-content\/uploads\/2025\/02\/M_Y-ON-TIME_107-1550x1033.jpg\" class=\"attachment-large size-large wp-image-99399\" alt=\"\" srcset=\"https:\/\/www.charteranddreams.com\/wp-content\/uploads\/2025\/02\/M_Y-ON-TIME_107-1550x1033.jpg 1550w, https:\/\/www.charteranddreams.com\/wp-content\/uploads\/2025\/02\/M_Y-ON-TIME_107-992x661.jpg 992w, https:\/\/www.charteranddreams.com\/wp-content\/uploads\/2025\/02\/M_Y-ON-TIME_107-576x384.jpg 576w, https:\/\/www.charteranddreams.com\/wp-content\/uploads\/2025\/02\/M_Y-ON-TIME_107-768x512.jpg 768w, https:\/\/www.charteranddreams.com\/wp-content\/uploads\/2025\/02\/M_Y-ON-TIME_107-1536x1024.jpg 1536w, https:\/\/www.charteranddreams.com\/wp-content\/uploads\/2025\/02\/M_Y-ON-TIME_107-2048x1365.jpg 2048w, https:\/\/www.charteranddreams.com\/wp-content\/uploads\/2025\/02\/M_Y-ON-TIME_107-1900x1267.jpg 1900w\" sizes=\"(max-width: 800px) 100vw, 800px\" \/>\t\t\t\t\t\t\t\t<\/a>\n\t\t\t\t\t\t\t\t\t\t\t\t\t\t\t<\/div>\n\t\t\t\t<\/div>\n\t\t\t\t\t<\/div>\n\t\t\t\t<\/div>\n\t\t<div class=\"elementor-element elementor-element-a2a35f4 e-flex e-con-boxed e-con e-parent\" data-id=\"a2a35f4\" data-element_type=\"container\">\n\t\t\t\t\t<div class=\"e-con-inner\">\n\t\t\t\t<div class=\"elementor-element elementor-element-288ee54 elementor-widget-divider--view-line elementor-widget elementor-widget-divider\" data-id=\"288ee54\" data-element_type=\"widget\" data-widget_type=\"divider.default\">\n\t\t\t\t\t\t\t<div class=\"elementor-divider\">\n\t\t\t<span class=\"elementor-divider-separator\">\n\t\t\t\t\t\t<\/span>\n\t\t<\/div>\n\t\t\t\t\t\t<\/div>\n\t\t\t\t<div class=\"elementor-element elementor-element-44f0079 elementor-widget elementor-widget-text-editor\" data-id=\"44f0079\" data-element_type=\"widget\" data-widget_type=\"text-editor.default\">\n\t\t\t\t\t\t\t\t\t<h2 style=\"text-align: center\"><a href=\"https:\/\/www.charteranddreams.com\/en\/yacht\/la-morocha-ferretti-1000\">LA MOROCHA<\/a><\/h2><p class=\"\" style=\"text-align: center\"><span style=\"color: #808080\"><strong>Jahr\u00a0<\/strong>2024 |\u00a0<strong>Bootsl\u00e4nge\u00a0<\/strong>30.13 m |\u00a0<strong>Kabinen<\/strong>\u00a05 |\u00a0<strong>G\u00e4ste<\/strong> 10 | <strong>Charterpreise:\u00a0<\/strong>Aus \u20ac110,000\/Woche<\/span><\/p><p>Die beeindruckende LA MOROCHA, gebaut von der renommierten Werft\u00a0<strong>Ferretti<\/strong>, ist die perfekte Kombination aus \u00c4sthetik, Komfort und Exklusivit\u00e4t auf See. Mit modernster Technologie und anspruchsvollem Design bietet diese Yacht ein unvergleichliches Charter-Erlebnis.<\/p>\t\t\t\t\t\t\t\t<\/div>\n\t\t<div class=\"elementor-element elementor-element-d34d2f7 e-grid e-con-full e-con e-child\" data-id=\"d34d2f7\" data-element_type=\"container\">\n\t\t\t\t<div class=\"elementor-element elementor-element-56bbc78 elementor-widget elementor-widget-image\" data-id=\"56bbc78\" data-element_type=\"widget\" data-widget_type=\"image.default\">\n\t\t\t\t\t\t\t\t\t\t\t\t\t\t\t\t<a href=\"https:\/\/www.charteranddreams.com\/en\/yacht\/la-morocha-ferretti-1000\">\n\t\t\t\t\t\t\t<img decoding=\"async\" width=\"800\" height=\"599\" src=\"https:\/\/www.charteranddreams.com\/wp-content\/uploads\/2025\/03\/La-Morocha-Yacht-Charter-1-1550x1161.jpg\" class=\"attachment-large size-large wp-image-101300\" alt=\"\" srcset=\"https:\/\/www.charteranddreams.com\/wp-content\/uploads\/2025\/03\/La-Morocha-Yacht-Charter-1-1550x1161.jpg 1550w, https:\/\/www.charteranddreams.com\/wp-content\/uploads\/2025\/03\/La-Morocha-Yacht-Charter-1-992x743.jpg 992w, https:\/\/www.charteranddreams.com\/wp-content\/uploads\/2025\/03\/La-Morocha-Yacht-Charter-1-576x431.jpg 576w, https:\/\/www.charteranddreams.com\/wp-content\/uploads\/2025\/03\/La-Morocha-Yacht-Charter-1-768x575.jpg 768w, https:\/\/www.charteranddreams.com\/wp-content\/uploads\/2025\/03\/La-Morocha-Yacht-Charter-1-1536x1150.jpg 1536w, https:\/\/www.charteranddreams.com\/wp-content\/uploads\/2025\/03\/La-Morocha-Yacht-Charter-1-1900x1423.jpg 1900w, https:\/\/www.charteranddreams.com\/wp-content\/uploads\/2025\/03\/La-Morocha-Yacht-Charter-1.jpg 1920w\" sizes=\"(max-width: 800px) 100vw, 800px\" \/>\t\t\t\t\t\t\t\t<\/a>\n\t\t\t\t\t\t\t\t\t\t\t\t\t\t\t<\/div>\n\t\t\t\t<div class=\"elementor-element elementor-element-21cb094 elementor-widget elementor-widget-image\" data-id=\"21cb094\" data-element_type=\"widget\" data-widget_type=\"image.default\">\n\t\t\t\t\t\t\t\t\t\t\t\t\t\t\t\t<a href=\"https:\/\/www.charteranddreams.com\/en\/yacht\/la-morocha-ferretti-1000\">\n\t\t\t\t\t\t\t<img decoding=\"async\" width=\"800\" height=\"599\" src=\"https:\/\/www.charteranddreams.com\/wp-content\/uploads\/2025\/03\/La-Morocha-Flybridge-1550x1161.jpg\" class=\"attachment-large size-large wp-image-101306\" alt=\"\" srcset=\"https:\/\/www.charteranddreams.com\/wp-content\/uploads\/2025\/03\/La-Morocha-Flybridge-1550x1161.jpg 1550w, https:\/\/www.charteranddreams.com\/wp-content\/uploads\/2025\/03\/La-Morocha-Flybridge-992x743.jpg 992w, https:\/\/www.charteranddreams.com\/wp-content\/uploads\/2025\/03\/La-Morocha-Flybridge-576x431.jpg 576w, https:\/\/www.charteranddreams.com\/wp-content\/uploads\/2025\/03\/La-Morocha-Flybridge-768x575.jpg 768w, https:\/\/www.charteranddreams.com\/wp-content\/uploads\/2025\/03\/La-Morocha-Flybridge-1536x1150.jpg 1536w, https:\/\/www.charteranddreams.com\/wp-content\/uploads\/2025\/03\/La-Morocha-Flybridge-1900x1423.jpg 1900w, https:\/\/www.charteranddreams.com\/wp-content\/uploads\/2025\/03\/La-Morocha-Flybridge.jpg 1920w\" sizes=\"(max-width: 800px) 100vw, 800px\" \/>\t\t\t\t\t\t\t\t<\/a>\n\t\t\t\t\t\t\t\t\t\t\t\t\t\t\t<\/div>\n\t\t\t\t<\/div>\n\t\t\t\t\t<\/div>\n\t\t\t\t<\/div>\n\t\t<div class=\"elementor-element elementor-element-d0a5741 e-flex e-con-boxed e-con e-parent\" data-id=\"d0a5741\" data-element_type=\"container\">\n\t\t\t\t\t<div class=\"e-con-inner\">\n\t\t\t\t<div class=\"elementor-element elementor-element-5d2648e elementor-widget-divider--view-line elementor-widget elementor-widget-divider\" data-id=\"5d2648e\" data-element_type=\"widget\" data-widget_type=\"divider.default\">\n\t\t\t\t\t\t\t<div class=\"elementor-divider\">\n\t\t\t<span class=\"elementor-divider-separator\">\n\t\t\t\t\t\t<\/span>\n\t\t<\/div>\n\t\t\t\t\t\t<\/div>\n\t\t\t\t<div class=\"elementor-element elementor-element-7ffb41e elementor-widget elementor-widget-text-editor\" data-id=\"7ffb41e\" data-element_type=\"widget\" data-widget_type=\"text-editor.default\">\n\t\t\t\t\t\t\t\t\t<h2 style=\"text-align: center\"><a href=\"https:\/\/www.charteranddreams.com\/en\/yacht\/barracuda-iii-argo-90\/\">BARRACUDA III<\/a><\/h2><p class=\"\" style=\"text-align: center\"><span style=\"color: #808080\"><strong>Jahr\u00a0<\/strong>2024 |\u00a0<strong>Bootsl\u00e4nge\u00a0<\/strong>28,48 m |\u00a0<strong>Kabinen<\/strong>\u00a04 |\u00a0<strong>G\u00e4ste<\/strong> 8 | <strong>Charterpreise:\u00a0<\/strong>Aus \u20ac75,000\/Woche<\/span><\/p><p>Willkommen an Bord der BARRACUDA III, einer luxuri\u00f6sen Yacht der renommierten\u00a0<strong>Riva<\/strong>-Werft. Diese Halbgleit-Yacht mit GFK-Rumpf und gro\u00dfz\u00fcgigem Flybridge-Deck verbindet Stil, Komfort und herausragende Leistung \u2013 perfekt, um die spektakul\u00e4rsten Orte der Balearen zu entdecken.<\/p>\t\t\t\t\t\t\t\t<\/div>\n\t\t<div class=\"elementor-element elementor-element-f67771a e-grid e-con-full e-con e-child\" data-id=\"f67771a\" data-element_type=\"container\">\n\t\t\t\t<div class=\"elementor-element elementor-element-07d1251 elementor-widget elementor-widget-image\" data-id=\"07d1251\" data-element_type=\"widget\" data-widget_type=\"image.default\">\n\t\t\t\t\t\t\t\t\t\t\t\t\t\t\t\t<a href=\"https:\/\/www.charteranddreams.com\/en\/yacht\/barracuda-iii-argo-90\/\">\n\t\t\t\t\t\t\t<img decoding=\"async\" width=\"800\" height=\"539\" src=\"https:\/\/www.charteranddreams.com\/wp-content\/uploads\/2024\/11\/Barracuda-III_03-1550x1044.jpg\" class=\"attachment-large size-large wp-image-94226\" alt=\"\" srcset=\"https:\/\/www.charteranddreams.com\/wp-content\/uploads\/2024\/11\/Barracuda-III_03-1550x1044.jpg 1550w, https:\/\/www.charteranddreams.com\/wp-content\/uploads\/2024\/11\/Barracuda-III_03-992x668.jpg 992w, https:\/\/www.charteranddreams.com\/wp-content\/uploads\/2024\/11\/Barracuda-III_03-576x388.jpg 576w, https:\/\/www.charteranddreams.com\/wp-content\/uploads\/2024\/11\/Barracuda-III_03-768x517.jpg 768w, https:\/\/www.charteranddreams.com\/wp-content\/uploads\/2024\/11\/Barracuda-III_03-1536x1035.jpg 1536w, https:\/\/www.charteranddreams.com\/wp-content\/uploads\/2024\/11\/Barracuda-III_03-2048x1379.jpg 2048w, https:\/\/www.charteranddreams.com\/wp-content\/uploads\/2024\/11\/Barracuda-III_03-1900x1280.jpg 1900w\" sizes=\"(max-width: 800px) 100vw, 800px\" \/>\t\t\t\t\t\t\t\t<\/a>\n\t\t\t\t\t\t\t\t\t\t\t\t\t\t\t<\/div>\n\t\t\t\t<div class=\"elementor-element elementor-element-4d74a97 elementor-widget elementor-widget-image\" data-id=\"4d74a97\" data-element_type=\"widget\" data-widget_type=\"image.default\">\n\t\t\t\t\t\t\t\t\t\t\t\t\t\t\t\t<a href=\"https:\/\/www.charteranddreams.com\/en\/yacht\/barracuda-iii-argo-90\/\">\n\t\t\t\t\t\t\t<img decoding=\"async\" width=\"800\" height=\"534\" src=\"https:\/\/www.charteranddreams.com\/wp-content\/uploads\/2024\/11\/Barracuda-III_39-1550x1034.jpg\" class=\"attachment-large size-large wp-image-94250\" alt=\"\" srcset=\"https:\/\/www.charteranddreams.com\/wp-content\/uploads\/2024\/11\/Barracuda-III_39-1550x1034.jpg 1550w, https:\/\/www.charteranddreams.com\/wp-content\/uploads\/2024\/11\/Barracuda-III_39-992x662.jpg 992w, https:\/\/www.charteranddreams.com\/wp-content\/uploads\/2024\/11\/Barracuda-III_39-576x384.jpg 576w, https:\/\/www.charteranddreams.com\/wp-content\/uploads\/2024\/11\/Barracuda-III_39-768x512.jpg 768w, https:\/\/www.charteranddreams.com\/wp-content\/uploads\/2024\/11\/Barracuda-III_39-1536x1024.jpg 1536w, https:\/\/www.charteranddreams.com\/wp-content\/uploads\/2024\/11\/Barracuda-III_39-2048x1366.jpg 2048w, https:\/\/www.charteranddreams.com\/wp-content\/uploads\/2024\/11\/Barracuda-III_39-1900x1267.jpg 1900w\" sizes=\"(max-width: 800px) 100vw, 800px\" \/>\t\t\t\t\t\t\t\t<\/a>\n\t\t\t\t\t\t\t\t\t\t\t\t\t\t\t<\/div>\n\t\t\t\t<\/div>\n\t\t\t\t\t<\/div>\n\t\t\t\t<\/div>\n\t\t<div class=\"elementor-element elementor-element-39849de e-flex e-con-boxed e-con e-parent\" data-id=\"39849de\" data-element_type=\"container\">\n\t\t\t\t\t<div class=\"e-con-inner\">\n\t\t\t\t<div class=\"elementor-element elementor-element-5779d3d elementor-widget-divider--view-line elementor-widget elementor-widget-divider\" data-id=\"5779d3d\" data-element_type=\"widget\" data-widget_type=\"divider.default\">\n\t\t\t\t\t\t\t<div class=\"elementor-divider\">\n\t\t\t<span class=\"elementor-divider-separator\">\n\t\t\t\t\t\t<\/span>\n\t\t<\/div>\n\t\t\t\t\t\t<\/div>\n\t\t\t\t<div class=\"elementor-element elementor-element-6d37940 elementor-widget elementor-widget-text-editor\" data-id=\"6d37940\" data-element_type=\"widget\" data-widget_type=\"text-editor.default\">\n\t\t\t\t\t\t\t\t\t<h2 style=\"text-align: center\">AMITATU<\/h2><p class=\"\" style=\"text-align: center\"><span style=\"color: #808080\"><strong>Jahr\u00a0<\/strong>2024 |\u00a0<strong>Bootsl\u00e4nge\u00a0<\/strong>23.96 m |\u00a0<strong>Kabinen<\/strong>\u00a04 |\u00a0<strong>G\u00e4ste<\/strong> 8 | <strong>Charterpreise:\u00a0<\/strong>Aus \u20ac85,000\/Woche<\/span><\/p><p>Diese spektakul\u00e4re, neu gebaute\u00a0<strong>Sunreef<\/strong>-Katamaran besticht durch ein elegantes Au\u00dfendesign und ein warmes, stilvolles Interieur. Panoramafenster fluten den Hauptsalon mit Tageslicht und schaffen eine ruhige, einladende Atmosph\u00e4re. Erleben Sie die Gelassenheit des Mittelmeers an Bord der AMITATU.<\/p>\t\t\t\t\t\t\t\t<\/div>\n\t\t<div class=\"elementor-element elementor-element-d2038fd e-grid e-con-full e-con e-child\" data-id=\"d2038fd\" data-element_type=\"container\">\n\t\t\t\t<div class=\"elementor-element elementor-element-7bfc538 elementor-widget elementor-widget-image\" data-id=\"7bfc538\" data-element_type=\"widget\" data-widget_type=\"image.default\">\n\t\t\t\t\t\t\t\t\t\t\t\t\t\t\t<img decoding=\"async\" width=\"800\" height=\"450\" src=\"https:\/\/www.charteranddreams.com\/wp-content\/uploads\/2025\/03\/Amitatu-1-1550x872.jpg\" class=\"attachment-large size-large wp-image-102122\" alt=\"\" srcset=\"https:\/\/www.charteranddreams.com\/wp-content\/uploads\/2025\/03\/Amitatu-1-1550x872.jpg 1550w, https:\/\/www.charteranddreams.com\/wp-content\/uploads\/2025\/03\/Amitatu-1-992x558.jpg 992w, https:\/\/www.charteranddreams.com\/wp-content\/uploads\/2025\/03\/Amitatu-1-576x324.jpg 576w, https:\/\/www.charteranddreams.com\/wp-content\/uploads\/2025\/03\/Amitatu-1-768x432.jpg 768w, https:\/\/www.charteranddreams.com\/wp-content\/uploads\/2025\/03\/Amitatu-1-1536x864.jpg 1536w, https:\/\/www.charteranddreams.com\/wp-content\/uploads\/2025\/03\/Amitatu-1-1900x1069.jpg 1900w, https:\/\/www.charteranddreams.com\/wp-content\/uploads\/2025\/03\/Amitatu-1.jpg 1920w\" sizes=\"(max-width: 800px) 100vw, 800px\" \/>\t\t\t\t\t\t\t\t\t\t\t\t\t\t\t<\/div>\n\t\t\t\t<div class=\"elementor-element elementor-element-af8dee0 elementor-widget elementor-widget-image\" data-id=\"af8dee0\" data-element_type=\"widget\" data-widget_type=\"image.default\">\n\t\t\t\t\t\t\t\t\t\t\t\t\t\t\t<img decoding=\"async\" width=\"800\" height=\"450\" src=\"https:\/\/www.charteranddreams.com\/wp-content\/uploads\/2025\/03\/Amitatu-2-1550x872.jpg\" class=\"attachment-large size-large wp-image-102125\" alt=\"\" srcset=\"https:\/\/www.charteranddreams.com\/wp-content\/uploads\/2025\/03\/Amitatu-2-1550x872.jpg 1550w, https:\/\/www.charteranddreams.com\/wp-content\/uploads\/2025\/03\/Amitatu-2-992x558.jpg 992w, https:\/\/www.charteranddreams.com\/wp-content\/uploads\/2025\/03\/Amitatu-2-576x324.jpg 576w, https:\/\/www.charteranddreams.com\/wp-content\/uploads\/2025\/03\/Amitatu-2-768x432.jpg 768w, https:\/\/www.charteranddreams.com\/wp-content\/uploads\/2025\/03\/Amitatu-2-1536x864.jpg 1536w, https:\/\/www.charteranddreams.com\/wp-content\/uploads\/2025\/03\/Amitatu-2-1900x1069.jpg 1900w, https:\/\/www.charteranddreams.com\/wp-content\/uploads\/2025\/03\/Amitatu-2.jpg 1920w\" sizes=\"(max-width: 800px) 100vw, 800px\" \/>\t\t\t\t\t\t\t\t\t\t\t\t\t\t\t<\/div>\n\t\t\t\t<\/div>\n\t\t\t\t\t<\/div>\n\t\t\t\t<\/div>\n\t\t<div class=\"elementor-element elementor-element-84d2617 e-flex e-con-boxed e-con e-parent\" data-id=\"84d2617\" data-element_type=\"container\">\n\t\t\t\t\t<div class=\"e-con-inner\">\n\t\t\t\t<div class=\"elementor-element elementor-element-6fb2fcf elementor-widget-divider--view-line elementor-widget elementor-widget-divider\" data-id=\"6fb2fcf\" data-element_type=\"widget\" data-widget_type=\"divider.default\">\n\t\t\t\t\t\t\t<div class=\"elementor-divider\">\n\t\t\t<span class=\"elementor-divider-separator\">\n\t\t\t\t\t\t<\/span>\n\t\t<\/div>\n\t\t\t\t\t\t<\/div>\n\t\t\t\t<div class=\"elementor-element elementor-element-e73aba1 elementor-widget elementor-widget-text-editor\" data-id=\"e73aba1\" data-element_type=\"widget\" data-widget_type=\"text-editor.default\">\n\t\t\t\t\t\t\t\t\t<h2 style=\"text-align: center\">ERA<\/h2><p class=\"\" style=\"text-align: center\"><span style=\"color: #808080\"><strong>Jahr\u00a0<\/strong>2024 |\u00a0<strong>Bootsl\u00e4nge\u00a0<\/strong>20.50 m |\u00a0<strong>Kabinen<\/strong>\u00a04 |\u00a0<strong>G\u00e4ste<\/strong> 8 | <strong>Charterpreise:\u00a0<\/strong>Aus \u20ac38,000\/Woche<\/span><\/p><p>Der von\u00a0<strong>Fountaine Pajot\u00a0<\/strong>entworfene Katamaran ERA bietet gro\u00dfz\u00fcgige Au\u00dfenbereiche \u2013 ideal zum Sonnenbaden, Entspannen im Jacuzzi oder f\u00fcr ein unvergessliches Dinner unter dem Sternenhimmel. Erkunden Sie Ibiza und Formentera an Bord dieser au\u00dfergew\u00f6hnlichen Yacht, die Stabilit\u00e4t, Entertainment und Luxus perfekt vereint.<\/p>\t\t\t\t\t\t\t\t<\/div>\n\t\t<div class=\"elementor-element elementor-element-ae74ca4 e-grid e-con-full e-con e-child\" data-id=\"ae74ca4\" data-element_type=\"container\">\n\t\t\t\t<div class=\"elementor-element elementor-element-cad6e10 elementor-widget elementor-widget-image\" data-id=\"cad6e10\" data-element_type=\"widget\" data-widget_type=\"image.default\">\n\t\t\t\t\t\t\t\t\t\t\t\t\t\t\t<img decoding=\"async\" width=\"800\" height=\"450\" src=\"https:\/\/www.charteranddreams.com\/wp-content\/uploads\/2025\/03\/Era-1-1550x872.jpg\" class=\"attachment-large size-large wp-image-102128\" alt=\"\" srcset=\"https:\/\/www.charteranddreams.com\/wp-content\/uploads\/2025\/03\/Era-1-1550x872.jpg 1550w, https:\/\/www.charteranddreams.com\/wp-content\/uploads\/2025\/03\/Era-1-992x558.jpg 992w, https:\/\/www.charteranddreams.com\/wp-content\/uploads\/2025\/03\/Era-1-576x324.jpg 576w, https:\/\/www.charteranddreams.com\/wp-content\/uploads\/2025\/03\/Era-1-768x432.jpg 768w, https:\/\/www.charteranddreams.com\/wp-content\/uploads\/2025\/03\/Era-1-1536x864.jpg 1536w, https:\/\/www.charteranddreams.com\/wp-content\/uploads\/2025\/03\/Era-1-1900x1069.jpg 1900w, https:\/\/www.charteranddreams.com\/wp-content\/uploads\/2025\/03\/Era-1.jpg 1920w\" sizes=\"(max-width: 800px) 100vw, 800px\" \/>\t\t\t\t\t\t\t\t\t\t\t\t\t\t\t<\/div>\n\t\t\t\t<div class=\"elementor-element elementor-element-4c68f25 elementor-widget elementor-widget-image\" data-id=\"4c68f25\" data-element_type=\"widget\" data-widget_type=\"image.default\">\n\t\t\t\t\t\t\t\t\t\t\t\t\t\t\t<img decoding=\"async\" width=\"800\" height=\"450\" src=\"https:\/\/www.charteranddreams.com\/wp-content\/uploads\/2025\/03\/Era-2-1550x872.jpg\" class=\"attachment-large size-large wp-image-102131\" alt=\"\" srcset=\"https:\/\/www.charteranddreams.com\/wp-content\/uploads\/2025\/03\/Era-2-1550x872.jpg 1550w, https:\/\/www.charteranddreams.com\/wp-content\/uploads\/2025\/03\/Era-2-992x558.jpg 992w, https:\/\/www.charteranddreams.com\/wp-content\/uploads\/2025\/03\/Era-2-576x324.jpg 576w, https:\/\/www.charteranddreams.com\/wp-content\/uploads\/2025\/03\/Era-2-768x432.jpg 768w, https:\/\/www.charteranddreams.com\/wp-content\/uploads\/2025\/03\/Era-2-1536x864.jpg 1536w, https:\/\/www.charteranddreams.com\/wp-content\/uploads\/2025\/03\/Era-2-1900x1069.jpg 1900w, https:\/\/www.charteranddreams.com\/wp-content\/uploads\/2025\/03\/Era-2.jpg 1920w\" sizes=\"(max-width: 800px) 100vw, 800px\" \/>\t\t\t\t\t\t\t\t\t\t\t\t\t\t\t<\/div>\n\t\t\t\t<\/div>\n\t\t\t\t\t<\/div>\n\t\t\t\t<\/div>\n\t\t<div class=\"elementor-element elementor-element-fc00bf0 e-flex e-con-boxed e-con e-parent\" data-id=\"fc00bf0\" data-element_type=\"container\">\n\t\t\t\t\t<div class=\"e-con-inner\">\n\t\t\t\t<div class=\"elementor-element elementor-element-6a89cfa elementor-widget elementor-widget-heading\" data-id=\"6a89cfa\" data-element_type=\"widget\" data-widget_type=\"heading.default\">\n\t\t\t\t\t<h2 class=\"elementor-heading-title elementor-size-default\">5 neue Restaurants auf Ibiza &amp; Formentera<\/h2>\t\t\t\t<\/div>\n\t\t\t\t\t<\/div>\n\t\t\t\t<\/div>\n\t\t<div class=\"elementor-element elementor-element-a11f5d1 e-grid e-con-boxed e-con e-parent\" data-id=\"a11f5d1\" data-element_type=\"container\" data-settings=\"{&quot;background_background&quot;:&quot;classic&quot;}\">\n\t\t\t\t\t<div class=\"e-con-inner\">\n\t\t\t\t<div class=\"elementor-element elementor-element-3ca3656 elementor-widget elementor-widget-image\" data-id=\"3ca3656\" data-element_type=\"widget\" data-widget_type=\"image.default\">\n\t\t\t\t\t\t\t\t\t\t\t\t\t\t\t<img decoding=\"async\" width=\"800\" height=\"460\" src=\"https:\/\/www.charteranddreams.com\/wp-content\/uploads\/2025\/03\/Es-fumeral.jpg\" class=\"attachment-large size-large wp-image-102146\" alt=\"\" srcset=\"https:\/\/www.charteranddreams.com\/wp-content\/uploads\/2025\/03\/Es-fumeral.jpg 1277w, https:\/\/www.charteranddreams.com\/wp-content\/uploads\/2025\/03\/Es-fumeral-992x570.jpg 992w, https:\/\/www.charteranddreams.com\/wp-content\/uploads\/2025\/03\/Es-fumeral-576x331.jpg 576w, https:\/\/www.charteranddreams.com\/wp-content\/uploads\/2025\/03\/Es-fumeral-768x441.jpg 768w\" sizes=\"(max-width: 800px) 100vw, 800px\" \/>\t\t\t\t\t\t\t\t\t\t\t\t\t\t\t<\/div>\n\t\t\t\t<div class=\"elementor-element elementor-element-1878eff elementor-widget elementor-widget-text-editor\" data-id=\"1878eff\" data-element_type=\"widget\" data-widget_type=\"text-editor.default\">\n\t\t\t\t\t\t\t\t\t<h3>Es Fumeral &#8211; Ibiza<\/h3><p>Das neueste Projekt des Casa Jondal-Chefs, wo Feuer und erlesene lokale Zutaten zu einem einzigartigen kulinarischen Erlebnis verschmelzen.<\/p>\t\t\t\t\t\t\t\t<\/div>\n\t\t\t\t\t<\/div>\n\t\t\t\t<\/div>\n\t\t<div class=\"elementor-element elementor-element-32ee110 e-grid e-con-boxed e-con e-parent\" data-id=\"32ee110\" data-element_type=\"container\" data-settings=\"{&quot;background_background&quot;:&quot;classic&quot;}\">\n\t\t\t\t\t<div class=\"e-con-inner\">\n\t\t\t\t<div class=\"elementor-element elementor-element-1a286e4 elementor-widget elementor-widget-image\" data-id=\"1a286e4\" data-element_type=\"widget\" data-widget_type=\"image.default\">\n\t\t\t\t\t\t\t\t\t\t\t\t\t\t\t<img decoding=\"async\" width=\"1277\" height=\"734\" src=\"https:\/\/www.charteranddreams.com\/wp-content\/uploads\/2025\/03\/Hells-kitchen-1.jpg\" class=\"attachment-full size-full wp-image-102149\" alt=\"\" srcset=\"https:\/\/www.charteranddreams.com\/wp-content\/uploads\/2025\/03\/Hells-kitchen-1.jpg 1277w, https:\/\/www.charteranddreams.com\/wp-content\/uploads\/2025\/03\/Hells-kitchen-1-992x570.jpg 992w, https:\/\/www.charteranddreams.com\/wp-content\/uploads\/2025\/03\/Hells-kitchen-1-576x331.jpg 576w, https:\/\/www.charteranddreams.com\/wp-content\/uploads\/2025\/03\/Hells-kitchen-1-768x441.jpg 768w\" sizes=\"(max-width: 1277px) 100vw, 1277px\" \/>\t\t\t\t\t\t\t\t\t\t\t\t\t\t\t<\/div>\n\t\t\t\t<div class=\"elementor-element elementor-element-0d02457 elementor-widget elementor-widget-text-editor\" data-id=\"0d02457\" data-element_type=\"widget\" data-widget_type=\"text-editor.default\">\n\t\t\t\t\t\t\t\t\t<h3>Hell\u2019s Kitchen &#8211; Ibiza<\/h3><p>Gelegen im The Unexpected Ibiza Hotel in Playa d\u2019en Bossa, bietet dieses Restaurant exquisite K\u00fcche mit dramatischem Flair \u2013 gepr\u00e4gt von der unverkennbaren Handschrift von Gordon Ramsay.<\/p>\t\t\t\t\t\t\t\t<\/div>\n\t\t\t\t\t<\/div>\n\t\t\t\t<\/div>\n\t\t<div class=\"elementor-element elementor-element-cf84031 e-grid e-con-boxed e-con e-parent\" data-id=\"cf84031\" data-element_type=\"container\" data-settings=\"{&quot;background_background&quot;:&quot;classic&quot;}\">\n\t\t\t\t\t<div class=\"e-con-inner\">\n\t\t\t\t<div class=\"elementor-element elementor-element-555c2eb elementor-widget elementor-widget-image\" data-id=\"555c2eb\" data-element_type=\"widget\" data-widget_type=\"image.default\">\n\t\t\t\t\t\t\t\t\t\t\t\t\t\t\t<img decoding=\"async\" width=\"1277\" height=\"734\" src=\"https:\/\/www.charteranddreams.com\/wp-content\/uploads\/2025\/03\/amalur2.jpg\" class=\"attachment-full size-full wp-image-102134\" alt=\"\" srcset=\"https:\/\/www.charteranddreams.com\/wp-content\/uploads\/2025\/03\/amalur2.jpg 1277w, https:\/\/www.charteranddreams.com\/wp-content\/uploads\/2025\/03\/amalur2-992x570.jpg 992w, https:\/\/www.charteranddreams.com\/wp-content\/uploads\/2025\/03\/amalur2-576x331.jpg 576w, https:\/\/www.charteranddreams.com\/wp-content\/uploads\/2025\/03\/amalur2-768x441.jpg 768w\" sizes=\"(max-width: 1277px) 100vw, 1277px\" \/>\t\t\t\t\t\t\t\t\t\t\t\t\t\t\t<\/div>\n\t\t\t\t<div class=\"elementor-element elementor-element-d155609 elementor-widget elementor-widget-text-editor\" data-id=\"d155609\" data-element_type=\"widget\" data-widget_type=\"text-editor.default\">\n\t\t\t\t\t\t\t\t\t<h3>Amalurino &#8211; Ibiza<\/h3><p>Die intimere und entspanntere Version des legend\u00e4ren Amalur, das weiterhin kulinarische Exzellenz in einem raffinierten Ambiente bietet.<\/p>\t\t\t\t\t\t\t\t<\/div>\n\t\t\t\t\t<\/div>\n\t\t\t\t<\/div>\n\t\t<div class=\"elementor-element elementor-element-8acf118 e-grid e-con-boxed e-con e-parent\" data-id=\"8acf118\" data-element_type=\"container\" data-settings=\"{&quot;background_background&quot;:&quot;classic&quot;}\">\n\t\t\t\t\t<div class=\"e-con-inner\">\n\t\t\t\t<div class=\"elementor-element elementor-element-891db13 elementor-widget elementor-widget-image\" data-id=\"891db13\" data-element_type=\"widget\" data-widget_type=\"image.default\">\n\t\t\t\t\t\t\t\t\t\t\t\t\t\t\t<img decoding=\"async\" width=\"1277\" height=\"734\" src=\"https:\/\/www.charteranddreams.com\/wp-content\/uploads\/2025\/03\/Clap-House.jpg\" class=\"attachment-full size-full wp-image-102143\" alt=\"\" srcset=\"https:\/\/www.charteranddreams.com\/wp-content\/uploads\/2025\/03\/Clap-House.jpg 1277w, https:\/\/www.charteranddreams.com\/wp-content\/uploads\/2025\/03\/Clap-House-992x570.jpg 992w, https:\/\/www.charteranddreams.com\/wp-content\/uploads\/2025\/03\/Clap-House-576x331.jpg 576w, https:\/\/www.charteranddreams.com\/wp-content\/uploads\/2025\/03\/Clap-House-768x441.jpg 768w\" sizes=\"(max-width: 1277px) 100vw, 1277px\" \/>\t\t\t\t\t\t\t\t\t\t\t\t\t\t\t<\/div>\n\t\t\t\t<div class=\"elementor-element elementor-element-ec3835d elementor-widget elementor-widget-text-editor\" data-id=\"ec3835d\" data-element_type=\"widget\" data-widget_type=\"text-editor.default\">\n\t\t\t\t\t\t\t\t\t<h2>Clap House &#8211; Ibiza<\/h2><p>Ein innovatives Konzept, das Haute Cuisine, mitrei\u00dfende Musik und eine kosmopolitische Atmosph\u00e4re verbindet \u2013 der wahre Ibiza-Spirit.<\/p>\t\t\t\t\t\t\t\t<\/div>\n\t\t\t\t\t<\/div>\n\t\t\t\t<\/div>\n\t\t<div class=\"elementor-element elementor-element-297bf40 e-grid e-con-boxed e-con e-parent\" data-id=\"297bf40\" data-element_type=\"container\" data-settings=\"{&quot;background_background&quot;:&quot;classic&quot;}\">\n\t\t\t\t\t<div class=\"e-con-inner\">\n\t\t\t\t<div class=\"elementor-element elementor-element-a52a93d elementor-widget elementor-widget-image\" data-id=\"a52a93d\" data-element_type=\"widget\" data-widget_type=\"image.default\">\n\t\t\t\t\t\t\t\t\t\t\t\t\t\t\t<img decoding=\"async\" width=\"1277\" height=\"734\" src=\"https:\/\/www.charteranddreams.com\/wp-content\/uploads\/2025\/03\/cala-duo.jpg\" class=\"attachment-full size-full wp-image-102137\" alt=\"\" srcset=\"https:\/\/www.charteranddreams.com\/wp-content\/uploads\/2025\/03\/cala-duo.jpg 1277w, https:\/\/www.charteranddreams.com\/wp-content\/uploads\/2025\/03\/cala-duo-992x570.jpg 992w, https:\/\/www.charteranddreams.com\/wp-content\/uploads\/2025\/03\/cala-duo-576x331.jpg 576w, https:\/\/www.charteranddreams.com\/wp-content\/uploads\/2025\/03\/cala-duo-768x441.jpg 768w\" sizes=\"(max-width: 1277px) 100vw, 1277px\" \/>\t\t\t\t\t\t\t\t\t\t\t\t\t\t\t<\/div>\n\t\t\t\t<div class=\"elementor-element elementor-element-8061fc1 elementor-widget elementor-widget-text-editor\" data-id=\"8061fc1\" data-element_type=\"widget\" data-widget_type=\"text-editor.default\">\n\t\t\t\t\t\t\t\t\t<h3>Cala Duo &#8211; Formentera<\/h3><p>Ein exklusiver R\u00fcckzugsort direkt am Meer, wo mediterrane Spitzenk\u00fcche auf atemberaubende Panoramablicke trifft.<\/p>\t\t\t\t\t\t\t\t<\/div>\n\t\t\t\t\t<\/div>\n\t\t\t\t<\/div>\n\t\t<div class=\"elementor-element elementor-element-bb824d8 e-flex e-con-boxed e-con e-parent\" data-id=\"bb824d8\" data-element_type=\"container\">\n\t\t\t\t\t<div class=\"e-con-inner\">\n\t\t\t\t<div class=\"elementor-element elementor-element-de7a0cb elementor-widget elementor-widget-spacer\" data-id=\"de7a0cb\" data-element_type=\"widget\" data-widget_type=\"spacer.default\">\n\t\t\t\t\t\t\t<div class=\"elementor-spacer\">\n\t\t\t<div class=\"elementor-spacer-inner\"><\/div>\n\t\t<\/div>\n\t\t\t\t\t\t<\/div>\n\t\t\t\t\t<\/div>\n\t\t\t\t<\/div>\n\t\t<div class=\"elementor-element elementor-element-1baaeaca e-flex e-con-boxed e-con e-parent\" data-id=\"1baaeaca\" data-element_type=\"container\">\n\t\t\t\t\t<div class=\"e-con-inner\">\n\t\t<div class=\"elementor-element elementor-element-724075a6 e-con-full e-flex e-con e-child\" data-id=\"724075a6\" data-element_type=\"container\">\n\t\t\t\t<div class=\"elementor-element elementor-element-585205c2 elementor-align-center elementor-widget elementor-widget-button\" data-id=\"585205c2\" data-element_type=\"widget\" data-widget_type=\"button.default\">\n\t\t\t\t\t\t\t\t\t\t<a class=\"elementor-button elementor-button-link elementor-size-sm\" href=\"#joinchat\">\n\t\t\t\t\t\t<span class=\"elementor-button-content-wrapper\">\n\t\t\t\t\t\t\t\t\t<span class=\"elementor-button-text\">Kontakt \u00fcber WhatsApp<\/span>\n\t\t\t\t\t<\/span>\n\t\t\t\t\t<\/a>\n\t\t\t\t\t\t\t\t<\/div>\n\t\t\t\t<\/div>\n\t\t<div class=\"elementor-element elementor-element-7fbff1d2 e-con-full e-flex e-con e-child\" data-id=\"7fbff1d2\" data-element_type=\"container\">\n\t\t\t\t<div class=\"elementor-element elementor-element-1d775980 elementor-align-center elementor-widget elementor-widget-button\" data-id=\"1d775980\" data-element_type=\"widget\" data-widget_type=\"button.default\">\n\t\t\t\t\t\t\t\t\t\t<a class=\"elementor-button elementor-button-link elementor-size-sm\" href=\"https:\/\/www.charteranddreams.com\/de\/contact\/\">\n\t\t\t\t\t\t<span class=\"elementor-button-content-wrapper\">\n\t\t\t\t\t\t\t\t\t<span class=\"elementor-button-text\">Kontakt per E-Mail<\/span>\n\t\t\t\t\t<\/span>\n\t\t\t\t\t<\/a>\n\t\t\t\t\t\t\t\t<\/div>\n\t\t\t\t<\/div>\n\t\t\t\t\t<\/div>\n\t\t\t\t<\/div>\n\t\t\t\t<\/div>\n\t\t","protected":false},"excerpt":{"rendered":"<p>IBIZA: Das Beste aus Luxus, Yachten &amp; Gastronomie Diese Saison laden wir Sie ein, die f\u00fcnf neuesten Yachten auf den Balearen zu entdecken \u2013 perfekt f\u00fcr anspruchsvolle G\u00e4ste, die eine makellose Erfahrung von Anfang bis Ende suchen. An Land erwarten Sie die f\u00fcnf neuesten Gourmet-Restaurants in Ibiza und Formentera, wo Privatsph\u00e4re und Exklusivit\u00e4t garantiert sind. [&hellip;]<\/p>\n","protected":false},"author":23,"featured_media":102118,"comment_status":"closed","ping_status":"closed","sticky":false,"template":"","format":"standard","meta":{"_acf_changed":false,"_joinchat":[],"footnotes":""},"categories":[2],"tags":[],"class_list":["post-102115","post","type-post","status-publish","format-standard","has-post-thumbnail","hentry","category-news-and-inspiration"],"acf":[],"_links":{"self":[{"href":"https:\/\/www.charteranddreams.com\/de\/wp-json\/wp\/v2\/posts\/102115","targetHints":{"allow":["GET"]}}],"collection":[{"href":"https:\/\/www.charteranddreams.com\/de\/wp-json\/wp\/v2\/posts"}],"about":[{"href":"https:\/\/www.charteranddreams.com\/de\/wp-json\/wp\/v2\/types\/post"}],"author":[{"embeddable":true,"href":"https:\/\/www.charteranddreams.com\/de\/wp-json\/wp\/v2\/users\/23"}],"replies":[{"embeddable":true,"href":"https:\/\/www.charteranddreams.com\/de\/wp-json\/wp\/v2\/comments?post=102115"}],"version-history":[{"count":15,"href":"https:\/\/www.charteranddreams.com\/de\/wp-json\/wp\/v2\/posts\/102115\/revisions"}],"predecessor-version":[{"id":107945,"href":"https:\/\/www.charteranddreams.com\/de\/wp-json\/wp\/v2\/posts\/102115\/revisions\/107945"}],"wp:featuredmedia":[{"embeddable":true,"href":"https:\/\/www.charteranddreams.com\/de\/wp-json\/wp\/v2\/media\/102118"}],"wp:attachment":[{"href":"https:\/\/www.charteranddreams.com\/de\/wp-json\/wp\/v2\/media?parent=102115"}],"wp:term":[{"taxonomy":"category","embeddable":true,"href":"https:\/\/www.charteranddreams.com\/de\/wp-json\/wp\/v2\/categories?post=102115"},{"taxonomy":"post_tag","embeddable":true,"href":"https:\/\/www.charteranddreams.com\/de\/wp-json\/wp\/v2\/tags?post=102115"}],"curies":[{"name":"wp","href":"https:\/\/api.w.org\/{rel}","templated":true}]}}